{"id":15012,"date":"2025-11-26T11:47:52","date_gmt":"2025-11-26T10:47:52","guid":{"rendered":"https:\/\/zsp1chojna.pl\/?p=15012"},"modified":"2026-03-02T14:51:03","modified_gmt":"2026-03-02T13:51:03","slug":"zajecia-praktyczne-opw-w-5-pulku-inzynieryjnym-w-szczecinie-16","status":"publish","type":"post","link":"https:\/\/zsp1chojna.pl\/?p=15012","title":{"rendered":"Zaj\u0119cia praktyczne OPW w 5. Pu\u0142ku In\u017cynieryjnym w Szczecinie"},"content":{"rendered":"\n<p class=\"has-text-align-justify has-text-align-justify\">26 listopada 2025 r., kadeci klasy 2c oraz 3c Oddzia\u0142u Przygotowania Wojskowego, brali udzia\u0142 w zaj\u0119ciach praktycznych, kt\u00f3re realizowane by\u0142y w 5. Pu\u0142ku In\u017cynieryjnym w&nbsp; Szczecinie Podjuchach.<\/p>\n\n\n<div class=\"wp-block-image\">\n<figure class=\"aligncenter size-large is-resized\"><img loading=\"lazy\" decoding=\"async\" width=\"1024\" height=\"598\" data-attachment-id=\"15013\" data-permalink=\"https:\/\/zsp1chojna.pl\/?attachment_id=15013\" data-orig-file=\"https:\/\/zsp1chojna.pl\/wp-content\/uploads\/2026\/01\/image001-1.jpg\" data-orig-size=\"1213,708\" data-comments-opened=\"1\" data-image-meta=\"{&quot;aperture&quot;:&quot;0&quot;,&quot;credit&quot;:&quot;&quot;,&quot;camera&quot;:&quot;&quot;,&quot;caption&quot;:&quot;&quot;,&quot;created_timestamp&quot;:&quot;0&quot;,&quot;copyright&quot;:&quot;&quot;,&quot;focal_length&quot;:&quot;0&quot;,&quot;iso&quot;:&quot;0&quot;,&quot;shutter_speed&quot;:&quot;0&quot;,&quot;title&quot;:&quot;&quot;,&quot;orientation&quot;:&quot;0&quot;}\" data-image-title=\"image001\" data-image-description=\"\" data-image-caption=\"\" data-medium-file=\"https:\/\/zsp1chojna.pl\/wp-content\/uploads\/2026\/01\/image001-1-300x175.jpg\" data-large-file=\"https:\/\/zsp1chojna.pl\/wp-content\/uploads\/2026\/01\/image001-1-1024x598.jpg\" src=\"https:\/\/zsp1chojna.pl\/wp-content\/uploads\/2026\/01\/image001-1-1024x598.jpg\" alt=\"\" class=\"wp-image-15013\" style=\"width:670px;height:auto\" srcset=\"https:\/\/zsp1chojna.pl\/wp-content\/uploads\/2026\/01\/image001-1-1024x598.jpg 1024w, https:\/\/zsp1chojna.pl\/wp-content\/uploads\/2026\/01\/image001-1-300x175.jpg 300w, https:\/\/zsp1chojna.pl\/wp-content\/uploads\/2026\/01\/image001-1-768x448.jpg 768w, https:\/\/zsp1chojna.pl\/wp-content\/uploads\/2026\/01\/image001-1-947x553.jpg 947w, https:\/\/zsp1chojna.pl\/wp-content\/uploads\/2026\/01\/image001-1-624x364.jpg 624w, https:\/\/zsp1chojna.pl\/wp-content\/uploads\/2026\/01\/image001-1.jpg 1213w\" sizes=\"auto, (max-width: 1024px) 100vw, 1024px\" \/><\/figure>\n<\/div>\n\n\n<p class=\"has-text-align-justify has-text-align-justify\">Kadeci klasy drugiej realizowali zaj\u0119cia ze szkolenia strzeleckiego, takie jak \u0142\u0105czne czynno\u015bci przygotowawcze do strzelania, w trakcie kt\u00f3rych doskonalili umiej\u0119tno\u015bci z&nbsp; zakresu czynno\u015bci wchodz\u0105cych do przygotowania strzelania, w tym sk\u0142adania i&nbsp; rozk\u0142adania karabinka Beryl oraz jego obs\u0142ugi.<\/p>\n\n\n<div class=\"wp-block-image\">\n<figure class=\"aligncenter size-large is-resized\"><img loading=\"lazy\" decoding=\"async\" width=\"1024\" height=\"534\" data-attachment-id=\"15014\" data-permalink=\"https:\/\/zsp1chojna.pl\/?attachment_id=15014\" data-orig-file=\"https:\/\/zsp1chojna.pl\/wp-content\/uploads\/2026\/01\/image002.jpg\" data-orig-size=\"1215,634\" data-comments-opened=\"1\" data-image-meta=\"{&quot;aperture&quot;:&quot;0&quot;,&quot;credit&quot;:&quot;&quot;,&quot;camera&quot;:&quot;&quot;,&quot;caption&quot;:&quot;&quot;,&quot;created_timestamp&quot;:&quot;0&quot;,&quot;copyright&quot;:&quot;&quot;,&quot;focal_length&quot;:&quot;0&quot;,&quot;iso&quot;:&quot;0&quot;,&quot;shutter_speed&quot;:&quot;0&quot;,&quot;title&quot;:&quot;&quot;,&quot;orientation&quot;:&quot;0&quot;}\" data-image-title=\"image002\" data-image-description=\"\" data-image-caption=\"\" data-medium-file=\"https:\/\/zsp1chojna.pl\/wp-content\/uploads\/2026\/01\/image002-300x157.jpg\" data-large-file=\"https:\/\/zsp1chojna.pl\/wp-content\/uploads\/2026\/01\/image002-1024x534.jpg\" src=\"https:\/\/zsp1chojna.pl\/wp-content\/uploads\/2026\/01\/image002-1024x534.jpg\" alt=\"\" class=\"wp-image-15014\" style=\"width:690px;height:auto\" srcset=\"https:\/\/zsp1chojna.pl\/wp-content\/uploads\/2026\/01\/image002-1024x534.jpg 1024w, https:\/\/zsp1chojna.pl\/wp-content\/uploads\/2026\/01\/image002-300x157.jpg 300w, https:\/\/zsp1chojna.pl\/wp-content\/uploads\/2026\/01\/image002-768x401.jpg 768w, https:\/\/zsp1chojna.pl\/wp-content\/uploads\/2026\/01\/image002-947x494.jpg 947w, https:\/\/zsp1chojna.pl\/wp-content\/uploads\/2026\/01\/image002-624x326.jpg 624w, https:\/\/zsp1chojna.pl\/wp-content\/uploads\/2026\/01\/image002.jpg 1215w\" sizes=\"auto, (max-width: 1024px) 100vw, 1024px\" \/><\/figure>\n<\/div>\n\n\n<p>Drugim realizowanym w tym dniu tematem, by\u0142o przyjmowanie postaw strzeleckich i&nbsp; \u0142\u0105cznych czynno\u015bci do strzelania. Ca\u0142o\u015b\u0107 zaj\u0119\u0107 realizowana by\u0142a w kompleksie Puszczy Bukowej, pod okiem do\u015bwiadczonych instruktor\u00f3w.<\/p>\n\n\n<div class=\"wp-block-image\">\n<figure class=\"aligncenter size-large is-resized\"><img loading=\"lazy\" decoding=\"async\" width=\"1024\" height=\"549\" data-attachment-id=\"15015\" data-permalink=\"https:\/\/zsp1chojna.pl\/?attachment_id=15015\" data-orig-file=\"https:\/\/zsp1chojna.pl\/wp-content\/uploads\/2026\/01\/image003-1.jpg\" data-orig-size=\"1219,654\" data-comments-opened=\"1\" data-image-meta=\"{&quot;aperture&quot;:&quot;0&quot;,&quot;credit&quot;:&quot;&quot;,&quot;camera&quot;:&quot;&quot;,&quot;caption&quot;:&quot;&quot;,&quot;created_timestamp&quot;:&quot;0&quot;,&quot;copyright&quot;:&quot;&quot;,&quot;focal_length&quot;:&quot;0&quot;,&quot;iso&quot;:&quot;0&quot;,&quot;shutter_speed&quot;:&quot;0&quot;,&quot;title&quot;:&quot;&quot;,&quot;orientation&quot;:&quot;0&quot;}\" data-image-title=\"image003\" data-image-description=\"\" data-image-caption=\"\" data-medium-file=\"https:\/\/zsp1chojna.pl\/wp-content\/uploads\/2026\/01\/image003-1-300x161.jpg\" data-large-file=\"https:\/\/zsp1chojna.pl\/wp-content\/uploads\/2026\/01\/image003-1-1024x549.jpg\" src=\"https:\/\/zsp1chojna.pl\/wp-content\/uploads\/2026\/01\/image003-1-1024x549.jpg\" alt=\"\" class=\"wp-image-15015\" style=\"aspect-ratio:1.865241829158282;width:710px;height:auto\" srcset=\"https:\/\/zsp1chojna.pl\/wp-content\/uploads\/2026\/01\/image003-1-1024x549.jpg 1024w, https:\/\/zsp1chojna.pl\/wp-content\/uploads\/2026\/01\/image003-1-300x161.jpg 300w, https:\/\/zsp1chojna.pl\/wp-content\/uploads\/2026\/01\/image003-1-768x412.jpg 768w, https:\/\/zsp1chojna.pl\/wp-content\/uploads\/2026\/01\/image003-1-947x508.jpg 947w, https:\/\/zsp1chojna.pl\/wp-content\/uploads\/2026\/01\/image003-1-624x335.jpg 624w, https:\/\/zsp1chojna.pl\/wp-content\/uploads\/2026\/01\/image003-1.jpg 1219w\" sizes=\"auto, (max-width: 1024px) 100vw, 1024px\" \/><\/figure>\n<\/div>\n\n\n<p class=\"has-text-align-justify has-text-align-justify\">\u0106wiczono nast\u0119puj\u0105ce zagadnienia: przygotowanie broni do strzelania, przyjmowanie postaw strzeleckich, sk\u0142adanie si\u0119 do strza\u0142u, celowanie oraz \u0142\u0105czne czynno\u015bci do strzelania.<\/p>\n\n\n<div class=\"wp-block-image\">\n<figure class=\"aligncenter size-full is-resized\"><img loading=\"lazy\" decoding=\"async\" width=\"824\" height=\"833\" data-attachment-id=\"15016\" data-permalink=\"https:\/\/zsp1chojna.pl\/?attachment_id=15016\" data-orig-file=\"https:\/\/zsp1chojna.pl\/wp-content\/uploads\/2026\/01\/image004-1.jpg\" data-orig-size=\"824,833\" data-comments-opened=\"1\" data-image-meta=\"{&quot;aperture&quot;:&quot;0&quot;,&quot;credit&quot;:&quot;&quot;,&quot;camera&quot;:&quot;&quot;,&quot;caption&quot;:&quot;&quot;,&quot;created_timestamp&quot;:&quot;0&quot;,&quot;copyright&quot;:&quot;&quot;,&quot;focal_length&quot;:&quot;0&quot;,&quot;iso&quot;:&quot;0&quot;,&quot;shutter_speed&quot;:&quot;0&quot;,&quot;title&quot;:&quot;&quot;,&quot;orientation&quot;:&quot;0&quot;}\" data-image-title=\"image004\" data-image-description=\"\" data-image-caption=\"\" data-medium-file=\"https:\/\/zsp1chojna.pl\/wp-content\/uploads\/2026\/01\/image004-1-297x300.jpg\" data-large-file=\"https:\/\/zsp1chojna.pl\/wp-content\/uploads\/2026\/01\/image004-1.jpg\" src=\"https:\/\/zsp1chojna.pl\/wp-content\/uploads\/2026\/01\/image004-1.jpg\" alt=\"\" class=\"wp-image-15016\" style=\"width:712px;height:auto\" srcset=\"https:\/\/zsp1chojna.pl\/wp-content\/uploads\/2026\/01\/image004-1.jpg 824w, https:\/\/zsp1chojna.pl\/wp-content\/uploads\/2026\/01\/image004-1-297x300.jpg 297w, https:\/\/zsp1chojna.pl\/wp-content\/uploads\/2026\/01\/image004-1-768x776.jpg 768w, https:\/\/zsp1chojna.pl\/wp-content\/uploads\/2026\/01\/image004-1-624x631.jpg 624w\" sizes=\"auto, (max-width: 824px) 100vw, 824px\" \/><\/figure>\n<\/div>\n\n\n<p class=\"has-text-align-justify has-text-align-justify\">Uczniowie przemieszczali si\u0119 na zaj\u0119cia marszem ubezpieczonym. Uczniowie klasy trzeciej doskonalili umiej\u0119tno\u015bci z musztry indywidualnej i zespo\u0142owej, w tym organizowanie zbi\u00f3rek i oddawanie honor\u00f3w. Nast\u0119pne realizowane tego dnia zaj\u0119cia, dotyczy\u0142y rozpoznania wojskowego, gdzie podczas marszu kadeci \u0107wiczyli umiej\u0119tno\u015b\u0107 rozpoznania drogi marszu oraz obiekt\u00f3w terenowych. Ostatni blok zaj\u0119\u0107 tego dnia, to zaj\u0119cia ze szkolenia in\u017cynieryjno-saperskiego, podczas kt\u00f3rych \u0107wiczono umiej\u0119tno\u015b\u0107 wyboru miejsca, wykonanie i&nbsp; maskowanie stanowiska ogniowego, jak r\u00f3wnie\u017c maskowanie ludzi, uzbrojenia i sprz\u0119tu wojskowego w dzia\u0142aniach taktycznych.<\/p>\n\n\n\n<p class=\"has-text-align-right\">&nbsp;&nbsp;&nbsp;&nbsp;&nbsp;&nbsp;&nbsp;&nbsp;&nbsp;&nbsp;&nbsp;&nbsp;&nbsp;&nbsp;&nbsp;&nbsp;&nbsp;&nbsp;&nbsp;&nbsp;&nbsp;&nbsp;&nbsp;&nbsp;&nbsp;&nbsp;&nbsp;&nbsp;&nbsp;&nbsp;&nbsp;&nbsp;&nbsp;&nbsp;&nbsp;&nbsp;&nbsp;&nbsp;&nbsp;&nbsp;&nbsp;&nbsp;&nbsp;&nbsp;&nbsp;&nbsp;&nbsp;&nbsp;&nbsp;&nbsp;&nbsp;&nbsp;&nbsp;&nbsp;&nbsp;&nbsp;&nbsp;&nbsp;&nbsp;&nbsp;&nbsp;&nbsp;&nbsp;&nbsp;&nbsp;&nbsp;&nbsp;&nbsp;&nbsp;&nbsp;&nbsp;&nbsp;&nbsp;&nbsp;&nbsp;&nbsp;&nbsp;&nbsp;&nbsp;&nbsp;&nbsp;&nbsp;&nbsp;&nbsp;&nbsp;&nbsp;&nbsp;&nbsp;&nbsp;&nbsp;&nbsp;&nbsp;&nbsp;&nbsp;&nbsp;&nbsp;&nbsp;&nbsp;&nbsp;&nbsp;&nbsp;&nbsp;&nbsp;&nbsp;&nbsp;&nbsp;&nbsp;&nbsp;&nbsp;&nbsp;&nbsp;&nbsp;&nbsp;&nbsp;&nbsp; mgr Marek Bednarz<\/p>\n\n\n\n<p><\/p>\n","protected":false},"excerpt":{"rendered":"<p>26 listopada 2025 r., kadeci klasy 2c oraz 3c Oddzia\u0142u Przygotowania Wojskowego, brali udzia\u0142 w zaj\u0119ciach praktycznych, kt\u00f3re realizowane by\u0142y w 5. Pu\u0142ku In\u017cynieryjnym w&nbsp; Szczecinie Podjuchach. Kadeci klasy drugiej [&hellip;]<\/p>\n","protected":false},"author":1,"featured_media":15015,"comment_status":"open","ping_status":"open","sticky":false,"template":"","format":"standard","meta":{"footnotes":""},"categories":[32],"tags":[],"class_list":["post-15012","post","type-post","status-publish","format-standard","has-post-thumbnail","hentry","category-aktualnosci-2025-2026"],"wbAuthor":{"name":"admin","link":"https:\/\/zsp1chojna.pl\/?author=1"},"wbDate":"lis 26, 2025","wbCategories":{"space":"<a href=\"https:\/\/zsp1chojna.pl\/?cat=32\" rel=\"category\">Aktualno\u015bci 2025\/2026<\/a>","coma":"<a href=\"https:\/\/zsp1chojna.pl\/?cat=32\" rel=\"category\">Aktualno\u015bci 2025\/2026<\/a>"},"wbComment":0,"yoast_head":"<!-- This site is optimized with the Yoast SEO plugin v20.13 - https:\/\/yoast.com\/wordpress\/plugins\/seo\/ -->\n<title>Zaj\u0119cia praktyczne OPW w 5. Pu\u0142ku In\u017cynieryjnym w Szczecinie - ZSP w Chojnie<\/title>\n<meta name=\"robots\" content=\"index, follow, max-snippet:-1, max-image-preview:large, max-video-preview:-1\" \/>\n<link rel=\"canonical\" href=\"https:\/\/zsp1chojna.pl\/?p=15012\" \/>\n<meta property=\"og:locale\" content=\"pl_PL\" \/>\n<meta property=\"og:type\" content=\"article\" \/>\n<meta property=\"og:title\" content=\"Zaj\u0119cia praktyczne OPW w 5. Pu\u0142ku In\u017cynieryjnym w Szczecinie - ZSP w Chojnie\" \/>\n<meta property=\"og:description\" content=\"26 listopada 2025 r., kadeci klasy 2c oraz 3c Oddzia\u0142u Przygotowania Wojskowego, brali udzia\u0142 w zaj\u0119ciach praktycznych, kt\u00f3re realizowane by\u0142y w 5. Pu\u0142ku In\u017cynieryjnym w&nbsp; Szczecinie Podjuchach. Kadeci klasy drugiej [&hellip;]\" \/>\n<meta property=\"og:url\" content=\"https:\/\/zsp1chojna.pl\/?p=15012\" \/>\n<meta property=\"og:site_name\" content=\"ZSP w Chojnie\" \/>\n<meta property=\"article:published_time\" content=\"2025-11-26T10:47:52+00:00\" \/>\n<meta property=\"article:modified_time\" content=\"2026-03-02T13:51:03+00:00\" \/>\n<meta property=\"og:image\" content=\"https:\/\/zsp1chojna.pl\/wp-content\/uploads\/2026\/01\/image003-1.jpg\" \/>\n\t<meta property=\"og:image:width\" content=\"1219\" \/>\n\t<meta property=\"og:image:height\" content=\"654\" \/>\n\t<meta property=\"og:image:type\" content=\"image\/jpeg\" \/>\n<meta name=\"author\" content=\"admin\" \/>\n<meta name=\"twitter:card\" content=\"summary_large_image\" \/>\n<meta name=\"twitter:label1\" content=\"Napisane przez\" \/>\n\t<meta name=\"twitter:data1\" content=\"admin\" \/>\n\t<meta name=\"twitter:label2\" content=\"Szacowany czas czytania\" \/>\n\t<meta name=\"twitter:data2\" content=\"2 minuty\" \/>\n<script type=\"application\/ld+json\" class=\"yoast-schema-graph\">{\"@context\":\"https:\/\/schema.org\",\"@graph\":[{\"@type\":\"Article\",\"@id\":\"https:\/\/zsp1chojna.pl\/?p=15012#article\",\"isPartOf\":{\"@id\":\"https:\/\/zsp1chojna.pl\/?p=15012\"},\"author\":{\"name\":\"admin\",\"@id\":\"https:\/\/zsp1chojna.pl\/#\/schema\/person\/fe8d6c03379c9cface386de0c172e127\"},\"headline\":\"Zaj\u0119cia praktyczne OPW w 5. Pu\u0142ku In\u017cynieryjnym w Szczecinie\",\"datePublished\":\"2025-11-26T10:47:52+00:00\",\"dateModified\":\"2026-03-02T13:51:03+00:00\",\"mainEntityOfPage\":{\"@id\":\"https:\/\/zsp1chojna.pl\/?p=15012\"},\"wordCount\":363,\"commentCount\":0,\"publisher\":{\"@id\":\"https:\/\/zsp1chojna.pl\/#organization\"},\"articleSection\":[\"Aktualno\u015bci 2025\/2026\"],\"inLanguage\":\"pl-PL\",\"potentialAction\":[{\"@type\":\"CommentAction\",\"name\":\"Comment\",\"target\":[\"https:\/\/zsp1chojna.pl\/?p=15012#respond\"]}]},{\"@type\":\"WebPage\",\"@id\":\"https:\/\/zsp1chojna.pl\/?p=15012\",\"url\":\"https:\/\/zsp1chojna.pl\/?p=15012\",\"name\":\"Zaj\u0119cia praktyczne OPW w 5. Pu\u0142ku In\u017cynieryjnym w Szczecinie - ZSP w Chojnie\",\"isPartOf\":{\"@id\":\"https:\/\/zsp1chojna.pl\/#website\"},\"datePublished\":\"2025-11-26T10:47:52+00:00\",\"dateModified\":\"2026-03-02T13:51:03+00:00\",\"breadcrumb\":{\"@id\":\"https:\/\/zsp1chojna.pl\/?p=15012#breadcrumb\"},\"inLanguage\":\"pl-PL\",\"potentialAction\":[{\"@type\":\"ReadAction\",\"target\":[\"https:\/\/zsp1chojna.pl\/?p=15012\"]}]},{\"@type\":\"BreadcrumbList\",\"@id\":\"https:\/\/zsp1chojna.pl\/?p=15012#breadcrumb\",\"itemListElement\":[{\"@type\":\"ListItem\",\"position\":1,\"name\":\"Home\",\"item\":\"https:\/\/zsp1chojna.pl\/\"},{\"@type\":\"ListItem\",\"position\":2,\"name\":\"Zaj\u0119cia praktyczne OPW w 5. Pu\u0142ku In\u017cynieryjnym w Szczecinie\"}]},{\"@type\":\"WebSite\",\"@id\":\"https:\/\/zsp1chojna.pl\/#website\",\"url\":\"https:\/\/zsp1chojna.pl\/\",\"name\":\"ZSP w Chojnie\",\"description\":\"\",\"publisher\":{\"@id\":\"https:\/\/zsp1chojna.pl\/#organization\"},\"potentialAction\":[{\"@type\":\"SearchAction\",\"target\":{\"@type\":\"EntryPoint\",\"urlTemplate\":\"https:\/\/zsp1chojna.pl\/?s={search_term_string}\"},\"query-input\":\"required name=search_term_string\"}],\"inLanguage\":\"pl-PL\"},{\"@type\":\"Organization\",\"@id\":\"https:\/\/zsp1chojna.pl\/#organization\",\"name\":\"ZSP w Chojnie\",\"url\":\"https:\/\/zsp1chojna.pl\/\",\"logo\":{\"@type\":\"ImageObject\",\"inLanguage\":\"pl-PL\",\"@id\":\"https:\/\/zsp1chojna.pl\/#\/schema\/logo\/image\/\",\"url\":\"https:\/\/zsp1chojna.pl\/wp-content\/uploads\/2023\/08\/cropped-cropped-cropped-Logo-biale-napis-na-3-wiersze_504-1.png\",\"contentUrl\":\"https:\/\/zsp1chojna.pl\/wp-content\/uploads\/2023\/08\/cropped-cropped-cropped-Logo-biale-napis-na-3-wiersze_504-1.png\",\"width\":504,\"height\":167,\"caption\":\"ZSP w Chojnie\"},\"image\":{\"@id\":\"https:\/\/zsp1chojna.pl\/#\/schema\/logo\/image\/\"}},{\"@type\":\"Person\",\"@id\":\"https:\/\/zsp1chojna.pl\/#\/schema\/person\/fe8d6c03379c9cface386de0c172e127\",\"name\":\"admin\",\"image\":{\"@type\":\"ImageObject\",\"inLanguage\":\"pl-PL\",\"@id\":\"https:\/\/zsp1chojna.pl\/#\/schema\/person\/image\/\",\"url\":\"https:\/\/secure.gravatar.com\/avatar\/35d79b1d799ff9bac401976862e535bf785f4039d8313d3c00b303598a46dd4e?s=96&d=mm&r=g\",\"contentUrl\":\"https:\/\/secure.gravatar.com\/avatar\/35d79b1d799ff9bac401976862e535bf785f4039d8313d3c00b303598a46dd4e?s=96&d=mm&r=g\",\"caption\":\"admin\"},\"sameAs\":[\"http:\/\/nowazspchojna.pl\"],\"url\":\"https:\/\/zsp1chojna.pl\/?author=1\"}]}<\/script>\n<!-- \/ Yoast SEO plugin. -->","yoast_head_json":{"title":"Zaj\u0119cia praktyczne OPW w 5. Pu\u0142ku In\u017cynieryjnym w Szczecinie - ZSP w Chojnie","robots":{"index":"index","follow":"follow","max-snippet":"max-snippet:-1","max-image-preview":"max-image-preview:large","max-video-preview":"max-video-preview:-1"},"canonical":"https:\/\/zsp1chojna.pl\/?p=15012","og_locale":"pl_PL","og_type":"article","og_title":"Zaj\u0119cia praktyczne OPW w 5. Pu\u0142ku In\u017cynieryjnym w Szczecinie - ZSP w Chojnie","og_description":"26 listopada 2025 r., kadeci klasy 2c oraz 3c Oddzia\u0142u Przygotowania Wojskowego, brali udzia\u0142 w zaj\u0119ciach praktycznych, kt\u00f3re realizowane by\u0142y w 5. Pu\u0142ku In\u017cynieryjnym w&nbsp; Szczecinie Podjuchach. Kadeci klasy drugiej [&hellip;]","og_url":"https:\/\/zsp1chojna.pl\/?p=15012","og_site_name":"ZSP w Chojnie","article_published_time":"2025-11-26T10:47:52+00:00","article_modified_time":"2026-03-02T13:51:03+00:00","og_image":[{"width":1219,"height":654,"url":"https:\/\/zsp1chojna.pl\/wp-content\/uploads\/2026\/01\/image003-1.jpg","type":"image\/jpeg"}],"author":"admin","twitter_card":"summary_large_image","twitter_misc":{"Napisane przez":"admin","Szacowany czas czytania":"2 minuty"},"schema":{"@context":"https:\/\/schema.org","@graph":[{"@type":"Article","@id":"https:\/\/zsp1chojna.pl\/?p=15012#article","isPartOf":{"@id":"https:\/\/zsp1chojna.pl\/?p=15012"},"author":{"name":"admin","@id":"https:\/\/zsp1chojna.pl\/#\/schema\/person\/fe8d6c03379c9cface386de0c172e127"},"headline":"Zaj\u0119cia praktyczne OPW w 5. Pu\u0142ku In\u017cynieryjnym w Szczecinie","datePublished":"2025-11-26T10:47:52+00:00","dateModified":"2026-03-02T13:51:03+00:00","mainEntityOfPage":{"@id":"https:\/\/zsp1chojna.pl\/?p=15012"},"wordCount":363,"commentCount":0,"publisher":{"@id":"https:\/\/zsp1chojna.pl\/#organization"},"articleSection":["Aktualno\u015bci 2025\/2026"],"inLanguage":"pl-PL","potentialAction":[{"@type":"CommentAction","name":"Comment","target":["https:\/\/zsp1chojna.pl\/?p=15012#respond"]}]},{"@type":"WebPage","@id":"https:\/\/zsp1chojna.pl\/?p=15012","url":"https:\/\/zsp1chojna.pl\/?p=15012","name":"Zaj\u0119cia praktyczne OPW w 5. Pu\u0142ku In\u017cynieryjnym w Szczecinie - ZSP w Chojnie","isPartOf":{"@id":"https:\/\/zsp1chojna.pl\/#website"},"datePublished":"2025-11-26T10:47:52+00:00","dateModified":"2026-03-02T13:51:03+00:00","breadcrumb":{"@id":"https:\/\/zsp1chojna.pl\/?p=15012#breadcrumb"},"inLanguage":"pl-PL","potentialAction":[{"@type":"ReadAction","target":["https:\/\/zsp1chojna.pl\/?p=15012"]}]},{"@type":"BreadcrumbList","@id":"https:\/\/zsp1chojna.pl\/?p=15012#breadcrumb","itemListElement":[{"@type":"ListItem","position":1,"name":"Home","item":"https:\/\/zsp1chojna.pl\/"},{"@type":"ListItem","position":2,"name":"Zaj\u0119cia praktyczne OPW w 5. Pu\u0142ku In\u017cynieryjnym w Szczecinie"}]},{"@type":"WebSite","@id":"https:\/\/zsp1chojna.pl\/#website","url":"https:\/\/zsp1chojna.pl\/","name":"ZSP w Chojnie","description":"","publisher":{"@id":"https:\/\/zsp1chojna.pl\/#organization"},"potentialAction":[{"@type":"SearchAction","target":{"@type":"EntryPoint","urlTemplate":"https:\/\/zsp1chojna.pl\/?s={search_term_string}"},"query-input":"required name=search_term_string"}],"inLanguage":"pl-PL"},{"@type":"Organization","@id":"https:\/\/zsp1chojna.pl\/#organization","name":"ZSP w Chojnie","url":"https:\/\/zsp1chojna.pl\/","logo":{"@type":"ImageObject","inLanguage":"pl-PL","@id":"https:\/\/zsp1chojna.pl\/#\/schema\/logo\/image\/","url":"https:\/\/zsp1chojna.pl\/wp-content\/uploads\/2023\/08\/cropped-cropped-cropped-Logo-biale-napis-na-3-wiersze_504-1.png","contentUrl":"https:\/\/zsp1chojna.pl\/wp-content\/uploads\/2023\/08\/cropped-cropped-cropped-Logo-biale-napis-na-3-wiersze_504-1.png","width":504,"height":167,"caption":"ZSP w Chojnie"},"image":{"@id":"https:\/\/zsp1chojna.pl\/#\/schema\/logo\/image\/"}},{"@type":"Person","@id":"https:\/\/zsp1chojna.pl\/#\/schema\/person\/fe8d6c03379c9cface386de0c172e127","name":"admin","image":{"@type":"ImageObject","inLanguage":"pl-PL","@id":"https:\/\/zsp1chojna.pl\/#\/schema\/person\/image\/","url":"https:\/\/secure.gravatar.com\/avatar\/35d79b1d799ff9bac401976862e535bf785f4039d8313d3c00b303598a46dd4e?s=96&d=mm&r=g","contentUrl":"https:\/\/secure.gravatar.com\/avatar\/35d79b1d799ff9bac401976862e535bf785f4039d8313d3c00b303598a46dd4e?s=96&d=mm&r=g","caption":"admin"},"sameAs":["http:\/\/nowazspchojna.pl"],"url":"https:\/\/zsp1chojna.pl\/?author=1"}]}},"jetpack_featured_media_url":"https:\/\/zsp1chojna.pl\/wp-content\/uploads\/2026\/01\/image003-1.jpg","_links":{"self":[{"href":"https:\/\/zsp1chojna.pl\/index.php?rest_route=\/wp\/v2\/posts\/15012","targetHints":{"allow":["GET"]}}],"collection":[{"href":"https:\/\/zsp1chojna.pl\/index.php?rest_route=\/wp\/v2\/posts"}],"about":[{"href":"https:\/\/zsp1chojna.pl\/index.php?rest_route=\/wp\/v2\/types\/post"}],"author":[{"embeddable":true,"href":"https:\/\/zsp1chojna.pl\/index.php?rest_route=\/wp\/v2\/users\/1"}],"replies":[{"embeddable":true,"href":"https:\/\/zsp1chojna.pl\/index.php?rest_route=%2Fwp%2Fv2%2Fcomments&post=15012"}],"version-history":[{"count":2,"href":"https:\/\/zsp1chojna.pl\/index.php?rest_route=\/wp\/v2\/posts\/15012\/revisions"}],"predecessor-version":[{"id":15019,"href":"https:\/\/zsp1chojna.pl\/index.php?rest_route=\/wp\/v2\/posts\/15012\/revisions\/15019"}],"wp:featuredmedia":[{"embeddable":true,"href":"https:\/\/zsp1chojna.pl\/index.php?rest_route=\/wp\/v2\/media\/15015"}],"wp:attachment":[{"href":"https:\/\/zsp1chojna.pl\/index.php?rest_route=%2Fwp%2Fv2%2Fmedia&parent=15012"}],"wp:term":[{"taxonomy":"category","embeddable":true,"href":"https:\/\/zsp1chojna.pl\/index.php?rest_route=%2Fwp%2Fv2%2Fcategories&post=15012"},{"taxonomy":"post_tag","embeddable":true,"href":"https:\/\/zsp1chojna.pl\/index.php?rest_route=%2Fwp%2Fv2%2Ftags&post=15012"}],"curies":[{"name":"wp","href":"https:\/\/api.w.org\/{rel}","templated":true}]}}