{"id":14916,"date":"2025-10-29T15:04:06","date_gmt":"2025-10-29T14:04:06","guid":{"rendered":"https:\/\/zsp1chojna.pl\/?p=14916"},"modified":"2026-03-02T14:54:51","modified_gmt":"2026-03-02T13:54:51","slug":"zajecia-praktyczne-opw-w-5-pulku-inzynieryjnym-w-szczecinie-14","status":"publish","type":"post","link":"https:\/\/zsp1chojna.pl\/?p=14916","title":{"rendered":"Zaj\u0119cia praktyczne OPW w 5. Pu\u0142ku In\u017cynieryjnym w Szczecinie"},"content":{"rendered":"\n<p class=\"has-text-align-justify has-text-align-justify\">29 pa\u017adziernika 2025 r., kadeci klasy 2 oraz 3 Oddzia\u0142u Przygotowania Wojskowego, uczestniczyli w zaj\u0119ciach praktycznych, realizowanych w 5. Pu\u0142ku In\u017cynieryjnym w\u00a0 Szczecinie Podjuchach. Ca\u0142o\u015b\u0107 szkolenia dotycz\u0105ca klasy drugiej, zgodnie z planem szkolenia, koncentrowa\u0142a si\u0119 na musztrze. Kadeci \u0107wiczyli zagadnienia z musztry indywidualnej oraz zespo\u0142owej.<\/p>\n\n\n\n<div class=\"wp-block-columns is-layout-flex wp-container-core-columns-is-layout-9d6595d7 wp-block-columns-is-layout-flex\">\n<div class=\"wp-block-column is-layout-flow wp-block-column-is-layout-flow\"><div class=\"wp-block-image\">\n<figure class=\"alignright size-large\"><img loading=\"lazy\" decoding=\"async\" width=\"1024\" height=\"587\" data-attachment-id=\"14918\" data-permalink=\"https:\/\/zsp1chojna.pl\/?attachment_id=14918\" data-orig-file=\"https:\/\/zsp1chojna.pl\/wp-content\/uploads\/2025\/12\/image007.jpg\" data-orig-size=\"1212,695\" data-comments-opened=\"1\" data-image-meta=\"{&quot;aperture&quot;:&quot;0&quot;,&quot;credit&quot;:&quot;&quot;,&quot;camera&quot;:&quot;&quot;,&quot;caption&quot;:&quot;&quot;,&quot;created_timestamp&quot;:&quot;0&quot;,&quot;copyright&quot;:&quot;&quot;,&quot;focal_length&quot;:&quot;0&quot;,&quot;iso&quot;:&quot;0&quot;,&quot;shutter_speed&quot;:&quot;0&quot;,&quot;title&quot;:&quot;&quot;,&quot;orientation&quot;:&quot;0&quot;}\" data-image-title=\"image007\" data-image-description=\"\" data-image-caption=\"\" data-medium-file=\"https:\/\/zsp1chojna.pl\/wp-content\/uploads\/2025\/12\/image007-300x172.jpg\" data-large-file=\"https:\/\/zsp1chojna.pl\/wp-content\/uploads\/2025\/12\/image007-1024x587.jpg\" src=\"https:\/\/zsp1chojna.pl\/wp-content\/uploads\/2025\/12\/image007-1024x587.jpg\" alt=\"\" class=\"wp-image-14918\" srcset=\"https:\/\/zsp1chojna.pl\/wp-content\/uploads\/2025\/12\/image007-1024x587.jpg 1024w, https:\/\/zsp1chojna.pl\/wp-content\/uploads\/2025\/12\/image007-300x172.jpg 300w, https:\/\/zsp1chojna.pl\/wp-content\/uploads\/2025\/12\/image007-768x440.jpg 768w, https:\/\/zsp1chojna.pl\/wp-content\/uploads\/2025\/12\/image007-947x543.jpg 947w, https:\/\/zsp1chojna.pl\/wp-content\/uploads\/2025\/12\/image007-624x358.jpg 624w, https:\/\/zsp1chojna.pl\/wp-content\/uploads\/2025\/12\/image007.jpg 1212w\" sizes=\"auto, (max-width: 1024px) 100vw, 1024px\" \/><\/figure>\n<\/div><\/div>\n\n\n\n<div class=\"wp-block-column is-layout-flow wp-block-column-is-layout-flow\"><div class=\"wp-block-image\">\n<figure class=\"alignleft size-large\"><img loading=\"lazy\" decoding=\"async\" width=\"1024\" height=\"587\" data-attachment-id=\"14919\" data-permalink=\"https:\/\/zsp1chojna.pl\/?attachment_id=14919\" data-orig-file=\"https:\/\/zsp1chojna.pl\/wp-content\/uploads\/2025\/12\/image005.jpg\" data-orig-size=\"1212,695\" data-comments-opened=\"1\" data-image-meta=\"{&quot;aperture&quot;:&quot;0&quot;,&quot;credit&quot;:&quot;&quot;,&quot;camera&quot;:&quot;&quot;,&quot;caption&quot;:&quot;&quot;,&quot;created_timestamp&quot;:&quot;0&quot;,&quot;copyright&quot;:&quot;&quot;,&quot;focal_length&quot;:&quot;0&quot;,&quot;iso&quot;:&quot;0&quot;,&quot;shutter_speed&quot;:&quot;0&quot;,&quot;title&quot;:&quot;&quot;,&quot;orientation&quot;:&quot;0&quot;}\" data-image-title=\"image005\" data-image-description=\"\" data-image-caption=\"\" data-medium-file=\"https:\/\/zsp1chojna.pl\/wp-content\/uploads\/2025\/12\/image005-300x172.jpg\" data-large-file=\"https:\/\/zsp1chojna.pl\/wp-content\/uploads\/2025\/12\/image005-1024x587.jpg\" src=\"https:\/\/zsp1chojna.pl\/wp-content\/uploads\/2025\/12\/image005-1024x587.jpg\" alt=\"\" class=\"wp-image-14919\" srcset=\"https:\/\/zsp1chojna.pl\/wp-content\/uploads\/2025\/12\/image005-1024x587.jpg 1024w, https:\/\/zsp1chojna.pl\/wp-content\/uploads\/2025\/12\/image005-300x172.jpg 300w, https:\/\/zsp1chojna.pl\/wp-content\/uploads\/2025\/12\/image005-768x440.jpg 768w, https:\/\/zsp1chojna.pl\/wp-content\/uploads\/2025\/12\/image005-947x543.jpg 947w, https:\/\/zsp1chojna.pl\/wp-content\/uploads\/2025\/12\/image005-624x358.jpg 624w, https:\/\/zsp1chojna.pl\/wp-content\/uploads\/2025\/12\/image005.jpg 1212w\" sizes=\"auto, (max-width: 1024px) 100vw, 1024px\" \/><\/figure>\n<\/div><\/div>\n<\/div>\n\n\n\n<p class=\"has-text-align-justify has-text-align-justify\">Najwi\u0119cej czasu po\u015bwi\u0119cono na zaj\u0119cia taktyczne, podczas kt\u00f3rych kadeci realizowali dzia\u0142ania podczas marszu, szyki marszowe oraz patrolowe. Osobnym zagadnieniem by\u0142a reakcja \u017co\u0142nierza w r\u00f3\u017cnych sytuacjach taktycznych. Kadeci klasy trzeciej realizowali natomiast zagadnienia z taktyki, takie jak: doskonalenie dzia\u0142a\u0144 taktycznych w rejonie dzia\u0142ania. Podczas jego realizacji, przemie\u015bcili si\u0119 marszem ubezpieczonym na poligon fortyfikacyjny, doskonal\u0105c reakcj\u0119 na zagro\u017cenia wyst\u0119puj\u0105ce podczas marszu.<\/p>\n\n\n\n<div class=\"wp-block-columns is-layout-flex wp-container-core-columns-is-layout-9d6595d7 wp-block-columns-is-layout-flex\">\n<div class=\"wp-block-column is-layout-flow wp-block-column-is-layout-flow\"><div class=\"wp-block-image\">\n<figure class=\"alignright size-large\"><img loading=\"lazy\" decoding=\"async\" width=\"1024\" height=\"585\" data-attachment-id=\"14920\" data-permalink=\"https:\/\/zsp1chojna.pl\/?attachment_id=14920\" data-orig-file=\"https:\/\/zsp1chojna.pl\/wp-content\/uploads\/2025\/12\/image003-2.jpg\" data-orig-size=\"1212,692\" data-comments-opened=\"1\" data-image-meta=\"{&quot;aperture&quot;:&quot;0&quot;,&quot;credit&quot;:&quot;&quot;,&quot;camera&quot;:&quot;&quot;,&quot;caption&quot;:&quot;&quot;,&quot;created_timestamp&quot;:&quot;0&quot;,&quot;copyright&quot;:&quot;&quot;,&quot;focal_length&quot;:&quot;0&quot;,&quot;iso&quot;:&quot;0&quot;,&quot;shutter_speed&quot;:&quot;0&quot;,&quot;title&quot;:&quot;&quot;,&quot;orientation&quot;:&quot;0&quot;}\" data-image-title=\"image003\" data-image-description=\"\" data-image-caption=\"\" data-medium-file=\"https:\/\/zsp1chojna.pl\/wp-content\/uploads\/2025\/12\/image003-2-300x171.jpg\" data-large-file=\"https:\/\/zsp1chojna.pl\/wp-content\/uploads\/2025\/12\/image003-2-1024x585.jpg\" src=\"https:\/\/zsp1chojna.pl\/wp-content\/uploads\/2025\/12\/image003-2-1024x585.jpg\" alt=\"\" class=\"wp-image-14920\" srcset=\"https:\/\/zsp1chojna.pl\/wp-content\/uploads\/2025\/12\/image003-2-1024x585.jpg 1024w, https:\/\/zsp1chojna.pl\/wp-content\/uploads\/2025\/12\/image003-2-300x171.jpg 300w, https:\/\/zsp1chojna.pl\/wp-content\/uploads\/2025\/12\/image003-2-768x438.jpg 768w, https:\/\/zsp1chojna.pl\/wp-content\/uploads\/2025\/12\/image003-2-947x541.jpg 947w, https:\/\/zsp1chojna.pl\/wp-content\/uploads\/2025\/12\/image003-2-624x356.jpg 624w, https:\/\/zsp1chojna.pl\/wp-content\/uploads\/2025\/12\/image003-2.jpg 1212w\" sizes=\"auto, (max-width: 1024px) 100vw, 1024px\" \/><\/figure>\n<\/div><\/div>\n\n\n\n<div class=\"wp-block-column is-layout-flow wp-block-column-is-layout-flow\"><div class=\"wp-block-image\">\n<figure class=\"alignleft size-large\"><img loading=\"lazy\" decoding=\"async\" width=\"1024\" height=\"587\" data-attachment-id=\"14921\" data-permalink=\"https:\/\/zsp1chojna.pl\/?attachment_id=14921\" data-orig-file=\"https:\/\/zsp1chojna.pl\/wp-content\/uploads\/2025\/12\/image001-4.jpg\" data-orig-size=\"1212,695\" data-comments-opened=\"1\" data-image-meta=\"{&quot;aperture&quot;:&quot;0&quot;,&quot;credit&quot;:&quot;&quot;,&quot;camera&quot;:&quot;&quot;,&quot;caption&quot;:&quot;&quot;,&quot;created_timestamp&quot;:&quot;0&quot;,&quot;copyright&quot;:&quot;&quot;,&quot;focal_length&quot;:&quot;0&quot;,&quot;iso&quot;:&quot;0&quot;,&quot;shutter_speed&quot;:&quot;0&quot;,&quot;title&quot;:&quot;&quot;,&quot;orientation&quot;:&quot;0&quot;}\" data-image-title=\"image001\" data-image-description=\"\" data-image-caption=\"\" data-medium-file=\"https:\/\/zsp1chojna.pl\/wp-content\/uploads\/2025\/12\/image001-4-300x172.jpg\" data-large-file=\"https:\/\/zsp1chojna.pl\/wp-content\/uploads\/2025\/12\/image001-4-1024x587.jpg\" src=\"https:\/\/zsp1chojna.pl\/wp-content\/uploads\/2025\/12\/image001-4-1024x587.jpg\" alt=\"\" class=\"wp-image-14921\" srcset=\"https:\/\/zsp1chojna.pl\/wp-content\/uploads\/2025\/12\/image001-4-1024x587.jpg 1024w, https:\/\/zsp1chojna.pl\/wp-content\/uploads\/2025\/12\/image001-4-300x172.jpg 300w, https:\/\/zsp1chojna.pl\/wp-content\/uploads\/2025\/12\/image001-4-768x440.jpg 768w, https:\/\/zsp1chojna.pl\/wp-content\/uploads\/2025\/12\/image001-4-947x543.jpg 947w, https:\/\/zsp1chojna.pl\/wp-content\/uploads\/2025\/12\/image001-4-624x358.jpg 624w, https:\/\/zsp1chojna.pl\/wp-content\/uploads\/2025\/12\/image001-4.jpg 1212w\" sizes=\"auto, (max-width: 1024px) 100vw, 1024px\" \/><\/figure>\n<\/div><\/div>\n<\/div>\n\n\n\n<p class=\"has-text-align-justify has-text-align-justify\">Kolejnym zagadnieniem realizowanym tego dnia, by\u0142 survival \u2013 praktyczne przetrwanie w warunkach \u015brodowiska naturalnego z elementami SERE. Kadeci szkolili si\u0119 w&nbsp; wykonywaniu maskowania i kamufla\u017cu. Omawiano tak\u017ce, jak wygl\u0105da budowanie schronie\u0144 survivalowych.<\/p>\n\n\n\n<p class=\"has-text-align-right\">mgr Marek Bednarz<\/p>\n","protected":false},"excerpt":{"rendered":"<p>29 pa\u017adziernika 2025 r., kadeci klasy 2 oraz 3 Oddzia\u0142u Przygotowania Wojskowego, uczestniczyli w zaj\u0119ciach praktycznych, realizowanych w 5. Pu\u0142ku In\u017cynieryjnym w\u00a0 Szczecinie Podjuchach. Ca\u0142o\u015b\u0107 szkolenia dotycz\u0105ca klasy drugiej, zgodnie [&hellip;]<\/p>\n","protected":false},"author":1,"featured_media":14919,"comment_status":"open","ping_status":"open","sticky":false,"template":"","format":"standard","meta":{"footnotes":""},"categories":[32],"tags":[],"class_list":["post-14916","post","type-post","status-publish","format-standard","has-post-thumbnail","hentry","category-aktualnosci-2025-2026"],"wbAuthor":{"name":"admin","link":"https:\/\/zsp1chojna.pl\/?author=1"},"wbDate":"pa\u017a 29, 2025","wbCategories":{"space":"<a href=\"https:\/\/zsp1chojna.pl\/?cat=32\" rel=\"category\">Aktualno\u015bci 2025\/2026<\/a>","coma":"<a href=\"https:\/\/zsp1chojna.pl\/?cat=32\" rel=\"category\">Aktualno\u015bci 2025\/2026<\/a>"},"wbComment":0,"yoast_head":"<!-- This site is optimized with the Yoast SEO plugin v20.13 - https:\/\/yoast.com\/wordpress\/plugins\/seo\/ -->\n<title>Zaj\u0119cia praktyczne OPW w 5. Pu\u0142ku In\u017cynieryjnym w Szczecinie - ZSP w Chojnie<\/title>\n<meta name=\"robots\" content=\"index, follow, max-snippet:-1, max-image-preview:large, max-video-preview:-1\" \/>\n<link rel=\"canonical\" href=\"https:\/\/zsp1chojna.pl\/?p=14916\" \/>\n<meta property=\"og:locale\" content=\"pl_PL\" \/>\n<meta property=\"og:type\" content=\"article\" \/>\n<meta property=\"og:title\" content=\"Zaj\u0119cia praktyczne OPW w 5. Pu\u0142ku In\u017cynieryjnym w Szczecinie - ZSP w Chojnie\" \/>\n<meta property=\"og:description\" content=\"29 pa\u017adziernika 2025 r., kadeci klasy 2 oraz 3 Oddzia\u0142u Przygotowania Wojskowego, uczestniczyli w zaj\u0119ciach praktycznych, realizowanych w 5. Pu\u0142ku In\u017cynieryjnym w\u00a0 Szczecinie Podjuchach. Ca\u0142o\u015b\u0107 szkolenia dotycz\u0105ca klasy drugiej, zgodnie [&hellip;]\" \/>\n<meta property=\"og:url\" content=\"https:\/\/zsp1chojna.pl\/?p=14916\" \/>\n<meta property=\"og:site_name\" content=\"ZSP w Chojnie\" \/>\n<meta property=\"article:published_time\" content=\"2025-10-29T14:04:06+00:00\" \/>\n<meta property=\"article:modified_time\" content=\"2026-03-02T13:54:51+00:00\" \/>\n<meta property=\"og:image\" content=\"https:\/\/zsp1chojna.pl\/wp-content\/uploads\/2025\/12\/image005.jpg\" \/>\n\t<meta property=\"og:image:width\" content=\"1212\" \/>\n\t<meta property=\"og:image:height\" content=\"695\" \/>\n\t<meta property=\"og:image:type\" content=\"image\/jpeg\" \/>\n<meta name=\"author\" content=\"admin\" \/>\n<meta name=\"twitter:card\" content=\"summary_large_image\" \/>\n<meta name=\"twitter:label1\" content=\"Napisane przez\" \/>\n\t<meta name=\"twitter:data1\" content=\"admin\" \/>\n\t<meta name=\"twitter:label2\" content=\"Szacowany czas czytania\" \/>\n\t<meta name=\"twitter:data2\" content=\"2 minuty\" \/>\n<script type=\"application\/ld+json\" class=\"yoast-schema-graph\">{\"@context\":\"https:\/\/schema.org\",\"@graph\":[{\"@type\":\"Article\",\"@id\":\"https:\/\/zsp1chojna.pl\/?p=14916#article\",\"isPartOf\":{\"@id\":\"https:\/\/zsp1chojna.pl\/?p=14916\"},\"author\":{\"name\":\"admin\",\"@id\":\"https:\/\/zsp1chojna.pl\/#\/schema\/person\/fe8d6c03379c9cface386de0c172e127\"},\"headline\":\"Zaj\u0119cia praktyczne OPW w 5. Pu\u0142ku In\u017cynieryjnym w Szczecinie\",\"datePublished\":\"2025-10-29T14:04:06+00:00\",\"dateModified\":\"2026-03-02T13:54:51+00:00\",\"mainEntityOfPage\":{\"@id\":\"https:\/\/zsp1chojna.pl\/?p=14916\"},\"wordCount\":173,\"commentCount\":0,\"publisher\":{\"@id\":\"https:\/\/zsp1chojna.pl\/#organization\"},\"articleSection\":[\"Aktualno\u015bci 2025\/2026\"],\"inLanguage\":\"pl-PL\",\"potentialAction\":[{\"@type\":\"CommentAction\",\"name\":\"Comment\",\"target\":[\"https:\/\/zsp1chojna.pl\/?p=14916#respond\"]}]},{\"@type\":\"WebPage\",\"@id\":\"https:\/\/zsp1chojna.pl\/?p=14916\",\"url\":\"https:\/\/zsp1chojna.pl\/?p=14916\",\"name\":\"Zaj\u0119cia praktyczne OPW w 5. Pu\u0142ku In\u017cynieryjnym w Szczecinie - ZSP w Chojnie\",\"isPartOf\":{\"@id\":\"https:\/\/zsp1chojna.pl\/#website\"},\"datePublished\":\"2025-10-29T14:04:06+00:00\",\"dateModified\":\"2026-03-02T13:54:51+00:00\",\"breadcrumb\":{\"@id\":\"https:\/\/zsp1chojna.pl\/?p=14916#breadcrumb\"},\"inLanguage\":\"pl-PL\",\"potentialAction\":[{\"@type\":\"ReadAction\",\"target\":[\"https:\/\/zsp1chojna.pl\/?p=14916\"]}]},{\"@type\":\"BreadcrumbList\",\"@id\":\"https:\/\/zsp1chojna.pl\/?p=14916#breadcrumb\",\"itemListElement\":[{\"@type\":\"ListItem\",\"position\":1,\"name\":\"Home\",\"item\":\"https:\/\/zsp1chojna.pl\/\"},{\"@type\":\"ListItem\",\"position\":2,\"name\":\"Zaj\u0119cia praktyczne OPW w 5. Pu\u0142ku In\u017cynieryjnym w Szczecinie\"}]},{\"@type\":\"WebSite\",\"@id\":\"https:\/\/zsp1chojna.pl\/#website\",\"url\":\"https:\/\/zsp1chojna.pl\/\",\"name\":\"ZSP w Chojnie\",\"description\":\"\",\"publisher\":{\"@id\":\"https:\/\/zsp1chojna.pl\/#organization\"},\"potentialAction\":[{\"@type\":\"SearchAction\",\"target\":{\"@type\":\"EntryPoint\",\"urlTemplate\":\"https:\/\/zsp1chojna.pl\/?s={search_term_string}\"},\"query-input\":\"required name=search_term_string\"}],\"inLanguage\":\"pl-PL\"},{\"@type\":\"Organization\",\"@id\":\"https:\/\/zsp1chojna.pl\/#organization\",\"name\":\"ZSP w Chojnie\",\"url\":\"https:\/\/zsp1chojna.pl\/\",\"logo\":{\"@type\":\"ImageObject\",\"inLanguage\":\"pl-PL\",\"@id\":\"https:\/\/zsp1chojna.pl\/#\/schema\/logo\/image\/\",\"url\":\"https:\/\/zsp1chojna.pl\/wp-content\/uploads\/2023\/08\/cropped-cropped-cropped-Logo-biale-napis-na-3-wiersze_504-1.png\",\"contentUrl\":\"https:\/\/zsp1chojna.pl\/wp-content\/uploads\/2023\/08\/cropped-cropped-cropped-Logo-biale-napis-na-3-wiersze_504-1.png\",\"width\":504,\"height\":167,\"caption\":\"ZSP w Chojnie\"},\"image\":{\"@id\":\"https:\/\/zsp1chojna.pl\/#\/schema\/logo\/image\/\"}},{\"@type\":\"Person\",\"@id\":\"https:\/\/zsp1chojna.pl\/#\/schema\/person\/fe8d6c03379c9cface386de0c172e127\",\"name\":\"admin\",\"image\":{\"@type\":\"ImageObject\",\"inLanguage\":\"pl-PL\",\"@id\":\"https:\/\/zsp1chojna.pl\/#\/schema\/person\/image\/\",\"url\":\"https:\/\/secure.gravatar.com\/avatar\/35d79b1d799ff9bac401976862e535bf785f4039d8313d3c00b303598a46dd4e?s=96&d=mm&r=g\",\"contentUrl\":\"https:\/\/secure.gravatar.com\/avatar\/35d79b1d799ff9bac401976862e535bf785f4039d8313d3c00b303598a46dd4e?s=96&d=mm&r=g\",\"caption\":\"admin\"},\"sameAs\":[\"http:\/\/nowazspchojna.pl\"],\"url\":\"https:\/\/zsp1chojna.pl\/?author=1\"}]}<\/script>\n<!-- \/ Yoast SEO plugin. -->","yoast_head_json":{"title":"Zaj\u0119cia praktyczne OPW w 5. Pu\u0142ku In\u017cynieryjnym w Szczecinie - ZSP w Chojnie","robots":{"index":"index","follow":"follow","max-snippet":"max-snippet:-1","max-image-preview":"max-image-preview:large","max-video-preview":"max-video-preview:-1"},"canonical":"https:\/\/zsp1chojna.pl\/?p=14916","og_locale":"pl_PL","og_type":"article","og_title":"Zaj\u0119cia praktyczne OPW w 5. Pu\u0142ku In\u017cynieryjnym w Szczecinie - ZSP w Chojnie","og_description":"29 pa\u017adziernika 2025 r., kadeci klasy 2 oraz 3 Oddzia\u0142u Przygotowania Wojskowego, uczestniczyli w zaj\u0119ciach praktycznych, realizowanych w 5. Pu\u0142ku In\u017cynieryjnym w\u00a0 Szczecinie Podjuchach. Ca\u0142o\u015b\u0107 szkolenia dotycz\u0105ca klasy drugiej, zgodnie [&hellip;]","og_url":"https:\/\/zsp1chojna.pl\/?p=14916","og_site_name":"ZSP w Chojnie","article_published_time":"2025-10-29T14:04:06+00:00","article_modified_time":"2026-03-02T13:54:51+00:00","og_image":[{"width":1212,"height":695,"url":"https:\/\/zsp1chojna.pl\/wp-content\/uploads\/2025\/12\/image005.jpg","type":"image\/jpeg"}],"author":"admin","twitter_card":"summary_large_image","twitter_misc":{"Napisane przez":"admin","Szacowany czas czytania":"2 minuty"},"schema":{"@context":"https:\/\/schema.org","@graph":[{"@type":"Article","@id":"https:\/\/zsp1chojna.pl\/?p=14916#article","isPartOf":{"@id":"https:\/\/zsp1chojna.pl\/?p=14916"},"author":{"name":"admin","@id":"https:\/\/zsp1chojna.pl\/#\/schema\/person\/fe8d6c03379c9cface386de0c172e127"},"headline":"Zaj\u0119cia praktyczne OPW w 5. Pu\u0142ku In\u017cynieryjnym w Szczecinie","datePublished":"2025-10-29T14:04:06+00:00","dateModified":"2026-03-02T13:54:51+00:00","mainEntityOfPage":{"@id":"https:\/\/zsp1chojna.pl\/?p=14916"},"wordCount":173,"commentCount":0,"publisher":{"@id":"https:\/\/zsp1chojna.pl\/#organization"},"articleSection":["Aktualno\u015bci 2025\/2026"],"inLanguage":"pl-PL","potentialAction":[{"@type":"CommentAction","name":"Comment","target":["https:\/\/zsp1chojna.pl\/?p=14916#respond"]}]},{"@type":"WebPage","@id":"https:\/\/zsp1chojna.pl\/?p=14916","url":"https:\/\/zsp1chojna.pl\/?p=14916","name":"Zaj\u0119cia praktyczne OPW w 5. Pu\u0142ku In\u017cynieryjnym w Szczecinie - ZSP w Chojnie","isPartOf":{"@id":"https:\/\/zsp1chojna.pl\/#website"},"datePublished":"2025-10-29T14:04:06+00:00","dateModified":"2026-03-02T13:54:51+00:00","breadcrumb":{"@id":"https:\/\/zsp1chojna.pl\/?p=14916#breadcrumb"},"inLanguage":"pl-PL","potentialAction":[{"@type":"ReadAction","target":["https:\/\/zsp1chojna.pl\/?p=14916"]}]},{"@type":"BreadcrumbList","@id":"https:\/\/zsp1chojna.pl\/?p=14916#breadcrumb","itemListElement":[{"@type":"ListItem","position":1,"name":"Home","item":"https:\/\/zsp1chojna.pl\/"},{"@type":"ListItem","position":2,"name":"Zaj\u0119cia praktyczne OPW w 5. Pu\u0142ku In\u017cynieryjnym w Szczecinie"}]},{"@type":"WebSite","@id":"https:\/\/zsp1chojna.pl\/#website","url":"https:\/\/zsp1chojna.pl\/","name":"ZSP w Chojnie","description":"","publisher":{"@id":"https:\/\/zsp1chojna.pl\/#organization"},"potentialAction":[{"@type":"SearchAction","target":{"@type":"EntryPoint","urlTemplate":"https:\/\/zsp1chojna.pl\/?s={search_term_string}"},"query-input":"required name=search_term_string"}],"inLanguage":"pl-PL"},{"@type":"Organization","@id":"https:\/\/zsp1chojna.pl\/#organization","name":"ZSP w Chojnie","url":"https:\/\/zsp1chojna.pl\/","logo":{"@type":"ImageObject","inLanguage":"pl-PL","@id":"https:\/\/zsp1chojna.pl\/#\/schema\/logo\/image\/","url":"https:\/\/zsp1chojna.pl\/wp-content\/uploads\/2023\/08\/cropped-cropped-cropped-Logo-biale-napis-na-3-wiersze_504-1.png","contentUrl":"https:\/\/zsp1chojna.pl\/wp-content\/uploads\/2023\/08\/cropped-cropped-cropped-Logo-biale-napis-na-3-wiersze_504-1.png","width":504,"height":167,"caption":"ZSP w Chojnie"},"image":{"@id":"https:\/\/zsp1chojna.pl\/#\/schema\/logo\/image\/"}},{"@type":"Person","@id":"https:\/\/zsp1chojna.pl\/#\/schema\/person\/fe8d6c03379c9cface386de0c172e127","name":"admin","image":{"@type":"ImageObject","inLanguage":"pl-PL","@id":"https:\/\/zsp1chojna.pl\/#\/schema\/person\/image\/","url":"https:\/\/secure.gravatar.com\/avatar\/35d79b1d799ff9bac401976862e535bf785f4039d8313d3c00b303598a46dd4e?s=96&d=mm&r=g","contentUrl":"https:\/\/secure.gravatar.com\/avatar\/35d79b1d799ff9bac401976862e535bf785f4039d8313d3c00b303598a46dd4e?s=96&d=mm&r=g","caption":"admin"},"sameAs":["http:\/\/nowazspchojna.pl"],"url":"https:\/\/zsp1chojna.pl\/?author=1"}]}},"jetpack_featured_media_url":"https:\/\/zsp1chojna.pl\/wp-content\/uploads\/2025\/12\/image005.jpg","_links":{"self":[{"href":"https:\/\/zsp1chojna.pl\/index.php?rest_route=\/wp\/v2\/posts\/14916","targetHints":{"allow":["GET"]}}],"collection":[{"href":"https:\/\/zsp1chojna.pl\/index.php?rest_route=\/wp\/v2\/posts"}],"about":[{"href":"https:\/\/zsp1chojna.pl\/index.php?rest_route=\/wp\/v2\/types\/post"}],"author":[{"embeddable":true,"href":"https:\/\/zsp1chojna.pl\/index.php?rest_route=\/wp\/v2\/users\/1"}],"replies":[{"embeddable":true,"href":"https:\/\/zsp1chojna.pl\/index.php?rest_route=%2Fwp%2Fv2%2Fcomments&post=14916"}],"version-history":[{"count":1,"href":"https:\/\/zsp1chojna.pl\/index.php?rest_route=\/wp\/v2\/posts\/14916\/revisions"}],"predecessor-version":[{"id":14922,"href":"https:\/\/zsp1chojna.pl\/index.php?rest_route=\/wp\/v2\/posts\/14916\/revisions\/14922"}],"wp:featuredmedia":[{"embeddable":true,"href":"https:\/\/zsp1chojna.pl\/index.php?rest_route=\/wp\/v2\/media\/14919"}],"wp:attachment":[{"href":"https:\/\/zsp1chojna.pl\/index.php?rest_route=%2Fwp%2Fv2%2Fmedia&parent=14916"}],"wp:term":[{"taxonomy":"category","embeddable":true,"href":"https:\/\/zsp1chojna.pl\/index.php?rest_route=%2Fwp%2Fv2%2Fcategories&post=14916"},{"taxonomy":"post_tag","embeddable":true,"href":"https:\/\/zsp1chojna.pl\/index.php?rest_route=%2Fwp%2Fv2%2Ftags&post=14916"}],"curies":[{"name":"wp","href":"https:\/\/api.w.org\/{rel}","templated":true}]}}