{"id":14813,"date":"2025-10-10T08:39:29","date_gmt":"2025-10-10T06:39:29","guid":{"rendered":"https:\/\/zsp1chojna.pl\/?p=14813"},"modified":"2026-03-02T15:00:05","modified_gmt":"2026-03-02T14:00:05","slug":"swieto-drzewa-2","status":"publish","type":"post","link":"https:\/\/zsp1chojna.pl\/?p=14813","title":{"rendered":"\u015awi\u0119to Drzewa"},"content":{"rendered":"\n<p class=\"has-text-align-justify\">10 pa\u017adziernika 2025 r., nasi uczniowie wzi\u0119li udzia\u0142 w obchodach \u015awi\u0119ta Drzewa. Tym razem by\u0142y to obchody szczeg\u00f3lne, poniewa\u017c rozpocz\u0119li\u015bmy projekt zak\u0142adania ogrodu szkolnego, kt\u00f3ry ma mie\u0107 charakter u\u017cytkowo-ozdobny i s\u0142u\u017cy\u0107 ca\u0142ej spo\u0142eczno\u015bci szkolnej. Zacz\u0119li\u015bmy oczywi\u015bcie od posadzenia symbolicznych drzew jab\u0142oni i gruszy. Nast\u0119pnie cz\u0142onkowie szkolnego Klubu Ekologicznego, posadzili podarowane przez Pani\u0105 Katarzyn\u0119 Nowak, Pana Krzysztofa Janika i Pana Marka Bednarza, sadzonki truskawek i funkii. Tak\u00a0powsta\u0142y tej jesieni podwaliny naszego ogrodu, kt\u00f3ry b\u0119dzie na wiosn\u0119 stopniowo uzupe\u0142niany nowymi ro\u015blinami.<\/p>\n\n\n<div class=\"wp-block-image\">\n<figure class=\"aligncenter size-full\"><img loading=\"lazy\" decoding=\"async\" width=\"610\" height=\"852\" data-attachment-id=\"14814\" data-permalink=\"https:\/\/zsp1chojna.pl\/?attachment_id=14814\" data-orig-file=\"https:\/\/zsp1chojna.pl\/wp-content\/uploads\/2025\/11\/image001-1.jpg\" data-orig-size=\"610,852\" data-comments-opened=\"1\" data-image-meta=\"{&quot;aperture&quot;:&quot;0&quot;,&quot;credit&quot;:&quot;&quot;,&quot;camera&quot;:&quot;&quot;,&quot;caption&quot;:&quot;&quot;,&quot;created_timestamp&quot;:&quot;0&quot;,&quot;copyright&quot;:&quot;&quot;,&quot;focal_length&quot;:&quot;0&quot;,&quot;iso&quot;:&quot;0&quot;,&quot;shutter_speed&quot;:&quot;0&quot;,&quot;title&quot;:&quot;&quot;,&quot;orientation&quot;:&quot;0&quot;}\" data-image-title=\"image001\" data-image-description=\"\" data-image-caption=\"\" data-medium-file=\"https:\/\/zsp1chojna.pl\/wp-content\/uploads\/2025\/11\/image001-1-215x300.jpg\" data-large-file=\"https:\/\/zsp1chojna.pl\/wp-content\/uploads\/2025\/11\/image001-1.jpg\" src=\"https:\/\/zsp1chojna.pl\/wp-content\/uploads\/2025\/11\/image001-1.jpg\" alt=\"\" class=\"wp-image-14814\" srcset=\"https:\/\/zsp1chojna.pl\/wp-content\/uploads\/2025\/11\/image001-1.jpg 610w, https:\/\/zsp1chojna.pl\/wp-content\/uploads\/2025\/11\/image001-1-215x300.jpg 215w\" sizes=\"auto, (max-width: 610px) 100vw, 610px\" \/><\/figure>\n<\/div>\n\n\n<p class=\"has-text-align-justify\">Ustanowione przez Klub Gaja <strong>\u015awi\u0119to Drzewa<\/strong>, w wielu miejscach w kraju integruje spo\u0142eczno\u015bci wok\u00f3\u0142 inicjatyw lokalnych, jak sadzenie drzew, otaczanie opiek\u0105 starych drzew, organizowanie festyn\u00f3w, wycieczek, konkurs\u00f3w i zbi\u00f3rek makulatury. W ci\u0105gu 22 lat \u015awi\u0119ta Drzewa, w programie uczestniczy\u0142o blisko 850 tysi\u0119cy os\u00f3b. Przy szerokim udziale spo\u0142ecznym, posadzono blisko 1 milion 75 tysi\u0119cy drzew, zbudowano blisko 2000 schronie\u0144\/budek l\u0119gowych dla zwierz\u0105t i odkryto ponad 200 niezwyk\u0142ych drzew, wa\u017cnych dla spo\u0142eczno\u015bci lokalnych w konkursie Drzewo Roku.<\/p>\n\n\n<div class=\"wp-block-image\">\n<figure class=\"aligncenter size-large\"><img loading=\"lazy\" decoding=\"async\" width=\"1024\" height=\"767\" data-attachment-id=\"14815\" data-permalink=\"https:\/\/zsp1chojna.pl\/?attachment_id=14815\" data-orig-file=\"https:\/\/zsp1chojna.pl\/wp-content\/uploads\/2025\/11\/image002-1.jpg\" data-orig-size=\"1121,840\" data-comments-opened=\"1\" data-image-meta=\"{&quot;aperture&quot;:&quot;0&quot;,&quot;credit&quot;:&quot;&quot;,&quot;camera&quot;:&quot;&quot;,&quot;caption&quot;:&quot;&quot;,&quot;created_timestamp&quot;:&quot;0&quot;,&quot;copyright&quot;:&quot;&quot;,&quot;focal_length&quot;:&quot;0&quot;,&quot;iso&quot;:&quot;0&quot;,&quot;shutter_speed&quot;:&quot;0&quot;,&quot;title&quot;:&quot;&quot;,&quot;orientation&quot;:&quot;0&quot;}\" data-image-title=\"image002\" data-image-description=\"\" data-image-caption=\"\" data-medium-file=\"https:\/\/zsp1chojna.pl\/wp-content\/uploads\/2025\/11\/image002-1-300x225.jpg\" data-large-file=\"https:\/\/zsp1chojna.pl\/wp-content\/uploads\/2025\/11\/image002-1-1024x767.jpg\" src=\"https:\/\/zsp1chojna.pl\/wp-content\/uploads\/2025\/11\/image002-1-1024x767.jpg\" alt=\"\" class=\"wp-image-14815\" srcset=\"https:\/\/zsp1chojna.pl\/wp-content\/uploads\/2025\/11\/image002-1-1024x767.jpg 1024w, https:\/\/zsp1chojna.pl\/wp-content\/uploads\/2025\/11\/image002-1-300x225.jpg 300w, https:\/\/zsp1chojna.pl\/wp-content\/uploads\/2025\/11\/image002-1-768x575.jpg 768w, https:\/\/zsp1chojna.pl\/wp-content\/uploads\/2025\/11\/image002-1-947x710.jpg 947w, https:\/\/zsp1chojna.pl\/wp-content\/uploads\/2025\/11\/image002-1-624x468.jpg 624w, https:\/\/zsp1chojna.pl\/wp-content\/uploads\/2025\/11\/image002-1.jpg 1121w\" sizes=\"auto, (max-width: 1024px) 100vw, 1024px\" \/><\/figure>\n<\/div>\n\n\n<p class=\"has-text-align-justify\">W tym roku, Klub Gaja zach\u0119ca\u0142 uczestnik\u00f3w \u015awi\u0119ta Drzewa do \u0142\u0105czenia dzia\u0142a\u0144 dla drzew i przyrody z poezj\u0105. Rok 2025 zosta\u0142 og\u0142oszony rokiem Marii Pawlikowskiej-Jasnorzewskiej, co da\u0142o impuls do zatytu\u0142owania tegorocznej edycji \u201eSZUMI\u0104CE OPOWIE\u015aCI\u201d i posadzenia drzewa dla upami\u0119tnienia poetki.<\/p>\n\n\n<div class=\"wp-block-image\">\n<figure class=\"aligncenter size-large\"><img loading=\"lazy\" decoding=\"async\" width=\"1024\" height=\"768\" data-attachment-id=\"14816\" data-permalink=\"https:\/\/zsp1chojna.pl\/?attachment_id=14816\" data-orig-file=\"https:\/\/zsp1chojna.pl\/wp-content\/uploads\/2025\/11\/image003-1.jpg\" data-orig-size=\"1173,880\" data-comments-opened=\"1\" data-image-meta=\"{&quot;aperture&quot;:&quot;0&quot;,&quot;credit&quot;:&quot;&quot;,&quot;camera&quot;:&quot;&quot;,&quot;caption&quot;:&quot;&quot;,&quot;created_timestamp&quot;:&quot;0&quot;,&quot;copyright&quot;:&quot;&quot;,&quot;focal_length&quot;:&quot;0&quot;,&quot;iso&quot;:&quot;0&quot;,&quot;shutter_speed&quot;:&quot;0&quot;,&quot;title&quot;:&quot;&quot;,&quot;orientation&quot;:&quot;0&quot;}\" data-image-title=\"image003\" data-image-description=\"\" data-image-caption=\"\" data-medium-file=\"https:\/\/zsp1chojna.pl\/wp-content\/uploads\/2025\/11\/image003-1-300x225.jpg\" data-large-file=\"https:\/\/zsp1chojna.pl\/wp-content\/uploads\/2025\/11\/image003-1-1024x768.jpg\" src=\"https:\/\/zsp1chojna.pl\/wp-content\/uploads\/2025\/11\/image003-1-1024x768.jpg\" alt=\"\" class=\"wp-image-14816\" srcset=\"https:\/\/zsp1chojna.pl\/wp-content\/uploads\/2025\/11\/image003-1-1024x768.jpg 1024w, https:\/\/zsp1chojna.pl\/wp-content\/uploads\/2025\/11\/image003-1-300x225.jpg 300w, https:\/\/zsp1chojna.pl\/wp-content\/uploads\/2025\/11\/image003-1-768x576.jpg 768w, https:\/\/zsp1chojna.pl\/wp-content\/uploads\/2025\/11\/image003-1-947x710.jpg 947w, https:\/\/zsp1chojna.pl\/wp-content\/uploads\/2025\/11\/image003-1-624x468.jpg 624w, https:\/\/zsp1chojna.pl\/wp-content\/uploads\/2025\/11\/image003-1.jpg 1173w\" sizes=\"auto, (max-width: 1024px) 100vw, 1024px\" \/><\/figure>\n<\/div>\n\n\n<p class=\"has-text-align-justify\">Ze wzgl\u0119du na tytu\u0142 tegorocznych obchod\u00f3w, nie mog\u0142o si\u0119 oby\u0107 bez symbolicznego \u201eCzytania Drzewom\u201d, kt\u00f3re przygotowa\u0142a Pani Gabriela Lasowska, wraz z cz\u0142onkami Klubu Ekologicznego.<\/p>\n\n\n<div class=\"wp-block-image\">\n<figure class=\"aligncenter size-large\"><img loading=\"lazy\" decoding=\"async\" width=\"1024\" height=\"768\" data-attachment-id=\"14817\" data-permalink=\"https:\/\/zsp1chojna.pl\/?attachment_id=14817\" data-orig-file=\"https:\/\/zsp1chojna.pl\/wp-content\/uploads\/2025\/11\/image004-1.jpg\" data-orig-size=\"1214,911\" data-comments-opened=\"1\" data-image-meta=\"{&quot;aperture&quot;:&quot;0&quot;,&quot;credit&quot;:&quot;&quot;,&quot;camera&quot;:&quot;&quot;,&quot;caption&quot;:&quot;&quot;,&quot;created_timestamp&quot;:&quot;0&quot;,&quot;copyright&quot;:&quot;&quot;,&quot;focal_length&quot;:&quot;0&quot;,&quot;iso&quot;:&quot;0&quot;,&quot;shutter_speed&quot;:&quot;0&quot;,&quot;title&quot;:&quot;&quot;,&quot;orientation&quot;:&quot;0&quot;}\" data-image-title=\"image004\" data-image-description=\"\" data-image-caption=\"\" data-medium-file=\"https:\/\/zsp1chojna.pl\/wp-content\/uploads\/2025\/11\/image004-1-300x225.jpg\" data-large-file=\"https:\/\/zsp1chojna.pl\/wp-content\/uploads\/2025\/11\/image004-1-1024x768.jpg\" src=\"https:\/\/zsp1chojna.pl\/wp-content\/uploads\/2025\/11\/image004-1-1024x768.jpg\" alt=\"\" class=\"wp-image-14817\" srcset=\"https:\/\/zsp1chojna.pl\/wp-content\/uploads\/2025\/11\/image004-1-1024x768.jpg 1024w, https:\/\/zsp1chojna.pl\/wp-content\/uploads\/2025\/11\/image004-1-300x225.jpg 300w, https:\/\/zsp1chojna.pl\/wp-content\/uploads\/2025\/11\/image004-1-768x576.jpg 768w, https:\/\/zsp1chojna.pl\/wp-content\/uploads\/2025\/11\/image004-1-947x711.jpg 947w, https:\/\/zsp1chojna.pl\/wp-content\/uploads\/2025\/11\/image004-1-624x468.jpg 624w, https:\/\/zsp1chojna.pl\/wp-content\/uploads\/2025\/11\/image004-1.jpg 1214w\" sizes=\"auto, (max-width: 1024px) 100vw, 1024px\" \/><\/figure>\n<\/div>\n\n\n<p><strong>Wszystko zale\u017cy od ciebie <\/strong><br>W twojej r\u0119ce jest \u015bwiat. W twojej bia\u0142ej r\u0119ce.<br>Gdy zechcesz, b\u0119dzie jasny, genialny, gor\u0105cy,<br>muzyczny, malarski, kwitn\u0105cy, szumi\u0105cy\u2026<br>Nie b\u0119dzie wi\u0119cej zimy.<br>B\u0119dzie primavera.<br>Powiedz mu, niechaj \u017cyje lub niechaj umiera.<br>Powiedz. Powiedz pr\u0119dzej.<br>\u201e\u015awiat\u201d 1928<\/p>\n\n\n\n<p class=\"has-text-align-justify\">\u201eNiech ten pi\u0119kny wiersz b\u0119dzie inspiracj\u0105 tegorocznej edycji \u201e\u015awi\u0119ta Drzewa\u201d i&nbsp;przypomina nam, pomimo wielu przeciwno\u015bci i kryzys\u00f3w, \u017ce wszystko zale\u017cy od Ciebie i&nbsp;Ciebie i Ciebie\u201d \u2013 m\u00f3wi <strong>Jacek Bo\u017cek,<\/strong> za\u0142o\u017cyciel i lider Klubu Gaja.<\/p>\n\n\n\n<p class=\"has-text-align-right\">mgr Agnieszka Pawlaczyk<\/p>\n\n\n\n<p><\/p>\n","protected":false},"excerpt":{"rendered":"<p>10 pa\u017adziernika 2025 r., nasi uczniowie wzi\u0119li udzia\u0142 w obchodach \u015awi\u0119ta Drzewa. Tym razem by\u0142y to obchody szczeg\u00f3lne, poniewa\u017c rozpocz\u0119li\u015bmy projekt zak\u0142adania ogrodu szkolnego, kt\u00f3ry ma mie\u0107 charakter u\u017cytkowo-ozdobny i [&hellip;]<\/p>\n","protected":false},"author":1,"featured_media":14815,"comment_status":"open","ping_status":"open","sticky":false,"template":"","format":"standard","meta":{"footnotes":""},"categories":[32],"tags":[],"class_list":["post-14813","post","type-post","status-publish","format-standard","has-post-thumbnail","hentry","category-aktualnosci-2025-2026"],"wbAuthor":{"name":"admin","link":"https:\/\/zsp1chojna.pl\/?author=1"},"wbDate":"pa\u017a 10, 2025","wbCategories":{"space":"<a href=\"https:\/\/zsp1chojna.pl\/?cat=32\" rel=\"category\">Aktualno\u015bci 2025\/2026<\/a>","coma":"<a href=\"https:\/\/zsp1chojna.pl\/?cat=32\" rel=\"category\">Aktualno\u015bci 2025\/2026<\/a>"},"wbComment":0,"yoast_head":"<!-- This site is optimized with the Yoast SEO plugin v20.13 - https:\/\/yoast.com\/wordpress\/plugins\/seo\/ -->\n<title>\u015awi\u0119to Drzewa - ZSP w Chojnie<\/title>\n<meta name=\"robots\" content=\"index, follow, max-snippet:-1, max-image-preview:large, max-video-preview:-1\" \/>\n<link rel=\"canonical\" href=\"https:\/\/zsp1chojna.pl\/?p=14813\" \/>\n<meta property=\"og:locale\" content=\"pl_PL\" \/>\n<meta property=\"og:type\" content=\"article\" \/>\n<meta property=\"og:title\" content=\"\u015awi\u0119to Drzewa - ZSP w Chojnie\" \/>\n<meta property=\"og:description\" content=\"10 pa\u017adziernika 2025 r., nasi uczniowie wzi\u0119li udzia\u0142 w obchodach \u015awi\u0119ta Drzewa. Tym razem by\u0142y to obchody szczeg\u00f3lne, poniewa\u017c rozpocz\u0119li\u015bmy projekt zak\u0142adania ogrodu szkolnego, kt\u00f3ry ma mie\u0107 charakter u\u017cytkowo-ozdobny i [&hellip;]\" \/>\n<meta property=\"og:url\" content=\"https:\/\/zsp1chojna.pl\/?p=14813\" \/>\n<meta property=\"og:site_name\" content=\"ZSP w Chojnie\" \/>\n<meta property=\"article:published_time\" content=\"2025-10-10T06:39:29+00:00\" \/>\n<meta property=\"article:modified_time\" content=\"2026-03-02T14:00:05+00:00\" \/>\n<meta property=\"og:image\" content=\"https:\/\/zsp1chojna.pl\/wp-content\/uploads\/2025\/11\/image002-1.jpg\" \/>\n\t<meta property=\"og:image:width\" content=\"1121\" \/>\n\t<meta property=\"og:image:height\" content=\"840\" \/>\n\t<meta property=\"og:image:type\" content=\"image\/jpeg\" \/>\n<meta name=\"author\" content=\"admin\" \/>\n<meta name=\"twitter:card\" content=\"summary_large_image\" \/>\n<meta name=\"twitter:label1\" content=\"Napisane przez\" \/>\n\t<meta name=\"twitter:data1\" content=\"admin\" \/>\n\t<meta name=\"twitter:label2\" content=\"Szacowany czas czytania\" \/>\n\t<meta name=\"twitter:data2\" content=\"3 minuty\" \/>\n<script type=\"application\/ld+json\" class=\"yoast-schema-graph\">{\"@context\":\"https:\/\/schema.org\",\"@graph\":[{\"@type\":\"Article\",\"@id\":\"https:\/\/zsp1chojna.pl\/?p=14813#article\",\"isPartOf\":{\"@id\":\"https:\/\/zsp1chojna.pl\/?p=14813\"},\"author\":{\"name\":\"admin\",\"@id\":\"https:\/\/zsp1chojna.pl\/#\/schema\/person\/fe8d6c03379c9cface386de0c172e127\"},\"headline\":\"\u015awi\u0119to Drzewa\",\"datePublished\":\"2025-10-10T06:39:29+00:00\",\"dateModified\":\"2026-03-02T14:00:05+00:00\",\"mainEntityOfPage\":{\"@id\":\"https:\/\/zsp1chojna.pl\/?p=14813\"},\"wordCount\":377,\"commentCount\":0,\"publisher\":{\"@id\":\"https:\/\/zsp1chojna.pl\/#organization\"},\"articleSection\":[\"Aktualno\u015bci 2025\/2026\"],\"inLanguage\":\"pl-PL\",\"potentialAction\":[{\"@type\":\"CommentAction\",\"name\":\"Comment\",\"target\":[\"https:\/\/zsp1chojna.pl\/?p=14813#respond\"]}]},{\"@type\":\"WebPage\",\"@id\":\"https:\/\/zsp1chojna.pl\/?p=14813\",\"url\":\"https:\/\/zsp1chojna.pl\/?p=14813\",\"name\":\"\u015awi\u0119to Drzewa - ZSP w Chojnie\",\"isPartOf\":{\"@id\":\"https:\/\/zsp1chojna.pl\/#website\"},\"datePublished\":\"2025-10-10T06:39:29+00:00\",\"dateModified\":\"2026-03-02T14:00:05+00:00\",\"breadcrumb\":{\"@id\":\"https:\/\/zsp1chojna.pl\/?p=14813#breadcrumb\"},\"inLanguage\":\"pl-PL\",\"potentialAction\":[{\"@type\":\"ReadAction\",\"target\":[\"https:\/\/zsp1chojna.pl\/?p=14813\"]}]},{\"@type\":\"BreadcrumbList\",\"@id\":\"https:\/\/zsp1chojna.pl\/?p=14813#breadcrumb\",\"itemListElement\":[{\"@type\":\"ListItem\",\"position\":1,\"name\":\"Home\",\"item\":\"https:\/\/zsp1chojna.pl\/\"},{\"@type\":\"ListItem\",\"position\":2,\"name\":\"\u015awi\u0119to Drzewa\"}]},{\"@type\":\"WebSite\",\"@id\":\"https:\/\/zsp1chojna.pl\/#website\",\"url\":\"https:\/\/zsp1chojna.pl\/\",\"name\":\"ZSP w Chojnie\",\"description\":\"\",\"publisher\":{\"@id\":\"https:\/\/zsp1chojna.pl\/#organization\"},\"potentialAction\":[{\"@type\":\"SearchAction\",\"target\":{\"@type\":\"EntryPoint\",\"urlTemplate\":\"https:\/\/zsp1chojna.pl\/?s={search_term_string}\"},\"query-input\":\"required name=search_term_string\"}],\"inLanguage\":\"pl-PL\"},{\"@type\":\"Organization\",\"@id\":\"https:\/\/zsp1chojna.pl\/#organization\",\"name\":\"ZSP w Chojnie\",\"url\":\"https:\/\/zsp1chojna.pl\/\",\"logo\":{\"@type\":\"ImageObject\",\"inLanguage\":\"pl-PL\",\"@id\":\"https:\/\/zsp1chojna.pl\/#\/schema\/logo\/image\/\",\"url\":\"https:\/\/zsp1chojna.pl\/wp-content\/uploads\/2023\/08\/cropped-cropped-cropped-Logo-biale-napis-na-3-wiersze_504-1.png\",\"contentUrl\":\"https:\/\/zsp1chojna.pl\/wp-content\/uploads\/2023\/08\/cropped-cropped-cropped-Logo-biale-napis-na-3-wiersze_504-1.png\",\"width\":504,\"height\":167,\"caption\":\"ZSP w Chojnie\"},\"image\":{\"@id\":\"https:\/\/zsp1chojna.pl\/#\/schema\/logo\/image\/\"}},{\"@type\":\"Person\",\"@id\":\"https:\/\/zsp1chojna.pl\/#\/schema\/person\/fe8d6c03379c9cface386de0c172e127\",\"name\":\"admin\",\"image\":{\"@type\":\"ImageObject\",\"inLanguage\":\"pl-PL\",\"@id\":\"https:\/\/zsp1chojna.pl\/#\/schema\/person\/image\/\",\"url\":\"https:\/\/secure.gravatar.com\/avatar\/35d79b1d799ff9bac401976862e535bf785f4039d8313d3c00b303598a46dd4e?s=96&d=mm&r=g\",\"contentUrl\":\"https:\/\/secure.gravatar.com\/avatar\/35d79b1d799ff9bac401976862e535bf785f4039d8313d3c00b303598a46dd4e?s=96&d=mm&r=g\",\"caption\":\"admin\"},\"sameAs\":[\"http:\/\/nowazspchojna.pl\"],\"url\":\"https:\/\/zsp1chojna.pl\/?author=1\"}]}<\/script>\n<!-- \/ Yoast SEO plugin. -->","yoast_head_json":{"title":"\u015awi\u0119to Drzewa - ZSP w Chojnie","robots":{"index":"index","follow":"follow","max-snippet":"max-snippet:-1","max-image-preview":"max-image-preview:large","max-video-preview":"max-video-preview:-1"},"canonical":"https:\/\/zsp1chojna.pl\/?p=14813","og_locale":"pl_PL","og_type":"article","og_title":"\u015awi\u0119to Drzewa - ZSP w Chojnie","og_description":"10 pa\u017adziernika 2025 r., nasi uczniowie wzi\u0119li udzia\u0142 w obchodach \u015awi\u0119ta Drzewa. Tym razem by\u0142y to obchody szczeg\u00f3lne, poniewa\u017c rozpocz\u0119li\u015bmy projekt zak\u0142adania ogrodu szkolnego, kt\u00f3ry ma mie\u0107 charakter u\u017cytkowo-ozdobny i [&hellip;]","og_url":"https:\/\/zsp1chojna.pl\/?p=14813","og_site_name":"ZSP w Chojnie","article_published_time":"2025-10-10T06:39:29+00:00","article_modified_time":"2026-03-02T14:00:05+00:00","og_image":[{"width":1121,"height":840,"url":"https:\/\/zsp1chojna.pl\/wp-content\/uploads\/2025\/11\/image002-1.jpg","type":"image\/jpeg"}],"author":"admin","twitter_card":"summary_large_image","twitter_misc":{"Napisane przez":"admin","Szacowany czas czytania":"3 minuty"},"schema":{"@context":"https:\/\/schema.org","@graph":[{"@type":"Article","@id":"https:\/\/zsp1chojna.pl\/?p=14813#article","isPartOf":{"@id":"https:\/\/zsp1chojna.pl\/?p=14813"},"author":{"name":"admin","@id":"https:\/\/zsp1chojna.pl\/#\/schema\/person\/fe8d6c03379c9cface386de0c172e127"},"headline":"\u015awi\u0119to Drzewa","datePublished":"2025-10-10T06:39:29+00:00","dateModified":"2026-03-02T14:00:05+00:00","mainEntityOfPage":{"@id":"https:\/\/zsp1chojna.pl\/?p=14813"},"wordCount":377,"commentCount":0,"publisher":{"@id":"https:\/\/zsp1chojna.pl\/#organization"},"articleSection":["Aktualno\u015bci 2025\/2026"],"inLanguage":"pl-PL","potentialAction":[{"@type":"CommentAction","name":"Comment","target":["https:\/\/zsp1chojna.pl\/?p=14813#respond"]}]},{"@type":"WebPage","@id":"https:\/\/zsp1chojna.pl\/?p=14813","url":"https:\/\/zsp1chojna.pl\/?p=14813","name":"\u015awi\u0119to Drzewa - ZSP w Chojnie","isPartOf":{"@id":"https:\/\/zsp1chojna.pl\/#website"},"datePublished":"2025-10-10T06:39:29+00:00","dateModified":"2026-03-02T14:00:05+00:00","breadcrumb":{"@id":"https:\/\/zsp1chojna.pl\/?p=14813#breadcrumb"},"inLanguage":"pl-PL","potentialAction":[{"@type":"ReadAction","target":["https:\/\/zsp1chojna.pl\/?p=14813"]}]},{"@type":"BreadcrumbList","@id":"https:\/\/zsp1chojna.pl\/?p=14813#breadcrumb","itemListElement":[{"@type":"ListItem","position":1,"name":"Home","item":"https:\/\/zsp1chojna.pl\/"},{"@type":"ListItem","position":2,"name":"\u015awi\u0119to Drzewa"}]},{"@type":"WebSite","@id":"https:\/\/zsp1chojna.pl\/#website","url":"https:\/\/zsp1chojna.pl\/","name":"ZSP w Chojnie","description":"","publisher":{"@id":"https:\/\/zsp1chojna.pl\/#organization"},"potentialAction":[{"@type":"SearchAction","target":{"@type":"EntryPoint","urlTemplate":"https:\/\/zsp1chojna.pl\/?s={search_term_string}"},"query-input":"required name=search_term_string"}],"inLanguage":"pl-PL"},{"@type":"Organization","@id":"https:\/\/zsp1chojna.pl\/#organization","name":"ZSP w Chojnie","url":"https:\/\/zsp1chojna.pl\/","logo":{"@type":"ImageObject","inLanguage":"pl-PL","@id":"https:\/\/zsp1chojna.pl\/#\/schema\/logo\/image\/","url":"https:\/\/zsp1chojna.pl\/wp-content\/uploads\/2023\/08\/cropped-cropped-cropped-Logo-biale-napis-na-3-wiersze_504-1.png","contentUrl":"https:\/\/zsp1chojna.pl\/wp-content\/uploads\/2023\/08\/cropped-cropped-cropped-Logo-biale-napis-na-3-wiersze_504-1.png","width":504,"height":167,"caption":"ZSP w Chojnie"},"image":{"@id":"https:\/\/zsp1chojna.pl\/#\/schema\/logo\/image\/"}},{"@type":"Person","@id":"https:\/\/zsp1chojna.pl\/#\/schema\/person\/fe8d6c03379c9cface386de0c172e127","name":"admin","image":{"@type":"ImageObject","inLanguage":"pl-PL","@id":"https:\/\/zsp1chojna.pl\/#\/schema\/person\/image\/","url":"https:\/\/secure.gravatar.com\/avatar\/35d79b1d799ff9bac401976862e535bf785f4039d8313d3c00b303598a46dd4e?s=96&d=mm&r=g","contentUrl":"https:\/\/secure.gravatar.com\/avatar\/35d79b1d799ff9bac401976862e535bf785f4039d8313d3c00b303598a46dd4e?s=96&d=mm&r=g","caption":"admin"},"sameAs":["http:\/\/nowazspchojna.pl"],"url":"https:\/\/zsp1chojna.pl\/?author=1"}]}},"jetpack_featured_media_url":"https:\/\/zsp1chojna.pl\/wp-content\/uploads\/2025\/11\/image002-1.jpg","_links":{"self":[{"href":"https:\/\/zsp1chojna.pl\/index.php?rest_route=\/wp\/v2\/posts\/14813","targetHints":{"allow":["GET"]}}],"collection":[{"href":"https:\/\/zsp1chojna.pl\/index.php?rest_route=\/wp\/v2\/posts"}],"about":[{"href":"https:\/\/zsp1chojna.pl\/index.php?rest_route=\/wp\/v2\/types\/post"}],"author":[{"embeddable":true,"href":"https:\/\/zsp1chojna.pl\/index.php?rest_route=\/wp\/v2\/users\/1"}],"replies":[{"embeddable":true,"href":"https:\/\/zsp1chojna.pl\/index.php?rest_route=%2Fwp%2Fv2%2Fcomments&post=14813"}],"version-history":[{"count":1,"href":"https:\/\/zsp1chojna.pl\/index.php?rest_route=\/wp\/v2\/posts\/14813\/revisions"}],"predecessor-version":[{"id":14818,"href":"https:\/\/zsp1chojna.pl\/index.php?rest_route=\/wp\/v2\/posts\/14813\/revisions\/14818"}],"wp:featuredmedia":[{"embeddable":true,"href":"https:\/\/zsp1chojna.pl\/index.php?rest_route=\/wp\/v2\/media\/14815"}],"wp:attachment":[{"href":"https:\/\/zsp1chojna.pl\/index.php?rest_route=%2Fwp%2Fv2%2Fmedia&parent=14813"}],"wp:term":[{"taxonomy":"category","embeddable":true,"href":"https:\/\/zsp1chojna.pl\/index.php?rest_route=%2Fwp%2Fv2%2Fcategories&post=14813"},{"taxonomy":"post_tag","embeddable":true,"href":"https:\/\/zsp1chojna.pl\/index.php?rest_route=%2Fwp%2Fv2%2Ftags&post=14813"}],"curies":[{"name":"wp","href":"https:\/\/api.w.org\/{rel}","templated":true}]}}