{"id":14483,"date":"2025-08-14T11:28:53","date_gmt":"2025-08-14T09:28:53","guid":{"rendered":"https:\/\/zsp1chojna.pl\/?p=14483"},"modified":"2025-09-29T11:32:16","modified_gmt":"2025-09-29T09:32:16","slug":"uroczyste-obchody-swieta-wojska-polskiego-w-5-pulku-inzynieryjnym-w-szczecinie-podjuchach","status":"publish","type":"post","link":"https:\/\/zsp1chojna.pl\/?p=14483","title":{"rendered":"Uroczyste obchody \u015awi\u0119ta Wojska Polskiego w 5. Pu\u0142ku In\u017cynieryjnym w Szczecinie Podjuchach"},"content":{"rendered":"\n<p class=\"has-text-align-justify\">14 sierpnia 2025 r., na zaproszenie dow\u00f3dcy 5. Pu\u0142ku In\u017cynieryjnego w Szczecinie Podjuchach, delegacja Zespo\u0142u Szk\u00f3\u0142 Ponadpodstawowych wzi\u0119\u0142a udzia\u0142 w uroczystych obchodach \u015awi\u0119ta Wojska Polskiego.<\/p>\n\n\n<div class=\"wp-block-image\">\n<figure class=\"aligncenter size-full\"><img loading=\"lazy\" decoding=\"async\" width=\"800\" height=\"476\" data-attachment-id=\"14484\" data-permalink=\"https:\/\/zsp1chojna.pl\/?attachment_id=14484\" data-orig-file=\"https:\/\/zsp1chojna.pl\/wp-content\/uploads\/2025\/09\/swieto-wojska2025-1.jpg\" data-orig-size=\"800,476\" data-comments-opened=\"1\" data-image-meta=\"{&quot;aperture&quot;:&quot;0&quot;,&quot;credit&quot;:&quot;&quot;,&quot;camera&quot;:&quot;&quot;,&quot;caption&quot;:&quot;&quot;,&quot;created_timestamp&quot;:&quot;0&quot;,&quot;copyright&quot;:&quot;&quot;,&quot;focal_length&quot;:&quot;0&quot;,&quot;iso&quot;:&quot;0&quot;,&quot;shutter_speed&quot;:&quot;0&quot;,&quot;title&quot;:&quot;&quot;,&quot;orientation&quot;:&quot;0&quot;}\" data-image-title=\"swieto-wojska2025 (1)\" data-image-description=\"\" data-image-caption=\"\" data-medium-file=\"https:\/\/zsp1chojna.pl\/wp-content\/uploads\/2025\/09\/swieto-wojska2025-1-300x179.jpg\" data-large-file=\"https:\/\/zsp1chojna.pl\/wp-content\/uploads\/2025\/09\/swieto-wojska2025-1.jpg\" src=\"https:\/\/zsp1chojna.pl\/wp-content\/uploads\/2025\/09\/swieto-wojska2025-1.jpg\" alt=\"\" class=\"wp-image-14484\" srcset=\"https:\/\/zsp1chojna.pl\/wp-content\/uploads\/2025\/09\/swieto-wojska2025-1.jpg 800w, https:\/\/zsp1chojna.pl\/wp-content\/uploads\/2025\/09\/swieto-wojska2025-1-300x179.jpg 300w, https:\/\/zsp1chojna.pl\/wp-content\/uploads\/2025\/09\/swieto-wojska2025-1-768x457.jpg 768w, https:\/\/zsp1chojna.pl\/wp-content\/uploads\/2025\/09\/swieto-wojska2025-1-624x371.jpg 624w\" sizes=\"auto, (max-width: 800px) 100vw, 800px\" \/><\/figure>\n<\/div>\n\n\n<p class=\"has-text-align-justify\">Uroczysto\u015b\u0107 rozpocz\u0119\u0142a si\u0119 od z\u0142o\u017cenia meldunku o gotowo\u015bci pododdzia\u0142\u00f3w do&nbsp;uroczysto\u015bci, po czym nast\u0105pi\u0142o podniesienie Flagi Rzeczypospolitej Polskiej na maszt i&nbsp;odegranie hymnu pa\u0144stwowego.<\/p>\n\n\n<div class=\"wp-block-image\">\n<figure class=\"aligncenter size-full\"><img loading=\"lazy\" decoding=\"async\" width=\"800\" height=\"431\" data-attachment-id=\"14485\" data-permalink=\"https:\/\/zsp1chojna.pl\/?attachment_id=14485\" data-orig-file=\"https:\/\/zsp1chojna.pl\/wp-content\/uploads\/2025\/09\/swieto-wojska2025-2.jpg\" data-orig-size=\"800,431\" data-comments-opened=\"1\" data-image-meta=\"{&quot;aperture&quot;:&quot;0&quot;,&quot;credit&quot;:&quot;&quot;,&quot;camera&quot;:&quot;&quot;,&quot;caption&quot;:&quot;&quot;,&quot;created_timestamp&quot;:&quot;0&quot;,&quot;copyright&quot;:&quot;&quot;,&quot;focal_length&quot;:&quot;0&quot;,&quot;iso&quot;:&quot;0&quot;,&quot;shutter_speed&quot;:&quot;0&quot;,&quot;title&quot;:&quot;&quot;,&quot;orientation&quot;:&quot;0&quot;}\" data-image-title=\"swieto-wojska2025 (2)\" data-image-description=\"\" data-image-caption=\"\" data-medium-file=\"https:\/\/zsp1chojna.pl\/wp-content\/uploads\/2025\/09\/swieto-wojska2025-2-300x162.jpg\" data-large-file=\"https:\/\/zsp1chojna.pl\/wp-content\/uploads\/2025\/09\/swieto-wojska2025-2.jpg\" src=\"https:\/\/zsp1chojna.pl\/wp-content\/uploads\/2025\/09\/swieto-wojska2025-2.jpg\" alt=\"\" class=\"wp-image-14485\" srcset=\"https:\/\/zsp1chojna.pl\/wp-content\/uploads\/2025\/09\/swieto-wojska2025-2.jpg 800w, https:\/\/zsp1chojna.pl\/wp-content\/uploads\/2025\/09\/swieto-wojska2025-2-300x162.jpg 300w, https:\/\/zsp1chojna.pl\/wp-content\/uploads\/2025\/09\/swieto-wojska2025-2-768x414.jpg 768w, https:\/\/zsp1chojna.pl\/wp-content\/uploads\/2025\/09\/swieto-wojska2025-2-624x336.jpg 624w\" sizes=\"auto, (max-width: 800px) 100vw, 800px\" \/><\/figure>\n<\/div>\n\n\n<p class=\"has-text-align-justify\">Nast\u0119pnie dow\u00f3dca 5. Pu\u0142ku, Pan p\u0142k Wojciech Rudnikowicz, wr\u0119czy\u0142 odznaczenia i&nbsp;wyr\u00f3\u017cnienia \u017co\u0142nierzom oraz pracownikom cywilnym jednostki. Nast\u0105pi\u0142y przem\u00f3wienia oraz odegrana zosta\u0142a i od\u015bpiewana Pie\u015b\u0144 Reprezentacyjna Wojska Polskiego. Na&nbsp;zako\u0144czenie uroczysto\u015bci odby\u0142a si\u0119 defilada pododdzia\u0142\u00f3w 5. Pu\u0142ku In\u017cynieryjnego oraz pocz\u0119stunek dla zaproszonych go\u015bci.<\/p>\n\n\n<div class=\"wp-block-image\">\n<figure class=\"aligncenter size-full\"><img loading=\"lazy\" decoding=\"async\" width=\"800\" height=\"370\" data-attachment-id=\"14486\" data-permalink=\"https:\/\/zsp1chojna.pl\/?attachment_id=14486\" data-orig-file=\"https:\/\/zsp1chojna.pl\/wp-content\/uploads\/2025\/09\/swieto-wojska2025-3.jpg\" data-orig-size=\"800,370\" data-comments-opened=\"1\" data-image-meta=\"{&quot;aperture&quot;:&quot;0&quot;,&quot;credit&quot;:&quot;&quot;,&quot;camera&quot;:&quot;&quot;,&quot;caption&quot;:&quot;&quot;,&quot;created_timestamp&quot;:&quot;0&quot;,&quot;copyright&quot;:&quot;&quot;,&quot;focal_length&quot;:&quot;0&quot;,&quot;iso&quot;:&quot;0&quot;,&quot;shutter_speed&quot;:&quot;0&quot;,&quot;title&quot;:&quot;&quot;,&quot;orientation&quot;:&quot;0&quot;}\" data-image-title=\"swieto-wojska2025 (3)\" data-image-description=\"\" data-image-caption=\"\" data-medium-file=\"https:\/\/zsp1chojna.pl\/wp-content\/uploads\/2025\/09\/swieto-wojska2025-3-300x139.jpg\" data-large-file=\"https:\/\/zsp1chojna.pl\/wp-content\/uploads\/2025\/09\/swieto-wojska2025-3.jpg\" src=\"https:\/\/zsp1chojna.pl\/wp-content\/uploads\/2025\/09\/swieto-wojska2025-3.jpg\" alt=\"\" class=\"wp-image-14486\" srcset=\"https:\/\/zsp1chojna.pl\/wp-content\/uploads\/2025\/09\/swieto-wojska2025-3.jpg 800w, https:\/\/zsp1chojna.pl\/wp-content\/uploads\/2025\/09\/swieto-wojska2025-3-300x139.jpg 300w, https:\/\/zsp1chojna.pl\/wp-content\/uploads\/2025\/09\/swieto-wojska2025-3-768x355.jpg 768w, https:\/\/zsp1chojna.pl\/wp-content\/uploads\/2025\/09\/swieto-wojska2025-3-624x289.jpg 624w\" sizes=\"auto, (max-width: 800px) 100vw, 800px\" \/><\/figure>\n<\/div>\n\n\n<p class=\"has-text-align-justify\">Uroczysto\u015b\u0107 odby\u0142a si\u0119 w rocznic\u0119 zwyci\u0119skiej bitwy warszawskiej, zako\u0144czonej zwyci\u0119stwem wojsk polskich nad bolszewikami w 1920 roku. W obchodach uczestniczyli tak\u017ce przedstawiciele w\u0142adz wojew\u00f3dzkich i samorz\u0105dowych, przedstawiciele s\u0142u\u017cb mundurowych Garnizonu Szczecin oraz weterani.<\/p>\n\n\n\n<p class=\"has-text-align-right\">&nbsp;&nbsp;&nbsp;&nbsp;&nbsp;&nbsp;&nbsp;&nbsp;&nbsp;&nbsp;&nbsp;&nbsp;&nbsp;&nbsp;&nbsp;&nbsp;&nbsp;&nbsp;&nbsp;&nbsp;&nbsp;&nbsp;&nbsp;&nbsp;&nbsp;&nbsp;&nbsp;&nbsp;&nbsp;&nbsp;&nbsp;&nbsp;&nbsp;&nbsp;&nbsp;&nbsp;&nbsp;&nbsp;&nbsp;&nbsp;&nbsp;&nbsp;&nbsp;&nbsp;&nbsp;&nbsp;&nbsp;&nbsp;&nbsp;&nbsp;&nbsp;&nbsp;&nbsp;&nbsp;&nbsp;&nbsp;&nbsp;&nbsp;&nbsp;&nbsp;&nbsp;&nbsp;&nbsp;&nbsp;&nbsp;&nbsp;&nbsp;&nbsp;&nbsp;&nbsp;&nbsp;&nbsp;&nbsp;&nbsp;&nbsp;&nbsp;&nbsp;&nbsp;&nbsp;&nbsp;&nbsp;&nbsp;&nbsp;&nbsp;&nbsp;&nbsp;&nbsp;&nbsp;&nbsp;&nbsp;&nbsp;&nbsp;&nbsp;&nbsp;&nbsp;&nbsp;&nbsp;&nbsp;&nbsp;&nbsp; &nbsp;&nbsp;&nbsp;&nbsp;&nbsp;&nbsp;&nbsp;&nbsp;&nbsp;&nbsp;&nbsp;&nbsp;&nbsp;&nbsp;&nbsp;&nbsp; mgr Marek Bednarz<\/p>\n","protected":false},"excerpt":{"rendered":"<p>14 sierpnia 2025 r., na zaproszenie dow\u00f3dcy 5. Pu\u0142ku In\u017cynieryjnego w Szczecinie Podjuchach, delegacja Zespo\u0142u Szk\u00f3\u0142 Ponadpodstawowych wzi\u0119\u0142a udzia\u0142 w uroczystych obchodach \u015awi\u0119ta Wojska Polskiego. Uroczysto\u015b\u0107 rozpocz\u0119\u0142a si\u0119 od z\u0142o\u017cenia [&hellip;]<\/p>\n","protected":false},"author":1,"featured_media":14485,"comment_status":"open","ping_status":"open","sticky":false,"template":"","format":"standard","meta":{"footnotes":""},"categories":[31],"tags":[],"class_list":["post-14483","post","type-post","status-publish","format-standard","has-post-thumbnail","hentry","category-aktualnosci-2024-2025"],"wbAuthor":{"name":"admin","link":"https:\/\/zsp1chojna.pl\/?author=1"},"wbDate":"sie 14, 2025","wbCategories":{"space":"<a href=\"https:\/\/zsp1chojna.pl\/?cat=31\" rel=\"category\">Aktualno\u015bci 2024\/2025<\/a>","coma":"<a href=\"https:\/\/zsp1chojna.pl\/?cat=31\" rel=\"category\">Aktualno\u015bci 2024\/2025<\/a>"},"wbComment":0,"yoast_head":"<!-- This site is optimized with the Yoast SEO plugin v20.13 - https:\/\/yoast.com\/wordpress\/plugins\/seo\/ -->\n<title>Uroczyste obchody \u015awi\u0119ta Wojska Polskiego w 5. Pu\u0142ku In\u017cynieryjnym w Szczecinie Podjuchach - ZSP w Chojnie<\/title>\n<meta name=\"robots\" content=\"index, follow, max-snippet:-1, max-image-preview:large, max-video-preview:-1\" \/>\n<link rel=\"canonical\" href=\"https:\/\/zsp1chojna.pl\/?p=14483\" \/>\n<meta property=\"og:locale\" content=\"pl_PL\" \/>\n<meta property=\"og:type\" content=\"article\" \/>\n<meta property=\"og:title\" content=\"Uroczyste obchody \u015awi\u0119ta Wojska Polskiego w 5. Pu\u0142ku In\u017cynieryjnym w Szczecinie Podjuchach - ZSP w Chojnie\" \/>\n<meta property=\"og:description\" content=\"14 sierpnia 2025 r., na zaproszenie dow\u00f3dcy 5. Pu\u0142ku In\u017cynieryjnego w Szczecinie Podjuchach, delegacja Zespo\u0142u Szk\u00f3\u0142 Ponadpodstawowych wzi\u0119\u0142a udzia\u0142 w uroczystych obchodach \u015awi\u0119ta Wojska Polskiego. Uroczysto\u015b\u0107 rozpocz\u0119\u0142a si\u0119 od z\u0142o\u017cenia [&hellip;]\" \/>\n<meta property=\"og:url\" content=\"https:\/\/zsp1chojna.pl\/?p=14483\" \/>\n<meta property=\"og:site_name\" content=\"ZSP w Chojnie\" \/>\n<meta property=\"article:published_time\" content=\"2025-08-14T09:28:53+00:00\" \/>\n<meta property=\"article:modified_time\" content=\"2025-09-29T09:32:16+00:00\" \/>\n<meta property=\"og:image\" content=\"https:\/\/zsp1chojna.pl\/wp-content\/uploads\/2025\/09\/swieto-wojska2025-2.jpg\" \/>\n\t<meta property=\"og:image:width\" content=\"800\" \/>\n\t<meta property=\"og:image:height\" content=\"431\" \/>\n\t<meta property=\"og:image:type\" content=\"image\/jpeg\" \/>\n<meta name=\"author\" content=\"admin\" \/>\n<meta name=\"twitter:card\" content=\"summary_large_image\" \/>\n<meta name=\"twitter:label1\" content=\"Napisane przez\" \/>\n\t<meta name=\"twitter:data1\" content=\"admin\" \/>\n\t<meta name=\"twitter:label2\" content=\"Szacowany czas czytania\" \/>\n\t<meta name=\"twitter:data2\" content=\"2 minuty\" \/>\n<script type=\"application\/ld+json\" class=\"yoast-schema-graph\">{\"@context\":\"https:\/\/schema.org\",\"@graph\":[{\"@type\":\"Article\",\"@id\":\"https:\/\/zsp1chojna.pl\/?p=14483#article\",\"isPartOf\":{\"@id\":\"https:\/\/zsp1chojna.pl\/?p=14483\"},\"author\":{\"name\":\"admin\",\"@id\":\"https:\/\/zsp1chojna.pl\/#\/schema\/person\/fe8d6c03379c9cface386de0c172e127\"},\"headline\":\"Uroczyste obchody \u015awi\u0119ta Wojska Polskiego w 5. Pu\u0142ku In\u017cynieryjnym w Szczecinie Podjuchach\",\"datePublished\":\"2025-08-14T09:28:53+00:00\",\"dateModified\":\"2025-09-29T09:32:16+00:00\",\"mainEntityOfPage\":{\"@id\":\"https:\/\/zsp1chojna.pl\/?p=14483\"},\"wordCount\":301,\"commentCount\":0,\"publisher\":{\"@id\":\"https:\/\/zsp1chojna.pl\/#organization\"},\"articleSection\":[\"Aktualno\u015bci 2024\/2025\"],\"inLanguage\":\"pl-PL\",\"potentialAction\":[{\"@type\":\"CommentAction\",\"name\":\"Comment\",\"target\":[\"https:\/\/zsp1chojna.pl\/?p=14483#respond\"]}]},{\"@type\":\"WebPage\",\"@id\":\"https:\/\/zsp1chojna.pl\/?p=14483\",\"url\":\"https:\/\/zsp1chojna.pl\/?p=14483\",\"name\":\"Uroczyste obchody \u015awi\u0119ta Wojska Polskiego w 5. Pu\u0142ku In\u017cynieryjnym w Szczecinie Podjuchach - ZSP w Chojnie\",\"isPartOf\":{\"@id\":\"https:\/\/zsp1chojna.pl\/#website\"},\"datePublished\":\"2025-08-14T09:28:53+00:00\",\"dateModified\":\"2025-09-29T09:32:16+00:00\",\"breadcrumb\":{\"@id\":\"https:\/\/zsp1chojna.pl\/?p=14483#breadcrumb\"},\"inLanguage\":\"pl-PL\",\"potentialAction\":[{\"@type\":\"ReadAction\",\"target\":[\"https:\/\/zsp1chojna.pl\/?p=14483\"]}]},{\"@type\":\"BreadcrumbList\",\"@id\":\"https:\/\/zsp1chojna.pl\/?p=14483#breadcrumb\",\"itemListElement\":[{\"@type\":\"ListItem\",\"position\":1,\"name\":\"Home\",\"item\":\"https:\/\/zsp1chojna.pl\/\"},{\"@type\":\"ListItem\",\"position\":2,\"name\":\"Uroczyste obchody \u015awi\u0119ta Wojska Polskiego w 5. Pu\u0142ku In\u017cynieryjnym w Szczecinie Podjuchach\"}]},{\"@type\":\"WebSite\",\"@id\":\"https:\/\/zsp1chojna.pl\/#website\",\"url\":\"https:\/\/zsp1chojna.pl\/\",\"name\":\"ZSP w Chojnie\",\"description\":\"\",\"publisher\":{\"@id\":\"https:\/\/zsp1chojna.pl\/#organization\"},\"potentialAction\":[{\"@type\":\"SearchAction\",\"target\":{\"@type\":\"EntryPoint\",\"urlTemplate\":\"https:\/\/zsp1chojna.pl\/?s={search_term_string}\"},\"query-input\":\"required name=search_term_string\"}],\"inLanguage\":\"pl-PL\"},{\"@type\":\"Organization\",\"@id\":\"https:\/\/zsp1chojna.pl\/#organization\",\"name\":\"ZSP w Chojnie\",\"url\":\"https:\/\/zsp1chojna.pl\/\",\"logo\":{\"@type\":\"ImageObject\",\"inLanguage\":\"pl-PL\",\"@id\":\"https:\/\/zsp1chojna.pl\/#\/schema\/logo\/image\/\",\"url\":\"https:\/\/zsp1chojna.pl\/wp-content\/uploads\/2023\/08\/cropped-cropped-cropped-Logo-biale-napis-na-3-wiersze_504-1.png\",\"contentUrl\":\"https:\/\/zsp1chojna.pl\/wp-content\/uploads\/2023\/08\/cropped-cropped-cropped-Logo-biale-napis-na-3-wiersze_504-1.png\",\"width\":504,\"height\":167,\"caption\":\"ZSP w Chojnie\"},\"image\":{\"@id\":\"https:\/\/zsp1chojna.pl\/#\/schema\/logo\/image\/\"}},{\"@type\":\"Person\",\"@id\":\"https:\/\/zsp1chojna.pl\/#\/schema\/person\/fe8d6c03379c9cface386de0c172e127\",\"name\":\"admin\",\"image\":{\"@type\":\"ImageObject\",\"inLanguage\":\"pl-PL\",\"@id\":\"https:\/\/zsp1chojna.pl\/#\/schema\/person\/image\/\",\"url\":\"https:\/\/secure.gravatar.com\/avatar\/35d79b1d799ff9bac401976862e535bf785f4039d8313d3c00b303598a46dd4e?s=96&d=mm&r=g\",\"contentUrl\":\"https:\/\/secure.gravatar.com\/avatar\/35d79b1d799ff9bac401976862e535bf785f4039d8313d3c00b303598a46dd4e?s=96&d=mm&r=g\",\"caption\":\"admin\"},\"sameAs\":[\"http:\/\/nowazspchojna.pl\"],\"url\":\"https:\/\/zsp1chojna.pl\/?author=1\"}]}<\/script>\n<!-- \/ Yoast SEO plugin. -->","yoast_head_json":{"title":"Uroczyste obchody \u015awi\u0119ta Wojska Polskiego w 5. Pu\u0142ku In\u017cynieryjnym w Szczecinie Podjuchach - ZSP w Chojnie","robots":{"index":"index","follow":"follow","max-snippet":"max-snippet:-1","max-image-preview":"max-image-preview:large","max-video-preview":"max-video-preview:-1"},"canonical":"https:\/\/zsp1chojna.pl\/?p=14483","og_locale":"pl_PL","og_type":"article","og_title":"Uroczyste obchody \u015awi\u0119ta Wojska Polskiego w 5. Pu\u0142ku In\u017cynieryjnym w Szczecinie Podjuchach - ZSP w Chojnie","og_description":"14 sierpnia 2025 r., na zaproszenie dow\u00f3dcy 5. Pu\u0142ku In\u017cynieryjnego w Szczecinie Podjuchach, delegacja Zespo\u0142u Szk\u00f3\u0142 Ponadpodstawowych wzi\u0119\u0142a udzia\u0142 w uroczystych obchodach \u015awi\u0119ta Wojska Polskiego. Uroczysto\u015b\u0107 rozpocz\u0119\u0142a si\u0119 od z\u0142o\u017cenia [&hellip;]","og_url":"https:\/\/zsp1chojna.pl\/?p=14483","og_site_name":"ZSP w Chojnie","article_published_time":"2025-08-14T09:28:53+00:00","article_modified_time":"2025-09-29T09:32:16+00:00","og_image":[{"width":800,"height":431,"url":"https:\/\/zsp1chojna.pl\/wp-content\/uploads\/2025\/09\/swieto-wojska2025-2.jpg","type":"image\/jpeg"}],"author":"admin","twitter_card":"summary_large_image","twitter_misc":{"Napisane przez":"admin","Szacowany czas czytania":"2 minuty"},"schema":{"@context":"https:\/\/schema.org","@graph":[{"@type":"Article","@id":"https:\/\/zsp1chojna.pl\/?p=14483#article","isPartOf":{"@id":"https:\/\/zsp1chojna.pl\/?p=14483"},"author":{"name":"admin","@id":"https:\/\/zsp1chojna.pl\/#\/schema\/person\/fe8d6c03379c9cface386de0c172e127"},"headline":"Uroczyste obchody \u015awi\u0119ta Wojska Polskiego w 5. Pu\u0142ku In\u017cynieryjnym w Szczecinie Podjuchach","datePublished":"2025-08-14T09:28:53+00:00","dateModified":"2025-09-29T09:32:16+00:00","mainEntityOfPage":{"@id":"https:\/\/zsp1chojna.pl\/?p=14483"},"wordCount":301,"commentCount":0,"publisher":{"@id":"https:\/\/zsp1chojna.pl\/#organization"},"articleSection":["Aktualno\u015bci 2024\/2025"],"inLanguage":"pl-PL","potentialAction":[{"@type":"CommentAction","name":"Comment","target":["https:\/\/zsp1chojna.pl\/?p=14483#respond"]}]},{"@type":"WebPage","@id":"https:\/\/zsp1chojna.pl\/?p=14483","url":"https:\/\/zsp1chojna.pl\/?p=14483","name":"Uroczyste obchody \u015awi\u0119ta Wojska Polskiego w 5. Pu\u0142ku In\u017cynieryjnym w Szczecinie Podjuchach - ZSP w Chojnie","isPartOf":{"@id":"https:\/\/zsp1chojna.pl\/#website"},"datePublished":"2025-08-14T09:28:53+00:00","dateModified":"2025-09-29T09:32:16+00:00","breadcrumb":{"@id":"https:\/\/zsp1chojna.pl\/?p=14483#breadcrumb"},"inLanguage":"pl-PL","potentialAction":[{"@type":"ReadAction","target":["https:\/\/zsp1chojna.pl\/?p=14483"]}]},{"@type":"BreadcrumbList","@id":"https:\/\/zsp1chojna.pl\/?p=14483#breadcrumb","itemListElement":[{"@type":"ListItem","position":1,"name":"Home","item":"https:\/\/zsp1chojna.pl\/"},{"@type":"ListItem","position":2,"name":"Uroczyste obchody \u015awi\u0119ta Wojska Polskiego w 5. Pu\u0142ku In\u017cynieryjnym w Szczecinie Podjuchach"}]},{"@type":"WebSite","@id":"https:\/\/zsp1chojna.pl\/#website","url":"https:\/\/zsp1chojna.pl\/","name":"ZSP w Chojnie","description":"","publisher":{"@id":"https:\/\/zsp1chojna.pl\/#organization"},"potentialAction":[{"@type":"SearchAction","target":{"@type":"EntryPoint","urlTemplate":"https:\/\/zsp1chojna.pl\/?s={search_term_string}"},"query-input":"required name=search_term_string"}],"inLanguage":"pl-PL"},{"@type":"Organization","@id":"https:\/\/zsp1chojna.pl\/#organization","name":"ZSP w Chojnie","url":"https:\/\/zsp1chojna.pl\/","logo":{"@type":"ImageObject","inLanguage":"pl-PL","@id":"https:\/\/zsp1chojna.pl\/#\/schema\/logo\/image\/","url":"https:\/\/zsp1chojna.pl\/wp-content\/uploads\/2023\/08\/cropped-cropped-cropped-Logo-biale-napis-na-3-wiersze_504-1.png","contentUrl":"https:\/\/zsp1chojna.pl\/wp-content\/uploads\/2023\/08\/cropped-cropped-cropped-Logo-biale-napis-na-3-wiersze_504-1.png","width":504,"height":167,"caption":"ZSP w Chojnie"},"image":{"@id":"https:\/\/zsp1chojna.pl\/#\/schema\/logo\/image\/"}},{"@type":"Person","@id":"https:\/\/zsp1chojna.pl\/#\/schema\/person\/fe8d6c03379c9cface386de0c172e127","name":"admin","image":{"@type":"ImageObject","inLanguage":"pl-PL","@id":"https:\/\/zsp1chojna.pl\/#\/schema\/person\/image\/","url":"https:\/\/secure.gravatar.com\/avatar\/35d79b1d799ff9bac401976862e535bf785f4039d8313d3c00b303598a46dd4e?s=96&d=mm&r=g","contentUrl":"https:\/\/secure.gravatar.com\/avatar\/35d79b1d799ff9bac401976862e535bf785f4039d8313d3c00b303598a46dd4e?s=96&d=mm&r=g","caption":"admin"},"sameAs":["http:\/\/nowazspchojna.pl"],"url":"https:\/\/zsp1chojna.pl\/?author=1"}]}},"jetpack_featured_media_url":"https:\/\/zsp1chojna.pl\/wp-content\/uploads\/2025\/09\/swieto-wojska2025-2.jpg","_links":{"self":[{"href":"https:\/\/zsp1chojna.pl\/index.php?rest_route=\/wp\/v2\/posts\/14483","targetHints":{"allow":["GET"]}}],"collection":[{"href":"https:\/\/zsp1chojna.pl\/index.php?rest_route=\/wp\/v2\/posts"}],"about":[{"href":"https:\/\/zsp1chojna.pl\/index.php?rest_route=\/wp\/v2\/types\/post"}],"author":[{"embeddable":true,"href":"https:\/\/zsp1chojna.pl\/index.php?rest_route=\/wp\/v2\/users\/1"}],"replies":[{"embeddable":true,"href":"https:\/\/zsp1chojna.pl\/index.php?rest_route=%2Fwp%2Fv2%2Fcomments&post=14483"}],"version-history":[{"count":1,"href":"https:\/\/zsp1chojna.pl\/index.php?rest_route=\/wp\/v2\/posts\/14483\/revisions"}],"predecessor-version":[{"id":14487,"href":"https:\/\/zsp1chojna.pl\/index.php?rest_route=\/wp\/v2\/posts\/14483\/revisions\/14487"}],"wp:featuredmedia":[{"embeddable":true,"href":"https:\/\/zsp1chojna.pl\/index.php?rest_route=\/wp\/v2\/media\/14485"}],"wp:attachment":[{"href":"https:\/\/zsp1chojna.pl\/index.php?rest_route=%2Fwp%2Fv2%2Fmedia&parent=14483"}],"wp:term":[{"taxonomy":"category","embeddable":true,"href":"https:\/\/zsp1chojna.pl\/index.php?rest_route=%2Fwp%2Fv2%2Fcategories&post=14483"},{"taxonomy":"post_tag","embeddable":true,"href":"https:\/\/zsp1chojna.pl\/index.php?rest_route=%2Fwp%2Fv2%2Ftags&post=14483"}],"curies":[{"name":"wp","href":"https:\/\/api.w.org\/{rel}","templated":true}]}}