{"id":13957,"date":"2025-05-09T17:09:48","date_gmt":"2025-05-09T15:09:48","guid":{"rendered":"https:\/\/zsp1chojna.pl\/?p=13957"},"modified":"2025-07-13T17:12:49","modified_gmt":"2025-07-13T15:12:49","slug":"swieto-5-pulku-inzynieryjnego","status":"publish","type":"post","link":"https:\/\/zsp1chojna.pl\/?p=13957","title":{"rendered":"\u015awi\u0119to 5. Pu\u0142ku In\u017cynieryjnego"},"content":{"rendered":"\n<p class=\"has-text-align-justify\">9 maja 2025 r., na zaproszenie dow\u00f3dcy 5. Pu\u0142ku In\u017cynieryjnego w Szczecinie Podjuchach, Pana Pu\u0142kownika Wojciecha Rudnikowicza, delegacja nauczycieli Zespo\u0142u Szk\u00f3\u0142 Ponadpodstawowych w Chojnie uczestniczy\u0142a w uroczystym apelu z okazji \u015bwi\u0119ta 5. Pu\u0142ku In\u017cynieryjnego im. genera\u0142a Ignacego Pr\u0105dzy\u0144skiego.<\/p>\n\n\n<div class=\"wp-block-image\">\n<figure class=\"aligncenter size-large is-resized\"><img loading=\"lazy\" decoding=\"async\" width=\"1024\" height=\"603\" data-attachment-id=\"13958\" data-permalink=\"https:\/\/zsp1chojna.pl\/?attachment_id=13958\" data-orig-file=\"https:\/\/zsp1chojna.pl\/wp-content\/uploads\/2025\/07\/swieto-pulku-2025-1.jpg\" data-orig-size=\"1304,768\" data-comments-opened=\"1\" data-image-meta=\"{&quot;aperture&quot;:&quot;0&quot;,&quot;credit&quot;:&quot;&quot;,&quot;camera&quot;:&quot;&quot;,&quot;caption&quot;:&quot;&quot;,&quot;created_timestamp&quot;:&quot;0&quot;,&quot;copyright&quot;:&quot;&quot;,&quot;focal_length&quot;:&quot;0&quot;,&quot;iso&quot;:&quot;0&quot;,&quot;shutter_speed&quot;:&quot;0&quot;,&quot;title&quot;:&quot;&quot;,&quot;orientation&quot;:&quot;0&quot;}\" data-image-title=\"swieto-pulku-2025 (1)\" data-image-description=\"\" data-image-caption=\"\" data-medium-file=\"https:\/\/zsp1chojna.pl\/wp-content\/uploads\/2025\/07\/swieto-pulku-2025-1-300x177.jpg\" data-large-file=\"https:\/\/zsp1chojna.pl\/wp-content\/uploads\/2025\/07\/swieto-pulku-2025-1-1024x603.jpg\" src=\"https:\/\/zsp1chojna.pl\/wp-content\/uploads\/2025\/07\/swieto-pulku-2025-1-1024x603.jpg\" alt=\"\" class=\"wp-image-13958\" style=\"width:678px;height:auto\" srcset=\"https:\/\/zsp1chojna.pl\/wp-content\/uploads\/2025\/07\/swieto-pulku-2025-1-1024x603.jpg 1024w, https:\/\/zsp1chojna.pl\/wp-content\/uploads\/2025\/07\/swieto-pulku-2025-1-300x177.jpg 300w, https:\/\/zsp1chojna.pl\/wp-content\/uploads\/2025\/07\/swieto-pulku-2025-1-768x452.jpg 768w, https:\/\/zsp1chojna.pl\/wp-content\/uploads\/2025\/07\/swieto-pulku-2025-1-947x558.jpg 947w, https:\/\/zsp1chojna.pl\/wp-content\/uploads\/2025\/07\/swieto-pulku-2025-1-624x368.jpg 624w, https:\/\/zsp1chojna.pl\/wp-content\/uploads\/2025\/07\/swieto-pulku-2025-1.jpg 1304w\" sizes=\"auto, (max-width: 1024px) 100vw, 1024px\" \/><\/figure>\n<\/div>\n\n\n<p class=\"has-text-align-justify\">W trakcie uroczysto\u015bci, g\u0142os zabrali m.in. Dow\u00f3dca 5 Pu\u0142ku In\u017cynieryjnego \u2013 p\u0142k Wojciech Rudnikowicz oraz zaproszeni go\u015bcie. Zas\u0142u\u017ceni \u017co\u0142nierze oraz pracownicy cywilni, zostali odznaczeni za swoje osi\u0105gni\u0119cia i oddanie s\u0142u\u017cbie.<\/p>\n\n\n<div class=\"wp-block-image\">\n<figure class=\"aligncenter size-large is-resized\"><img loading=\"lazy\" decoding=\"async\" width=\"1024\" height=\"587\" data-attachment-id=\"13959\" data-permalink=\"https:\/\/zsp1chojna.pl\/?attachment_id=13959\" data-orig-file=\"https:\/\/zsp1chojna.pl\/wp-content\/uploads\/2025\/07\/swieto-pulku-2025-2.jpg\" data-orig-size=\"1304,748\" data-comments-opened=\"1\" data-image-meta=\"{&quot;aperture&quot;:&quot;0&quot;,&quot;credit&quot;:&quot;&quot;,&quot;camera&quot;:&quot;&quot;,&quot;caption&quot;:&quot;&quot;,&quot;created_timestamp&quot;:&quot;0&quot;,&quot;copyright&quot;:&quot;&quot;,&quot;focal_length&quot;:&quot;0&quot;,&quot;iso&quot;:&quot;0&quot;,&quot;shutter_speed&quot;:&quot;0&quot;,&quot;title&quot;:&quot;&quot;,&quot;orientation&quot;:&quot;0&quot;}\" data-image-title=\"swieto-pulku-2025 (2)\" data-image-description=\"\" data-image-caption=\"\" data-medium-file=\"https:\/\/zsp1chojna.pl\/wp-content\/uploads\/2025\/07\/swieto-pulku-2025-2-300x172.jpg\" data-large-file=\"https:\/\/zsp1chojna.pl\/wp-content\/uploads\/2025\/07\/swieto-pulku-2025-2-1024x587.jpg\" src=\"https:\/\/zsp1chojna.pl\/wp-content\/uploads\/2025\/07\/swieto-pulku-2025-2-1024x587.jpg\" alt=\"\" class=\"wp-image-13959\" style=\"width:674px;height:auto\" srcset=\"https:\/\/zsp1chojna.pl\/wp-content\/uploads\/2025\/07\/swieto-pulku-2025-2-1024x587.jpg 1024w, https:\/\/zsp1chojna.pl\/wp-content\/uploads\/2025\/07\/swieto-pulku-2025-2-300x172.jpg 300w, https:\/\/zsp1chojna.pl\/wp-content\/uploads\/2025\/07\/swieto-pulku-2025-2-768x441.jpg 768w, https:\/\/zsp1chojna.pl\/wp-content\/uploads\/2025\/07\/swieto-pulku-2025-2-947x543.jpg 947w, https:\/\/zsp1chojna.pl\/wp-content\/uploads\/2025\/07\/swieto-pulku-2025-2-624x358.jpg 624w, https:\/\/zsp1chojna.pl\/wp-content\/uploads\/2025\/07\/swieto-pulku-2025-2.jpg 1304w\" sizes=\"auto, (max-width: 1024px) 100vw, 1024px\" \/><\/figure>\n<\/div>\n\n\n<p class=\"has-text-align-justify\">Go\u015bcie mieli okazj\u0119 wzi\u0119cia udzia\u0142u w licznych atrakcjach, przygotowanych specjalnie na t\u0119 okazj\u0119. Mogli m.in. zobaczy\u0107 nowoczesne wyposa\u017cenie i pojazdy u\u017cywane przez jednostk\u0119, a tak\u017ce uczestniczy\u0107 w tradycyjnym \u017co\u0142nierskim pocz\u0119stunku.<\/p>\n\n\n<div class=\"wp-block-image\">\n<figure class=\"aligncenter size-full is-resized\"><img loading=\"lazy\" decoding=\"async\" width=\"901\" height=\"601\" data-attachment-id=\"13960\" data-permalink=\"https:\/\/zsp1chojna.pl\/?attachment_id=13960\" data-orig-file=\"https:\/\/zsp1chojna.pl\/wp-content\/uploads\/2025\/07\/swieto-pulku-2025-3.jpg\" data-orig-size=\"901,601\" data-comments-opened=\"1\" data-image-meta=\"{&quot;aperture&quot;:&quot;0&quot;,&quot;credit&quot;:&quot;&quot;,&quot;camera&quot;:&quot;&quot;,&quot;caption&quot;:&quot;&quot;,&quot;created_timestamp&quot;:&quot;0&quot;,&quot;copyright&quot;:&quot;&quot;,&quot;focal_length&quot;:&quot;0&quot;,&quot;iso&quot;:&quot;0&quot;,&quot;shutter_speed&quot;:&quot;0&quot;,&quot;title&quot;:&quot;&quot;,&quot;orientation&quot;:&quot;0&quot;}\" data-image-title=\"swieto-pulku-2025 (3)\" data-image-description=\"\" data-image-caption=\"\" data-medium-file=\"https:\/\/zsp1chojna.pl\/wp-content\/uploads\/2025\/07\/swieto-pulku-2025-3-300x200.jpg\" data-large-file=\"https:\/\/zsp1chojna.pl\/wp-content\/uploads\/2025\/07\/swieto-pulku-2025-3.jpg\" src=\"https:\/\/zsp1chojna.pl\/wp-content\/uploads\/2025\/07\/swieto-pulku-2025-3.jpg\" alt=\"\" class=\"wp-image-13960\" style=\"width:658px;height:auto\" srcset=\"https:\/\/zsp1chojna.pl\/wp-content\/uploads\/2025\/07\/swieto-pulku-2025-3.jpg 901w, https:\/\/zsp1chojna.pl\/wp-content\/uploads\/2025\/07\/swieto-pulku-2025-3-300x200.jpg 300w, https:\/\/zsp1chojna.pl\/wp-content\/uploads\/2025\/07\/swieto-pulku-2025-3-768x512.jpg 768w, https:\/\/zsp1chojna.pl\/wp-content\/uploads\/2025\/07\/swieto-pulku-2025-3-624x416.jpg 624w, https:\/\/zsp1chojna.pl\/wp-content\/uploads\/2025\/07\/swieto-pulku-2025-3-84x56.jpg 84w\" sizes=\"auto, (max-width: 901px) 100vw, 901px\" \/><\/figure>\n<\/div>\n\n\n<p class=\"has-text-align-justify\">Dzi\u0119kujemy saperom za ich s\u0142u\u017cb\u0119, gratulujemy awans\u00f3w i \u017cyczmy zadowolenia i&nbsp;satysfakcji z pe\u0142nionej s\u0142u\u017cby.<\/p>\n\n\n\n<p class=\"has-text-align-right\">mgr Marek Bednarz<\/p>\n","protected":false},"excerpt":{"rendered":"<p>9 maja 2025 r., na zaproszenie dow\u00f3dcy 5. Pu\u0142ku In\u017cynieryjnego w Szczecinie Podjuchach, Pana Pu\u0142kownika Wojciecha Rudnikowicza, delegacja nauczycieli Zespo\u0142u Szk\u00f3\u0142 Ponadpodstawowych w Chojnie uczestniczy\u0142a w uroczystym apelu z okazji [&hellip;]<\/p>\n","protected":false},"author":1,"featured_media":13959,"comment_status":"open","ping_status":"open","sticky":false,"template":"","format":"standard","meta":{"footnotes":""},"categories":[31],"tags":[],"class_list":["post-13957","post","type-post","status-publish","format-standard","has-post-thumbnail","hentry","category-aktualnosci-2024-2025"],"wbAuthor":{"name":"admin","link":"https:\/\/zsp1chojna.pl\/?author=1"},"wbDate":"maj 9, 2025","wbCategories":{"space":"<a href=\"https:\/\/zsp1chojna.pl\/?cat=31\" rel=\"category\">Aktualno\u015bci 2024\/2025<\/a>","coma":"<a href=\"https:\/\/zsp1chojna.pl\/?cat=31\" rel=\"category\">Aktualno\u015bci 2024\/2025<\/a>"},"wbComment":0,"yoast_head":"<!-- This site is optimized with the Yoast SEO plugin v20.13 - https:\/\/yoast.com\/wordpress\/plugins\/seo\/ -->\n<title>\u015awi\u0119to 5. Pu\u0142ku In\u017cynieryjnego - ZSP w Chojnie<\/title>\n<meta name=\"robots\" content=\"index, follow, max-snippet:-1, max-image-preview:large, max-video-preview:-1\" \/>\n<link rel=\"canonical\" href=\"https:\/\/zsp1chojna.pl\/?p=13957\" \/>\n<meta property=\"og:locale\" content=\"pl_PL\" \/>\n<meta property=\"og:type\" content=\"article\" \/>\n<meta property=\"og:title\" content=\"\u015awi\u0119to 5. Pu\u0142ku In\u017cynieryjnego - ZSP w Chojnie\" \/>\n<meta property=\"og:description\" content=\"9 maja 2025 r., na zaproszenie dow\u00f3dcy 5. Pu\u0142ku In\u017cynieryjnego w Szczecinie Podjuchach, Pana Pu\u0142kownika Wojciecha Rudnikowicza, delegacja nauczycieli Zespo\u0142u Szk\u00f3\u0142 Ponadpodstawowych w Chojnie uczestniczy\u0142a w uroczystym apelu z okazji [&hellip;]\" \/>\n<meta property=\"og:url\" content=\"https:\/\/zsp1chojna.pl\/?p=13957\" \/>\n<meta property=\"og:site_name\" content=\"ZSP w Chojnie\" \/>\n<meta property=\"article:published_time\" content=\"2025-05-09T15:09:48+00:00\" \/>\n<meta property=\"article:modified_time\" content=\"2025-07-13T15:12:49+00:00\" \/>\n<meta property=\"og:image\" content=\"https:\/\/zsp1chojna.pl\/wp-content\/uploads\/2025\/07\/swieto-pulku-2025-2.jpg\" \/>\n\t<meta property=\"og:image:width\" content=\"1304\" \/>\n\t<meta property=\"og:image:height\" content=\"748\" \/>\n\t<meta property=\"og:image:type\" content=\"image\/jpeg\" \/>\n<meta name=\"author\" content=\"admin\" \/>\n<meta name=\"twitter:card\" content=\"summary_large_image\" \/>\n<meta name=\"twitter:label1\" content=\"Napisane przez\" \/>\n\t<meta name=\"twitter:data1\" content=\"admin\" \/>\n\t<meta name=\"twitter:label2\" content=\"Szacowany czas czytania\" \/>\n\t<meta name=\"twitter:data2\" content=\"2 minuty\" \/>\n<script type=\"application\/ld+json\" class=\"yoast-schema-graph\">{\"@context\":\"https:\/\/schema.org\",\"@graph\":[{\"@type\":\"Article\",\"@id\":\"https:\/\/zsp1chojna.pl\/?p=13957#article\",\"isPartOf\":{\"@id\":\"https:\/\/zsp1chojna.pl\/?p=13957\"},\"author\":{\"name\":\"admin\",\"@id\":\"https:\/\/zsp1chojna.pl\/#\/schema\/person\/fe8d6c03379c9cface386de0c172e127\"},\"headline\":\"\u015awi\u0119to 5. Pu\u0142ku In\u017cynieryjnego\",\"datePublished\":\"2025-05-09T15:09:48+00:00\",\"dateModified\":\"2025-07-13T15:12:49+00:00\",\"mainEntityOfPage\":{\"@id\":\"https:\/\/zsp1chojna.pl\/?p=13957\"},\"wordCount\":160,\"commentCount\":0,\"publisher\":{\"@id\":\"https:\/\/zsp1chojna.pl\/#organization\"},\"articleSection\":[\"Aktualno\u015bci 2024\/2025\"],\"inLanguage\":\"pl-PL\",\"potentialAction\":[{\"@type\":\"CommentAction\",\"name\":\"Comment\",\"target\":[\"https:\/\/zsp1chojna.pl\/?p=13957#respond\"]}]},{\"@type\":\"WebPage\",\"@id\":\"https:\/\/zsp1chojna.pl\/?p=13957\",\"url\":\"https:\/\/zsp1chojna.pl\/?p=13957\",\"name\":\"\u015awi\u0119to 5. Pu\u0142ku In\u017cynieryjnego - ZSP w Chojnie\",\"isPartOf\":{\"@id\":\"https:\/\/zsp1chojna.pl\/#website\"},\"datePublished\":\"2025-05-09T15:09:48+00:00\",\"dateModified\":\"2025-07-13T15:12:49+00:00\",\"breadcrumb\":{\"@id\":\"https:\/\/zsp1chojna.pl\/?p=13957#breadcrumb\"},\"inLanguage\":\"pl-PL\",\"potentialAction\":[{\"@type\":\"ReadAction\",\"target\":[\"https:\/\/zsp1chojna.pl\/?p=13957\"]}]},{\"@type\":\"BreadcrumbList\",\"@id\":\"https:\/\/zsp1chojna.pl\/?p=13957#breadcrumb\",\"itemListElement\":[{\"@type\":\"ListItem\",\"position\":1,\"name\":\"Home\",\"item\":\"https:\/\/zsp1chojna.pl\/\"},{\"@type\":\"ListItem\",\"position\":2,\"name\":\"\u015awi\u0119to 5. Pu\u0142ku In\u017cynieryjnego\"}]},{\"@type\":\"WebSite\",\"@id\":\"https:\/\/zsp1chojna.pl\/#website\",\"url\":\"https:\/\/zsp1chojna.pl\/\",\"name\":\"ZSP w Chojnie\",\"description\":\"\",\"publisher\":{\"@id\":\"https:\/\/zsp1chojna.pl\/#organization\"},\"potentialAction\":[{\"@type\":\"SearchAction\",\"target\":{\"@type\":\"EntryPoint\",\"urlTemplate\":\"https:\/\/zsp1chojna.pl\/?s={search_term_string}\"},\"query-input\":\"required name=search_term_string\"}],\"inLanguage\":\"pl-PL\"},{\"@type\":\"Organization\",\"@id\":\"https:\/\/zsp1chojna.pl\/#organization\",\"name\":\"ZSP w Chojnie\",\"url\":\"https:\/\/zsp1chojna.pl\/\",\"logo\":{\"@type\":\"ImageObject\",\"inLanguage\":\"pl-PL\",\"@id\":\"https:\/\/zsp1chojna.pl\/#\/schema\/logo\/image\/\",\"url\":\"https:\/\/zsp1chojna.pl\/wp-content\/uploads\/2023\/08\/cropped-cropped-cropped-Logo-biale-napis-na-3-wiersze_504-1.png\",\"contentUrl\":\"https:\/\/zsp1chojna.pl\/wp-content\/uploads\/2023\/08\/cropped-cropped-cropped-Logo-biale-napis-na-3-wiersze_504-1.png\",\"width\":504,\"height\":167,\"caption\":\"ZSP w Chojnie\"},\"image\":{\"@id\":\"https:\/\/zsp1chojna.pl\/#\/schema\/logo\/image\/\"}},{\"@type\":\"Person\",\"@id\":\"https:\/\/zsp1chojna.pl\/#\/schema\/person\/fe8d6c03379c9cface386de0c172e127\",\"name\":\"admin\",\"image\":{\"@type\":\"ImageObject\",\"inLanguage\":\"pl-PL\",\"@id\":\"https:\/\/zsp1chojna.pl\/#\/schema\/person\/image\/\",\"url\":\"https:\/\/secure.gravatar.com\/avatar\/35d79b1d799ff9bac401976862e535bf785f4039d8313d3c00b303598a46dd4e?s=96&d=mm&r=g\",\"contentUrl\":\"https:\/\/secure.gravatar.com\/avatar\/35d79b1d799ff9bac401976862e535bf785f4039d8313d3c00b303598a46dd4e?s=96&d=mm&r=g\",\"caption\":\"admin\"},\"sameAs\":[\"http:\/\/nowazspchojna.pl\"],\"url\":\"https:\/\/zsp1chojna.pl\/?author=1\"}]}<\/script>\n<!-- \/ Yoast SEO plugin. -->","yoast_head_json":{"title":"\u015awi\u0119to 5. Pu\u0142ku In\u017cynieryjnego - ZSP w Chojnie","robots":{"index":"index","follow":"follow","max-snippet":"max-snippet:-1","max-image-preview":"max-image-preview:large","max-video-preview":"max-video-preview:-1"},"canonical":"https:\/\/zsp1chojna.pl\/?p=13957","og_locale":"pl_PL","og_type":"article","og_title":"\u015awi\u0119to 5. Pu\u0142ku In\u017cynieryjnego - ZSP w Chojnie","og_description":"9 maja 2025 r., na zaproszenie dow\u00f3dcy 5. Pu\u0142ku In\u017cynieryjnego w Szczecinie Podjuchach, Pana Pu\u0142kownika Wojciecha Rudnikowicza, delegacja nauczycieli Zespo\u0142u Szk\u00f3\u0142 Ponadpodstawowych w Chojnie uczestniczy\u0142a w uroczystym apelu z okazji [&hellip;]","og_url":"https:\/\/zsp1chojna.pl\/?p=13957","og_site_name":"ZSP w Chojnie","article_published_time":"2025-05-09T15:09:48+00:00","article_modified_time":"2025-07-13T15:12:49+00:00","og_image":[{"width":1304,"height":748,"url":"https:\/\/zsp1chojna.pl\/wp-content\/uploads\/2025\/07\/swieto-pulku-2025-2.jpg","type":"image\/jpeg"}],"author":"admin","twitter_card":"summary_large_image","twitter_misc":{"Napisane przez":"admin","Szacowany czas czytania":"2 minuty"},"schema":{"@context":"https:\/\/schema.org","@graph":[{"@type":"Article","@id":"https:\/\/zsp1chojna.pl\/?p=13957#article","isPartOf":{"@id":"https:\/\/zsp1chojna.pl\/?p=13957"},"author":{"name":"admin","@id":"https:\/\/zsp1chojna.pl\/#\/schema\/person\/fe8d6c03379c9cface386de0c172e127"},"headline":"\u015awi\u0119to 5. Pu\u0142ku In\u017cynieryjnego","datePublished":"2025-05-09T15:09:48+00:00","dateModified":"2025-07-13T15:12:49+00:00","mainEntityOfPage":{"@id":"https:\/\/zsp1chojna.pl\/?p=13957"},"wordCount":160,"commentCount":0,"publisher":{"@id":"https:\/\/zsp1chojna.pl\/#organization"},"articleSection":["Aktualno\u015bci 2024\/2025"],"inLanguage":"pl-PL","potentialAction":[{"@type":"CommentAction","name":"Comment","target":["https:\/\/zsp1chojna.pl\/?p=13957#respond"]}]},{"@type":"WebPage","@id":"https:\/\/zsp1chojna.pl\/?p=13957","url":"https:\/\/zsp1chojna.pl\/?p=13957","name":"\u015awi\u0119to 5. Pu\u0142ku In\u017cynieryjnego - ZSP w Chojnie","isPartOf":{"@id":"https:\/\/zsp1chojna.pl\/#website"},"datePublished":"2025-05-09T15:09:48+00:00","dateModified":"2025-07-13T15:12:49+00:00","breadcrumb":{"@id":"https:\/\/zsp1chojna.pl\/?p=13957#breadcrumb"},"inLanguage":"pl-PL","potentialAction":[{"@type":"ReadAction","target":["https:\/\/zsp1chojna.pl\/?p=13957"]}]},{"@type":"BreadcrumbList","@id":"https:\/\/zsp1chojna.pl\/?p=13957#breadcrumb","itemListElement":[{"@type":"ListItem","position":1,"name":"Home","item":"https:\/\/zsp1chojna.pl\/"},{"@type":"ListItem","position":2,"name":"\u015awi\u0119to 5. Pu\u0142ku In\u017cynieryjnego"}]},{"@type":"WebSite","@id":"https:\/\/zsp1chojna.pl\/#website","url":"https:\/\/zsp1chojna.pl\/","name":"ZSP w Chojnie","description":"","publisher":{"@id":"https:\/\/zsp1chojna.pl\/#organization"},"potentialAction":[{"@type":"SearchAction","target":{"@type":"EntryPoint","urlTemplate":"https:\/\/zsp1chojna.pl\/?s={search_term_string}"},"query-input":"required name=search_term_string"}],"inLanguage":"pl-PL"},{"@type":"Organization","@id":"https:\/\/zsp1chojna.pl\/#organization","name":"ZSP w Chojnie","url":"https:\/\/zsp1chojna.pl\/","logo":{"@type":"ImageObject","inLanguage":"pl-PL","@id":"https:\/\/zsp1chojna.pl\/#\/schema\/logo\/image\/","url":"https:\/\/zsp1chojna.pl\/wp-content\/uploads\/2023\/08\/cropped-cropped-cropped-Logo-biale-napis-na-3-wiersze_504-1.png","contentUrl":"https:\/\/zsp1chojna.pl\/wp-content\/uploads\/2023\/08\/cropped-cropped-cropped-Logo-biale-napis-na-3-wiersze_504-1.png","width":504,"height":167,"caption":"ZSP w Chojnie"},"image":{"@id":"https:\/\/zsp1chojna.pl\/#\/schema\/logo\/image\/"}},{"@type":"Person","@id":"https:\/\/zsp1chojna.pl\/#\/schema\/person\/fe8d6c03379c9cface386de0c172e127","name":"admin","image":{"@type":"ImageObject","inLanguage":"pl-PL","@id":"https:\/\/zsp1chojna.pl\/#\/schema\/person\/image\/","url":"https:\/\/secure.gravatar.com\/avatar\/35d79b1d799ff9bac401976862e535bf785f4039d8313d3c00b303598a46dd4e?s=96&d=mm&r=g","contentUrl":"https:\/\/secure.gravatar.com\/avatar\/35d79b1d799ff9bac401976862e535bf785f4039d8313d3c00b303598a46dd4e?s=96&d=mm&r=g","caption":"admin"},"sameAs":["http:\/\/nowazspchojna.pl"],"url":"https:\/\/zsp1chojna.pl\/?author=1"}]}},"jetpack_featured_media_url":"https:\/\/zsp1chojna.pl\/wp-content\/uploads\/2025\/07\/swieto-pulku-2025-2.jpg","_links":{"self":[{"href":"https:\/\/zsp1chojna.pl\/index.php?rest_route=\/wp\/v2\/posts\/13957","targetHints":{"allow":["GET"]}}],"collection":[{"href":"https:\/\/zsp1chojna.pl\/index.php?rest_route=\/wp\/v2\/posts"}],"about":[{"href":"https:\/\/zsp1chojna.pl\/index.php?rest_route=\/wp\/v2\/types\/post"}],"author":[{"embeddable":true,"href":"https:\/\/zsp1chojna.pl\/index.php?rest_route=\/wp\/v2\/users\/1"}],"replies":[{"embeddable":true,"href":"https:\/\/zsp1chojna.pl\/index.php?rest_route=%2Fwp%2Fv2%2Fcomments&post=13957"}],"version-history":[{"count":1,"href":"https:\/\/zsp1chojna.pl\/index.php?rest_route=\/wp\/v2\/posts\/13957\/revisions"}],"predecessor-version":[{"id":13961,"href":"https:\/\/zsp1chojna.pl\/index.php?rest_route=\/wp\/v2\/posts\/13957\/revisions\/13961"}],"wp:featuredmedia":[{"embeddable":true,"href":"https:\/\/zsp1chojna.pl\/index.php?rest_route=\/wp\/v2\/media\/13959"}],"wp:attachment":[{"href":"https:\/\/zsp1chojna.pl\/index.php?rest_route=%2Fwp%2Fv2%2Fmedia&parent=13957"}],"wp:term":[{"taxonomy":"category","embeddable":true,"href":"https:\/\/zsp1chojna.pl\/index.php?rest_route=%2Fwp%2Fv2%2Fcategories&post=13957"},{"taxonomy":"post_tag","embeddable":true,"href":"https:\/\/zsp1chojna.pl\/index.php?rest_route=%2Fwp%2Fv2%2Ftags&post=13957"}],"curies":[{"name":"wp","href":"https:\/\/api.w.org\/{rel}","templated":true}]}}