{"id":13931,"date":"2025-05-28T16:04:08","date_gmt":"2025-05-28T14:04:08","guid":{"rendered":"https:\/\/zsp1chojna.pl\/?p=13931"},"modified":"2025-07-13T16:06:56","modified_gmt":"2025-07-13T14:06:56","slug":"zajecia-praktyczne-opw-w-5-pulku-inzynieryjnym-w-szczecinie-13","status":"publish","type":"post","link":"https:\/\/zsp1chojna.pl\/?p=13931","title":{"rendered":"Zaj\u0119cia praktyczne OPW w 5. Pu\u0142ku In\u017cynieryjnym w Szczecinie"},"content":{"rendered":"\n<p class=\"has-text-align-justify\">Najciekawsze zaj\u0119cia, to takie, gdzie mo\u017cna praktycznie prze\u0107wiczy\u0107 zdobyte umiej\u0119tno\u015bci teoretyczne. W\u0142a\u015bnie w tym duchu zrealizowane by\u0142y zaj\u0119cia dla kadet\u00f3w klasy 3 OPW Zespo\u0142u Szk\u00f3\u0142 Ponadpodstawowych w Chojnie, kt\u00f3re odby\u0142y si\u0119 28 maja 2025 r. W ramach zaj\u0119\u0107 ze szkolenia strzeleckiego, kadeci udali si\u0119 na teren Puszczy Bukowej, w kt\u00f3rej zlokalizowana jest strzelnica jednostki. Tam kadetom przypomniano zasady strzelania z broni strzeleckiej. Instruktorzy przekazywali wiedz\u0119 dotycz\u0105c\u0105 przeznaczenia, budowy oraz zasad dzia\u0142ania karabinka.<\/p>\n\n\n<div class=\"wp-block-image\">\n<figure class=\"aligncenter size-large\"><img loading=\"lazy\" decoding=\"async\" width=\"1024\" height=\"768\" data-attachment-id=\"13932\" data-permalink=\"https:\/\/zsp1chojna.pl\/?attachment_id=13932\" data-orig-file=\"https:\/\/zsp1chojna.pl\/wp-content\/uploads\/2025\/07\/5pulk-czerwiec2025-1.jpg\" data-orig-size=\"1599,1200\" data-comments-opened=\"1\" data-image-meta=\"{&quot;aperture&quot;:&quot;0&quot;,&quot;credit&quot;:&quot;&quot;,&quot;camera&quot;:&quot;&quot;,&quot;caption&quot;:&quot;&quot;,&quot;created_timestamp&quot;:&quot;0&quot;,&quot;copyright&quot;:&quot;&quot;,&quot;focal_length&quot;:&quot;0&quot;,&quot;iso&quot;:&quot;0&quot;,&quot;shutter_speed&quot;:&quot;0&quot;,&quot;title&quot;:&quot;&quot;,&quot;orientation&quot;:&quot;0&quot;}\" data-image-title=\"5pulk-czerwiec2025 (1)\" data-image-description=\"\" data-image-caption=\"\" data-medium-file=\"https:\/\/zsp1chojna.pl\/wp-content\/uploads\/2025\/07\/5pulk-czerwiec2025-1-300x225.jpg\" data-large-file=\"https:\/\/zsp1chojna.pl\/wp-content\/uploads\/2025\/07\/5pulk-czerwiec2025-1-1024x768.jpg\" src=\"https:\/\/zsp1chojna.pl\/wp-content\/uploads\/2025\/07\/5pulk-czerwiec2025-1-1024x768.jpg\" alt=\"\" class=\"wp-image-13932\" srcset=\"https:\/\/zsp1chojna.pl\/wp-content\/uploads\/2025\/07\/5pulk-czerwiec2025-1-1024x768.jpg 1024w, https:\/\/zsp1chojna.pl\/wp-content\/uploads\/2025\/07\/5pulk-czerwiec2025-1-300x225.jpg 300w, https:\/\/zsp1chojna.pl\/wp-content\/uploads\/2025\/07\/5pulk-czerwiec2025-1-768x576.jpg 768w, https:\/\/zsp1chojna.pl\/wp-content\/uploads\/2025\/07\/5pulk-czerwiec2025-1-1536x1153.jpg 1536w, https:\/\/zsp1chojna.pl\/wp-content\/uploads\/2025\/07\/5pulk-czerwiec2025-1-947x711.jpg 947w, https:\/\/zsp1chojna.pl\/wp-content\/uploads\/2025\/07\/5pulk-czerwiec2025-1-624x468.jpg 624w, https:\/\/zsp1chojna.pl\/wp-content\/uploads\/2025\/07\/5pulk-czerwiec2025-1.jpg 1599w\" sizes=\"auto, (max-width: 1024px) 100vw, 1024px\" \/><\/figure>\n<\/div>\n\n\n<p class=\"has-text-align-justify\">Om\u00f3wili r\u00f3wnie\u017c zasady dotycz\u0105ce celowania i oddawania strza\u0142u, a tak\u017ce korygowania wyst\u0119puj\u0105cych nieprawid\u0142owo\u015bci i b\u0142\u0119d\u00f3w. Wszystko to, by\u0142o wst\u0119pem do&nbsp;najciekawszej tego dnia cz\u0119\u015bci zaj\u0119\u0107 \u2013 strzelania na strzelnicy otwartej, z karabinka kbks ostr\u0105 amunicj\u0105.<\/p>\n\n\n<div class=\"wp-block-image\">\n<figure class=\"aligncenter size-large\"><img loading=\"lazy\" decoding=\"async\" width=\"1024\" height=\"768\" data-attachment-id=\"13933\" data-permalink=\"https:\/\/zsp1chojna.pl\/?attachment_id=13933\" data-orig-file=\"https:\/\/zsp1chojna.pl\/wp-content\/uploads\/2025\/07\/5pulk-czerwiec2025-2.jpg\" data-orig-size=\"1599,1200\" data-comments-opened=\"1\" data-image-meta=\"{&quot;aperture&quot;:&quot;0&quot;,&quot;credit&quot;:&quot;&quot;,&quot;camera&quot;:&quot;&quot;,&quot;caption&quot;:&quot;&quot;,&quot;created_timestamp&quot;:&quot;0&quot;,&quot;copyright&quot;:&quot;&quot;,&quot;focal_length&quot;:&quot;0&quot;,&quot;iso&quot;:&quot;0&quot;,&quot;shutter_speed&quot;:&quot;0&quot;,&quot;title&quot;:&quot;&quot;,&quot;orientation&quot;:&quot;0&quot;}\" data-image-title=\"5pulk-czerwiec2025 (2)\" data-image-description=\"\" data-image-caption=\"\" data-medium-file=\"https:\/\/zsp1chojna.pl\/wp-content\/uploads\/2025\/07\/5pulk-czerwiec2025-2-300x225.jpg\" data-large-file=\"https:\/\/zsp1chojna.pl\/wp-content\/uploads\/2025\/07\/5pulk-czerwiec2025-2-1024x768.jpg\" src=\"https:\/\/zsp1chojna.pl\/wp-content\/uploads\/2025\/07\/5pulk-czerwiec2025-2-1024x768.jpg\" alt=\"\" class=\"wp-image-13933\" srcset=\"https:\/\/zsp1chojna.pl\/wp-content\/uploads\/2025\/07\/5pulk-czerwiec2025-2-1024x768.jpg 1024w, https:\/\/zsp1chojna.pl\/wp-content\/uploads\/2025\/07\/5pulk-czerwiec2025-2-300x225.jpg 300w, https:\/\/zsp1chojna.pl\/wp-content\/uploads\/2025\/07\/5pulk-czerwiec2025-2-768x576.jpg 768w, https:\/\/zsp1chojna.pl\/wp-content\/uploads\/2025\/07\/5pulk-czerwiec2025-2-1536x1153.jpg 1536w, https:\/\/zsp1chojna.pl\/wp-content\/uploads\/2025\/07\/5pulk-czerwiec2025-2-947x711.jpg 947w, https:\/\/zsp1chojna.pl\/wp-content\/uploads\/2025\/07\/5pulk-czerwiec2025-2-624x468.jpg 624w, https:\/\/zsp1chojna.pl\/wp-content\/uploads\/2025\/07\/5pulk-czerwiec2025-2.jpg 1599w\" sizes=\"auto, (max-width: 1024px) 100vw, 1024px\" \/><\/figure>\n<\/div>\n\n\n<p class=\"has-text-align-justify\">Kadeci, pod czujnym okiem instruktor\u00f3w, wykonywali strzelania do tarcz, a nast\u0119pnie sprawdzali swoje wyniki. Wielu z nich osi\u0105gn\u0119\u0142o bardzo dobre wyniki oraz du\u017c\u0105 satysfakcj\u0119.<\/p>\n\n\n<div class=\"wp-block-image\">\n<figure class=\"aligncenter size-large\"><img loading=\"lazy\" decoding=\"async\" width=\"1024\" height=\"768\" data-attachment-id=\"13934\" data-permalink=\"https:\/\/zsp1chojna.pl\/?attachment_id=13934\" data-orig-file=\"https:\/\/zsp1chojna.pl\/wp-content\/uploads\/2025\/07\/5pulk-czerwiec2025-3.jpg\" data-orig-size=\"1600,1200\" data-comments-opened=\"1\" data-image-meta=\"{&quot;aperture&quot;:&quot;0&quot;,&quot;credit&quot;:&quot;&quot;,&quot;camera&quot;:&quot;&quot;,&quot;caption&quot;:&quot;&quot;,&quot;created_timestamp&quot;:&quot;0&quot;,&quot;copyright&quot;:&quot;&quot;,&quot;focal_length&quot;:&quot;0&quot;,&quot;iso&quot;:&quot;0&quot;,&quot;shutter_speed&quot;:&quot;0&quot;,&quot;title&quot;:&quot;&quot;,&quot;orientation&quot;:&quot;0&quot;}\" data-image-title=\"5pulk-czerwiec2025 (3)\" data-image-description=\"\" data-image-caption=\"\" data-medium-file=\"https:\/\/zsp1chojna.pl\/wp-content\/uploads\/2025\/07\/5pulk-czerwiec2025-3-300x225.jpg\" data-large-file=\"https:\/\/zsp1chojna.pl\/wp-content\/uploads\/2025\/07\/5pulk-czerwiec2025-3-1024x768.jpg\" src=\"https:\/\/zsp1chojna.pl\/wp-content\/uploads\/2025\/07\/5pulk-czerwiec2025-3-1024x768.jpg\" alt=\"\" class=\"wp-image-13934\" srcset=\"https:\/\/zsp1chojna.pl\/wp-content\/uploads\/2025\/07\/5pulk-czerwiec2025-3-1024x768.jpg 1024w, https:\/\/zsp1chojna.pl\/wp-content\/uploads\/2025\/07\/5pulk-czerwiec2025-3-300x225.jpg 300w, https:\/\/zsp1chojna.pl\/wp-content\/uploads\/2025\/07\/5pulk-czerwiec2025-3-768x576.jpg 768w, https:\/\/zsp1chojna.pl\/wp-content\/uploads\/2025\/07\/5pulk-czerwiec2025-3-1536x1152.jpg 1536w, https:\/\/zsp1chojna.pl\/wp-content\/uploads\/2025\/07\/5pulk-czerwiec2025-3-947x710.jpg 947w, https:\/\/zsp1chojna.pl\/wp-content\/uploads\/2025\/07\/5pulk-czerwiec2025-3-624x468.jpg 624w, https:\/\/zsp1chojna.pl\/wp-content\/uploads\/2025\/07\/5pulk-czerwiec2025-3.jpg 1600w\" sizes=\"auto, (max-width: 1024px) 100vw, 1024px\" \/><\/figure>\n<\/div>\n\n\n<p class=\"has-text-align-justify\">Kadeci klasy 2 OPW, realizowali w tym dniu zaj\u0119cia przygotowuj\u0105ce do sprawdzianu kwalifikacyjnego sprawno\u015bci fizycznej, obowi\u0105zuj\u0105cego w SZRP. Uczniowie \u0107wiczyli wi\u0119c podp\u00f3r przodem, sk\u0142ony tu\u0142owia oraz bieg wahad\u0142owy. Wszystko to, w celu sprawdzenia post\u0119p\u00f3w ucznia w wykonywaniu norm oraz przygotowaniu go do przysz\u0142ych wyzwa\u0144. Kolejne tego dnia zaj\u0119cia, dotyczy\u0142y indywidualnego wyposa\u017cenia medycznego. Kadeci zostali zapoznani z przeznaczeniem i wyposa\u017ceniem IPMed oraz pos\u0142ugiwaniem si\u0119 opatrunkiem osobistym i opask\u0105 uciskow\u0105, a tak\u017ce pos\u0142ugiwaniem si\u0119 zawarto\u015bci\u0105 apteczek. Instruktor ratownictwa (medyk), demonstrowa\u0142 tak\u017ce jak wygl\u0105da udzielanie pierwszej pomocy w przypadku uraz\u00f3w.<\/p>\n\n\n\n<p class=\"has-text-align-right\">&nbsp;&nbsp;&nbsp;&nbsp;&nbsp;&nbsp;&nbsp;&nbsp;&nbsp;&nbsp;&nbsp;&nbsp;&nbsp;&nbsp;&nbsp;&nbsp;&nbsp;&nbsp;&nbsp;&nbsp;&nbsp;&nbsp;&nbsp;&nbsp;&nbsp;&nbsp;&nbsp;&nbsp;&nbsp;&nbsp;&nbsp;&nbsp;&nbsp;&nbsp;&nbsp;&nbsp;&nbsp;&nbsp;&nbsp;&nbsp;&nbsp;&nbsp;&nbsp;&nbsp;&nbsp;&nbsp;&nbsp;&nbsp;&nbsp;&nbsp;&nbsp;&nbsp;&nbsp;&nbsp;&nbsp;&nbsp;&nbsp;&nbsp;&nbsp;&nbsp;&nbsp;&nbsp;&nbsp;&nbsp;&nbsp;&nbsp;&nbsp;&nbsp;&nbsp;&nbsp;&nbsp;&nbsp;&nbsp;&nbsp;&nbsp;&nbsp;&nbsp;&nbsp;&nbsp;&nbsp;&nbsp;&nbsp;&nbsp;&nbsp;&nbsp;&nbsp;&nbsp;&nbsp;&nbsp;&nbsp;&nbsp;&nbsp;&nbsp;&nbsp;&nbsp;&nbsp;&nbsp;&nbsp;&nbsp;&nbsp; &nbsp;&nbsp;&nbsp;&nbsp; mgr Marek Bednarz<\/p>\n","protected":false},"excerpt":{"rendered":"<p>Najciekawsze zaj\u0119cia, to takie, gdzie mo\u017cna praktycznie prze\u0107wiczy\u0107 zdobyte umiej\u0119tno\u015bci teoretyczne. W\u0142a\u015bnie w tym duchu zrealizowane by\u0142y zaj\u0119cia dla kadet\u00f3w klasy 3 OPW Zespo\u0142u Szk\u00f3\u0142 Ponadpodstawowych w Chojnie, kt\u00f3re odby\u0142y [&hellip;]<\/p>\n","protected":false},"author":1,"featured_media":13932,"comment_status":"open","ping_status":"open","sticky":false,"template":"","format":"standard","meta":{"footnotes":""},"categories":[31],"tags":[],"class_list":["post-13931","post","type-post","status-publish","format-standard","has-post-thumbnail","hentry","category-aktualnosci-2024-2025"],"wbAuthor":{"name":"admin","link":"https:\/\/zsp1chojna.pl\/?author=1"},"wbDate":"maj 28, 2025","wbCategories":{"space":"<a href=\"https:\/\/zsp1chojna.pl\/?cat=31\" rel=\"category\">Aktualno\u015bci 2024\/2025<\/a>","coma":"<a href=\"https:\/\/zsp1chojna.pl\/?cat=31\" rel=\"category\">Aktualno\u015bci 2024\/2025<\/a>"},"wbComment":0,"yoast_head":"<!-- This site is optimized with the Yoast SEO plugin v20.13 - https:\/\/yoast.com\/wordpress\/plugins\/seo\/ -->\n<title>Zaj\u0119cia praktyczne OPW w 5. Pu\u0142ku In\u017cynieryjnym w Szczecinie - ZSP w Chojnie<\/title>\n<meta name=\"robots\" content=\"index, follow, max-snippet:-1, max-image-preview:large, max-video-preview:-1\" \/>\n<link rel=\"canonical\" href=\"https:\/\/zsp1chojna.pl\/?p=13931\" \/>\n<meta property=\"og:locale\" content=\"pl_PL\" \/>\n<meta property=\"og:type\" content=\"article\" \/>\n<meta property=\"og:title\" content=\"Zaj\u0119cia praktyczne OPW w 5. Pu\u0142ku In\u017cynieryjnym w Szczecinie - ZSP w Chojnie\" \/>\n<meta property=\"og:description\" content=\"Najciekawsze zaj\u0119cia, to takie, gdzie mo\u017cna praktycznie prze\u0107wiczy\u0107 zdobyte umiej\u0119tno\u015bci teoretyczne. W\u0142a\u015bnie w tym duchu zrealizowane by\u0142y zaj\u0119cia dla kadet\u00f3w klasy 3 OPW Zespo\u0142u Szk\u00f3\u0142 Ponadpodstawowych w Chojnie, kt\u00f3re odby\u0142y [&hellip;]\" \/>\n<meta property=\"og:url\" content=\"https:\/\/zsp1chojna.pl\/?p=13931\" \/>\n<meta property=\"og:site_name\" content=\"ZSP w Chojnie\" \/>\n<meta property=\"article:published_time\" content=\"2025-05-28T14:04:08+00:00\" \/>\n<meta property=\"article:modified_time\" content=\"2025-07-13T14:06:56+00:00\" \/>\n<meta property=\"og:image\" content=\"https:\/\/zsp1chojna.pl\/wp-content\/uploads\/2025\/07\/5pulk-czerwiec2025-1.jpg\" \/>\n\t<meta property=\"og:image:width\" content=\"1599\" \/>\n\t<meta property=\"og:image:height\" content=\"1200\" \/>\n\t<meta property=\"og:image:type\" content=\"image\/jpeg\" \/>\n<meta name=\"author\" content=\"admin\" \/>\n<meta name=\"twitter:card\" content=\"summary_large_image\" \/>\n<meta name=\"twitter:label1\" content=\"Napisane przez\" \/>\n\t<meta name=\"twitter:data1\" content=\"admin\" \/>\n\t<meta name=\"twitter:label2\" content=\"Szacowany czas czytania\" \/>\n\t<meta name=\"twitter:data2\" content=\"2 minuty\" \/>\n<script type=\"application\/ld+json\" class=\"yoast-schema-graph\">{\"@context\":\"https:\/\/schema.org\",\"@graph\":[{\"@type\":\"Article\",\"@id\":\"https:\/\/zsp1chojna.pl\/?p=13931#article\",\"isPartOf\":{\"@id\":\"https:\/\/zsp1chojna.pl\/?p=13931\"},\"author\":{\"name\":\"admin\",\"@id\":\"https:\/\/zsp1chojna.pl\/#\/schema\/person\/fe8d6c03379c9cface386de0c172e127\"},\"headline\":\"Zaj\u0119cia praktyczne OPW w 5. Pu\u0142ku In\u017cynieryjnym w Szczecinie\",\"datePublished\":\"2025-05-28T14:04:08+00:00\",\"dateModified\":\"2025-07-13T14:06:56+00:00\",\"mainEntityOfPage\":{\"@id\":\"https:\/\/zsp1chojna.pl\/?p=13931\"},\"wordCount\":390,\"commentCount\":0,\"publisher\":{\"@id\":\"https:\/\/zsp1chojna.pl\/#organization\"},\"articleSection\":[\"Aktualno\u015bci 2024\/2025\"],\"inLanguage\":\"pl-PL\",\"potentialAction\":[{\"@type\":\"CommentAction\",\"name\":\"Comment\",\"target\":[\"https:\/\/zsp1chojna.pl\/?p=13931#respond\"]}]},{\"@type\":\"WebPage\",\"@id\":\"https:\/\/zsp1chojna.pl\/?p=13931\",\"url\":\"https:\/\/zsp1chojna.pl\/?p=13931\",\"name\":\"Zaj\u0119cia praktyczne OPW w 5. Pu\u0142ku In\u017cynieryjnym w Szczecinie - ZSP w Chojnie\",\"isPartOf\":{\"@id\":\"https:\/\/zsp1chojna.pl\/#website\"},\"datePublished\":\"2025-05-28T14:04:08+00:00\",\"dateModified\":\"2025-07-13T14:06:56+00:00\",\"breadcrumb\":{\"@id\":\"https:\/\/zsp1chojna.pl\/?p=13931#breadcrumb\"},\"inLanguage\":\"pl-PL\",\"potentialAction\":[{\"@type\":\"ReadAction\",\"target\":[\"https:\/\/zsp1chojna.pl\/?p=13931\"]}]},{\"@type\":\"BreadcrumbList\",\"@id\":\"https:\/\/zsp1chojna.pl\/?p=13931#breadcrumb\",\"itemListElement\":[{\"@type\":\"ListItem\",\"position\":1,\"name\":\"Home\",\"item\":\"https:\/\/zsp1chojna.pl\/\"},{\"@type\":\"ListItem\",\"position\":2,\"name\":\"Zaj\u0119cia praktyczne OPW w 5. Pu\u0142ku In\u017cynieryjnym w Szczecinie\"}]},{\"@type\":\"WebSite\",\"@id\":\"https:\/\/zsp1chojna.pl\/#website\",\"url\":\"https:\/\/zsp1chojna.pl\/\",\"name\":\"ZSP w Chojnie\",\"description\":\"\",\"publisher\":{\"@id\":\"https:\/\/zsp1chojna.pl\/#organization\"},\"potentialAction\":[{\"@type\":\"SearchAction\",\"target\":{\"@type\":\"EntryPoint\",\"urlTemplate\":\"https:\/\/zsp1chojna.pl\/?s={search_term_string}\"},\"query-input\":\"required name=search_term_string\"}],\"inLanguage\":\"pl-PL\"},{\"@type\":\"Organization\",\"@id\":\"https:\/\/zsp1chojna.pl\/#organization\",\"name\":\"ZSP w Chojnie\",\"url\":\"https:\/\/zsp1chojna.pl\/\",\"logo\":{\"@type\":\"ImageObject\",\"inLanguage\":\"pl-PL\",\"@id\":\"https:\/\/zsp1chojna.pl\/#\/schema\/logo\/image\/\",\"url\":\"https:\/\/zsp1chojna.pl\/wp-content\/uploads\/2023\/08\/cropped-cropped-cropped-Logo-biale-napis-na-3-wiersze_504-1.png\",\"contentUrl\":\"https:\/\/zsp1chojna.pl\/wp-content\/uploads\/2023\/08\/cropped-cropped-cropped-Logo-biale-napis-na-3-wiersze_504-1.png\",\"width\":504,\"height\":167,\"caption\":\"ZSP w Chojnie\"},\"image\":{\"@id\":\"https:\/\/zsp1chojna.pl\/#\/schema\/logo\/image\/\"}},{\"@type\":\"Person\",\"@id\":\"https:\/\/zsp1chojna.pl\/#\/schema\/person\/fe8d6c03379c9cface386de0c172e127\",\"name\":\"admin\",\"image\":{\"@type\":\"ImageObject\",\"inLanguage\":\"pl-PL\",\"@id\":\"https:\/\/zsp1chojna.pl\/#\/schema\/person\/image\/\",\"url\":\"https:\/\/secure.gravatar.com\/avatar\/35d79b1d799ff9bac401976862e535bf785f4039d8313d3c00b303598a46dd4e?s=96&d=mm&r=g\",\"contentUrl\":\"https:\/\/secure.gravatar.com\/avatar\/35d79b1d799ff9bac401976862e535bf785f4039d8313d3c00b303598a46dd4e?s=96&d=mm&r=g\",\"caption\":\"admin\"},\"sameAs\":[\"http:\/\/nowazspchojna.pl\"],\"url\":\"https:\/\/zsp1chojna.pl\/?author=1\"}]}<\/script>\n<!-- \/ Yoast SEO plugin. -->","yoast_head_json":{"title":"Zaj\u0119cia praktyczne OPW w 5. Pu\u0142ku In\u017cynieryjnym w Szczecinie - ZSP w Chojnie","robots":{"index":"index","follow":"follow","max-snippet":"max-snippet:-1","max-image-preview":"max-image-preview:large","max-video-preview":"max-video-preview:-1"},"canonical":"https:\/\/zsp1chojna.pl\/?p=13931","og_locale":"pl_PL","og_type":"article","og_title":"Zaj\u0119cia praktyczne OPW w 5. Pu\u0142ku In\u017cynieryjnym w Szczecinie - ZSP w Chojnie","og_description":"Najciekawsze zaj\u0119cia, to takie, gdzie mo\u017cna praktycznie prze\u0107wiczy\u0107 zdobyte umiej\u0119tno\u015bci teoretyczne. W\u0142a\u015bnie w tym duchu zrealizowane by\u0142y zaj\u0119cia dla kadet\u00f3w klasy 3 OPW Zespo\u0142u Szk\u00f3\u0142 Ponadpodstawowych w Chojnie, kt\u00f3re odby\u0142y [&hellip;]","og_url":"https:\/\/zsp1chojna.pl\/?p=13931","og_site_name":"ZSP w Chojnie","article_published_time":"2025-05-28T14:04:08+00:00","article_modified_time":"2025-07-13T14:06:56+00:00","og_image":[{"width":1599,"height":1200,"url":"https:\/\/zsp1chojna.pl\/wp-content\/uploads\/2025\/07\/5pulk-czerwiec2025-1.jpg","type":"image\/jpeg"}],"author":"admin","twitter_card":"summary_large_image","twitter_misc":{"Napisane przez":"admin","Szacowany czas czytania":"2 minuty"},"schema":{"@context":"https:\/\/schema.org","@graph":[{"@type":"Article","@id":"https:\/\/zsp1chojna.pl\/?p=13931#article","isPartOf":{"@id":"https:\/\/zsp1chojna.pl\/?p=13931"},"author":{"name":"admin","@id":"https:\/\/zsp1chojna.pl\/#\/schema\/person\/fe8d6c03379c9cface386de0c172e127"},"headline":"Zaj\u0119cia praktyczne OPW w 5. Pu\u0142ku In\u017cynieryjnym w Szczecinie","datePublished":"2025-05-28T14:04:08+00:00","dateModified":"2025-07-13T14:06:56+00:00","mainEntityOfPage":{"@id":"https:\/\/zsp1chojna.pl\/?p=13931"},"wordCount":390,"commentCount":0,"publisher":{"@id":"https:\/\/zsp1chojna.pl\/#organization"},"articleSection":["Aktualno\u015bci 2024\/2025"],"inLanguage":"pl-PL","potentialAction":[{"@type":"CommentAction","name":"Comment","target":["https:\/\/zsp1chojna.pl\/?p=13931#respond"]}]},{"@type":"WebPage","@id":"https:\/\/zsp1chojna.pl\/?p=13931","url":"https:\/\/zsp1chojna.pl\/?p=13931","name":"Zaj\u0119cia praktyczne OPW w 5. Pu\u0142ku In\u017cynieryjnym w Szczecinie - ZSP w Chojnie","isPartOf":{"@id":"https:\/\/zsp1chojna.pl\/#website"},"datePublished":"2025-05-28T14:04:08+00:00","dateModified":"2025-07-13T14:06:56+00:00","breadcrumb":{"@id":"https:\/\/zsp1chojna.pl\/?p=13931#breadcrumb"},"inLanguage":"pl-PL","potentialAction":[{"@type":"ReadAction","target":["https:\/\/zsp1chojna.pl\/?p=13931"]}]},{"@type":"BreadcrumbList","@id":"https:\/\/zsp1chojna.pl\/?p=13931#breadcrumb","itemListElement":[{"@type":"ListItem","position":1,"name":"Home","item":"https:\/\/zsp1chojna.pl\/"},{"@type":"ListItem","position":2,"name":"Zaj\u0119cia praktyczne OPW w 5. Pu\u0142ku In\u017cynieryjnym w Szczecinie"}]},{"@type":"WebSite","@id":"https:\/\/zsp1chojna.pl\/#website","url":"https:\/\/zsp1chojna.pl\/","name":"ZSP w Chojnie","description":"","publisher":{"@id":"https:\/\/zsp1chojna.pl\/#organization"},"potentialAction":[{"@type":"SearchAction","target":{"@type":"EntryPoint","urlTemplate":"https:\/\/zsp1chojna.pl\/?s={search_term_string}"},"query-input":"required name=search_term_string"}],"inLanguage":"pl-PL"},{"@type":"Organization","@id":"https:\/\/zsp1chojna.pl\/#organization","name":"ZSP w Chojnie","url":"https:\/\/zsp1chojna.pl\/","logo":{"@type":"ImageObject","inLanguage":"pl-PL","@id":"https:\/\/zsp1chojna.pl\/#\/schema\/logo\/image\/","url":"https:\/\/zsp1chojna.pl\/wp-content\/uploads\/2023\/08\/cropped-cropped-cropped-Logo-biale-napis-na-3-wiersze_504-1.png","contentUrl":"https:\/\/zsp1chojna.pl\/wp-content\/uploads\/2023\/08\/cropped-cropped-cropped-Logo-biale-napis-na-3-wiersze_504-1.png","width":504,"height":167,"caption":"ZSP w Chojnie"},"image":{"@id":"https:\/\/zsp1chojna.pl\/#\/schema\/logo\/image\/"}},{"@type":"Person","@id":"https:\/\/zsp1chojna.pl\/#\/schema\/person\/fe8d6c03379c9cface386de0c172e127","name":"admin","image":{"@type":"ImageObject","inLanguage":"pl-PL","@id":"https:\/\/zsp1chojna.pl\/#\/schema\/person\/image\/","url":"https:\/\/secure.gravatar.com\/avatar\/35d79b1d799ff9bac401976862e535bf785f4039d8313d3c00b303598a46dd4e?s=96&d=mm&r=g","contentUrl":"https:\/\/secure.gravatar.com\/avatar\/35d79b1d799ff9bac401976862e535bf785f4039d8313d3c00b303598a46dd4e?s=96&d=mm&r=g","caption":"admin"},"sameAs":["http:\/\/nowazspchojna.pl"],"url":"https:\/\/zsp1chojna.pl\/?author=1"}]}},"jetpack_featured_media_url":"https:\/\/zsp1chojna.pl\/wp-content\/uploads\/2025\/07\/5pulk-czerwiec2025-1.jpg","_links":{"self":[{"href":"https:\/\/zsp1chojna.pl\/index.php?rest_route=\/wp\/v2\/posts\/13931","targetHints":{"allow":["GET"]}}],"collection":[{"href":"https:\/\/zsp1chojna.pl\/index.php?rest_route=\/wp\/v2\/posts"}],"about":[{"href":"https:\/\/zsp1chojna.pl\/index.php?rest_route=\/wp\/v2\/types\/post"}],"author":[{"embeddable":true,"href":"https:\/\/zsp1chojna.pl\/index.php?rest_route=\/wp\/v2\/users\/1"}],"replies":[{"embeddable":true,"href":"https:\/\/zsp1chojna.pl\/index.php?rest_route=%2Fwp%2Fv2%2Fcomments&post=13931"}],"version-history":[{"count":1,"href":"https:\/\/zsp1chojna.pl\/index.php?rest_route=\/wp\/v2\/posts\/13931\/revisions"}],"predecessor-version":[{"id":13935,"href":"https:\/\/zsp1chojna.pl\/index.php?rest_route=\/wp\/v2\/posts\/13931\/revisions\/13935"}],"wp:featuredmedia":[{"embeddable":true,"href":"https:\/\/zsp1chojna.pl\/index.php?rest_route=\/wp\/v2\/media\/13932"}],"wp:attachment":[{"href":"https:\/\/zsp1chojna.pl\/index.php?rest_route=%2Fwp%2Fv2%2Fmedia&parent=13931"}],"wp:term":[{"taxonomy":"category","embeddable":true,"href":"https:\/\/zsp1chojna.pl\/index.php?rest_route=%2Fwp%2Fv2%2Fcategories&post=13931"},{"taxonomy":"post_tag","embeddable":true,"href":"https:\/\/zsp1chojna.pl\/index.php?rest_route=%2Fwp%2Fv2%2Ftags&post=13931"}],"curies":[{"name":"wp","href":"https:\/\/api.w.org\/{rel}","templated":true}]}}