{"id":13765,"date":"2025-05-29T09:00:00","date_gmt":"2025-05-29T07:00:00","guid":{"rendered":"https:\/\/zsp1chojna.pl\/?p=13765"},"modified":"2025-06-12T09:06:11","modified_gmt":"2025-06-12T07:06:11","slug":"iv-konferencja-metodyczno-naukowa-klas-mundurowych-wojewodztwa-zachodniopomorskiego","status":"publish","type":"post","link":"https:\/\/zsp1chojna.pl\/?p=13765","title":{"rendered":"IV Konferencja Metodyczno-Naukowa Klas Mundurowych Wojew\u00f3dztwa Zachodniopomorskiego"},"content":{"rendered":"\n<p class=\"has-text-align-justify\">29 maja 2025 r., kadeci klasy 2OPW, wraz z wychowawc\u0105 uczestniczyli w IV edycji Konferencji Metodyczno-Naukowej Klas Mundurowych na Uniwersytecie Szczeci\u0144skim. Organizatorem wydarzenia by\u0142 Instytut Nauk o Polityce i Bezpiecze\u0144stwie Uniwersytetu Szczeci\u0144skiego, pod patronatem Urz\u0119du Marsza\u0142kowskiego oraz S\u0142u\u017cby Celno-Skarbowej.<\/p>\n\n\n<div class=\"wp-block-image\">\n<figure class=\"aligncenter size-large is-resized\"><img loading=\"lazy\" decoding=\"async\" width=\"1024\" height=\"601\" data-attachment-id=\"13766\" data-permalink=\"https:\/\/zsp1chojna.pl\/?attachment_id=13766\" data-orig-file=\"https:\/\/zsp1chojna.pl\/wp-content\/uploads\/2025\/06\/image001.jpg\" data-orig-size=\"1243,729\" data-comments-opened=\"1\" data-image-meta=\"{&quot;aperture&quot;:&quot;0&quot;,&quot;credit&quot;:&quot;&quot;,&quot;camera&quot;:&quot;&quot;,&quot;caption&quot;:&quot;&quot;,&quot;created_timestamp&quot;:&quot;0&quot;,&quot;copyright&quot;:&quot;&quot;,&quot;focal_length&quot;:&quot;0&quot;,&quot;iso&quot;:&quot;0&quot;,&quot;shutter_speed&quot;:&quot;0&quot;,&quot;title&quot;:&quot;&quot;,&quot;orientation&quot;:&quot;0&quot;}\" data-image-title=\"image001\" data-image-description=\"\" data-image-caption=\"\" data-medium-file=\"https:\/\/zsp1chojna.pl\/wp-content\/uploads\/2025\/06\/image001-300x176.jpg\" data-large-file=\"https:\/\/zsp1chojna.pl\/wp-content\/uploads\/2025\/06\/image001-1024x601.jpg\" src=\"https:\/\/zsp1chojna.pl\/wp-content\/uploads\/2025\/06\/image001-1024x601.jpg\" alt=\"\" class=\"wp-image-13766\" style=\"width:660px;height:auto\" srcset=\"https:\/\/zsp1chojna.pl\/wp-content\/uploads\/2025\/06\/image001-1024x601.jpg 1024w, https:\/\/zsp1chojna.pl\/wp-content\/uploads\/2025\/06\/image001-300x176.jpg 300w, https:\/\/zsp1chojna.pl\/wp-content\/uploads\/2025\/06\/image001-768x450.jpg 768w, https:\/\/zsp1chojna.pl\/wp-content\/uploads\/2025\/06\/image001-947x555.jpg 947w, https:\/\/zsp1chojna.pl\/wp-content\/uploads\/2025\/06\/image001-624x366.jpg 624w, https:\/\/zsp1chojna.pl\/wp-content\/uploads\/2025\/06\/image001.jpg 1243w\" sizes=\"auto, (max-width: 1024px) 100vw, 1024px\" \/><\/figure>\n<\/div>\n\n\n<p class=\"has-text-align-justify\">Konferencj\u0119 rozpocz\u0119li, witaj\u0105cy uczestnik\u00f3w spotkania, Pani Marta Lasek-Skalik z&nbsp;Izby Administracji Skarbowej w Szczecinie oraz dyrektor Instytutu Nauk o Polityce i&nbsp;Bezpiecze\u0144stwie Uniwersytetu Szczeci\u0144skiego dr hab. prof. US Tomasz Czapiewski.<\/p>\n\n\n<div class=\"wp-block-image\">\n<figure class=\"aligncenter size-large is-resized\"><img loading=\"lazy\" decoding=\"async\" width=\"1024\" height=\"655\" data-attachment-id=\"13767\" data-permalink=\"https:\/\/zsp1chojna.pl\/?attachment_id=13767\" data-orig-file=\"https:\/\/zsp1chojna.pl\/wp-content\/uploads\/2025\/06\/image002.jpg\" data-orig-size=\"1243,795\" data-comments-opened=\"1\" data-image-meta=\"{&quot;aperture&quot;:&quot;0&quot;,&quot;credit&quot;:&quot;&quot;,&quot;camera&quot;:&quot;&quot;,&quot;caption&quot;:&quot;&quot;,&quot;created_timestamp&quot;:&quot;0&quot;,&quot;copyright&quot;:&quot;&quot;,&quot;focal_length&quot;:&quot;0&quot;,&quot;iso&quot;:&quot;0&quot;,&quot;shutter_speed&quot;:&quot;0&quot;,&quot;title&quot;:&quot;&quot;,&quot;orientation&quot;:&quot;0&quot;}\" data-image-title=\"image002\" data-image-description=\"\" data-image-caption=\"\" data-medium-file=\"https:\/\/zsp1chojna.pl\/wp-content\/uploads\/2025\/06\/image002-300x192.jpg\" data-large-file=\"https:\/\/zsp1chojna.pl\/wp-content\/uploads\/2025\/06\/image002-1024x655.jpg\" src=\"https:\/\/zsp1chojna.pl\/wp-content\/uploads\/2025\/06\/image002-1024x655.jpg\" alt=\"\" class=\"wp-image-13767\" style=\"width:668px;height:auto\" srcset=\"https:\/\/zsp1chojna.pl\/wp-content\/uploads\/2025\/06\/image002-1024x655.jpg 1024w, https:\/\/zsp1chojna.pl\/wp-content\/uploads\/2025\/06\/image002-300x192.jpg 300w, https:\/\/zsp1chojna.pl\/wp-content\/uploads\/2025\/06\/image002-768x491.jpg 768w, https:\/\/zsp1chojna.pl\/wp-content\/uploads\/2025\/06\/image002-947x606.jpg 947w, https:\/\/zsp1chojna.pl\/wp-content\/uploads\/2025\/06\/image002-624x399.jpg 624w, https:\/\/zsp1chojna.pl\/wp-content\/uploads\/2025\/06\/image002.jpg 1243w\" sizes=\"auto, (max-width: 1024px) 100vw, 1024px\" \/><\/figure>\n<\/div>\n\n\n<p class=\"has-text-align-justify\">Nast\u0119pnie g\u0142os zabra\u0142 naczelnik Zachodniopomorskiego Urz\u0119du Celno-Skarbowego w&nbsp;Szczecinie Pan Grzegorz Gralak, kt\u00f3ry zapozna\u0142 uczestnik\u00f3w z organizacj\u0105 i&nbsp;funkcjonowaniem S\u0142u\u017cby Celno-Skarbowej, prezentuj\u0105c filmy promuj\u0105ce oraz przybli\u017caj\u0105ce dzia\u0142ania S\u0142u\u017cby.<\/p>\n\n\n<div class=\"wp-block-image\">\n<figure class=\"aligncenter size-large is-resized\"><img loading=\"lazy\" decoding=\"async\" width=\"1024\" height=\"615\" data-attachment-id=\"13768\" data-permalink=\"https:\/\/zsp1chojna.pl\/?attachment_id=13768\" data-orig-file=\"https:\/\/zsp1chojna.pl\/wp-content\/uploads\/2025\/06\/image003.jpg\" data-orig-size=\"1255,754\" data-comments-opened=\"1\" data-image-meta=\"{&quot;aperture&quot;:&quot;0&quot;,&quot;credit&quot;:&quot;&quot;,&quot;camera&quot;:&quot;&quot;,&quot;caption&quot;:&quot;&quot;,&quot;created_timestamp&quot;:&quot;0&quot;,&quot;copyright&quot;:&quot;&quot;,&quot;focal_length&quot;:&quot;0&quot;,&quot;iso&quot;:&quot;0&quot;,&quot;shutter_speed&quot;:&quot;0&quot;,&quot;title&quot;:&quot;&quot;,&quot;orientation&quot;:&quot;0&quot;}\" data-image-title=\"image003\" data-image-description=\"\" data-image-caption=\"\" data-medium-file=\"https:\/\/zsp1chojna.pl\/wp-content\/uploads\/2025\/06\/image003-300x180.jpg\" data-large-file=\"https:\/\/zsp1chojna.pl\/wp-content\/uploads\/2025\/06\/image003-1024x615.jpg\" src=\"https:\/\/zsp1chojna.pl\/wp-content\/uploads\/2025\/06\/image003-1024x615.jpg\" alt=\"\" class=\"wp-image-13768\" style=\"width:702px;height:auto\" srcset=\"https:\/\/zsp1chojna.pl\/wp-content\/uploads\/2025\/06\/image003-1024x615.jpg 1024w, https:\/\/zsp1chojna.pl\/wp-content\/uploads\/2025\/06\/image003-300x180.jpg 300w, https:\/\/zsp1chojna.pl\/wp-content\/uploads\/2025\/06\/image003-768x461.jpg 768w, https:\/\/zsp1chojna.pl\/wp-content\/uploads\/2025\/06\/image003-947x569.jpg 947w, https:\/\/zsp1chojna.pl\/wp-content\/uploads\/2025\/06\/image003-624x375.jpg 624w, https:\/\/zsp1chojna.pl\/wp-content\/uploads\/2025\/06\/image003.jpg 1255w\" sizes=\"auto, (max-width: 1024px) 100vw, 1024px\" \/><\/figure>\n<\/div>\n\n\n<p class=\"has-text-align-justify\">Kolejna cze\u015b\u0107 konferencji by\u0142a bardziej dynamiczna. Kadeci zwiedzali stoiska promocyjne, realizacji i techniki kryminalistyki, laboratorium mobilne i pojazd s\u0142u\u017cbowy wyposa\u017cony w system OCR oraz oddzia\u0142 celny z zespo\u0142em kynologicznym. Celem spotkania by\u0142o zapoznanie uczni\u00f3w ze S\u0142u\u017cb\u0105 Celno-Skarbow\u0105, jako potencjaln\u0105 \u015bcie\u017ck\u0105 kariery zawodowej.<\/p>\n\n\n<div class=\"wp-block-image\">\n<figure class=\"aligncenter size-large is-resized\"><img loading=\"lazy\" decoding=\"async\" width=\"1024\" height=\"618\" data-attachment-id=\"13769\" data-permalink=\"https:\/\/zsp1chojna.pl\/?attachment_id=13769\" data-orig-file=\"https:\/\/zsp1chojna.pl\/wp-content\/uploads\/2025\/06\/image004.jpg\" data-orig-size=\"1255,758\" data-comments-opened=\"1\" data-image-meta=\"{&quot;aperture&quot;:&quot;0&quot;,&quot;credit&quot;:&quot;&quot;,&quot;camera&quot;:&quot;&quot;,&quot;caption&quot;:&quot;&quot;,&quot;created_timestamp&quot;:&quot;0&quot;,&quot;copyright&quot;:&quot;&quot;,&quot;focal_length&quot;:&quot;0&quot;,&quot;iso&quot;:&quot;0&quot;,&quot;shutter_speed&quot;:&quot;0&quot;,&quot;title&quot;:&quot;&quot;,&quot;orientation&quot;:&quot;0&quot;}\" data-image-title=\"image004\" data-image-description=\"\" data-image-caption=\"\" data-medium-file=\"https:\/\/zsp1chojna.pl\/wp-content\/uploads\/2025\/06\/image004-300x181.jpg\" data-large-file=\"https:\/\/zsp1chojna.pl\/wp-content\/uploads\/2025\/06\/image004-1024x618.jpg\" src=\"https:\/\/zsp1chojna.pl\/wp-content\/uploads\/2025\/06\/image004-1024x618.jpg\" alt=\"\" class=\"wp-image-13769\" style=\"width:698px;height:auto\" srcset=\"https:\/\/zsp1chojna.pl\/wp-content\/uploads\/2025\/06\/image004-1024x618.jpg 1024w, https:\/\/zsp1chojna.pl\/wp-content\/uploads\/2025\/06\/image004-300x181.jpg 300w, https:\/\/zsp1chojna.pl\/wp-content\/uploads\/2025\/06\/image004-768x464.jpg 768w, https:\/\/zsp1chojna.pl\/wp-content\/uploads\/2025\/06\/image004-947x572.jpg 947w, https:\/\/zsp1chojna.pl\/wp-content\/uploads\/2025\/06\/image004-624x377.jpg 624w, https:\/\/zsp1chojna.pl\/wp-content\/uploads\/2025\/06\/image004.jpg 1255w\" sizes=\"auto, (max-width: 1024px) 100vw, 1024px\" \/><\/figure>\n<\/div>\n\n\n<p class=\"has-text-align-justify\">Uczniowie mieli mo\u017cliwo\u015b\u0107 porozmawia\u0107 z funkcjonariuszami na temat ich\u00a0codziennej s\u0142u\u017cby oraz zapozna\u0107 si\u0119 ze sprz\u0119tem, b\u0119d\u0105cym na wyposa\u017ceniu Zachodniopomorskiego Urz\u0119du Celno-Skarbowego w Szczecinie. Du\u017ce wra\u017cenie zrobi\u0142 na\u00a0uczniach pokaz techniki zatrzymania pojazdu, przygotowany przez funkcjonariuszy S\u0142u\u017cby Celno-Skarbowej. W trakcie spotkania, zainteresowani kadeci mogli uzyska\u0107 wiedz\u0119 na temat mo\u017cliwo\u015bci podj\u0119cia s\u0142u\u017cby w instytucji. Spotkanie cieszy\u0142o si\u0119 du\u017cym zainteresowaniem uczni\u00f3w naszej szko\u0142y.<\/p>\n\n\n\n<p class=\"has-text-align-right\">&nbsp;&nbsp;&nbsp;&nbsp;&nbsp;&nbsp;&nbsp;&nbsp;&nbsp;&nbsp;&nbsp;&nbsp;&nbsp;&nbsp;&nbsp;&nbsp;&nbsp;&nbsp;&nbsp;&nbsp;&nbsp;&nbsp;&nbsp;&nbsp;&nbsp;&nbsp;&nbsp;&nbsp;&nbsp;&nbsp;&nbsp;&nbsp;&nbsp;&nbsp;&nbsp;&nbsp;&nbsp;&nbsp;&nbsp;&nbsp;&nbsp;&nbsp;&nbsp;&nbsp;&nbsp;&nbsp;&nbsp;&nbsp;&nbsp;&nbsp;&nbsp;&nbsp;&nbsp;&nbsp;&nbsp;&nbsp;&nbsp;&nbsp;&nbsp;&nbsp;&nbsp;&nbsp;&nbsp;&nbsp;&nbsp;&nbsp;&nbsp;&nbsp;&nbsp;&nbsp;&nbsp;&nbsp;&nbsp;&nbsp;&nbsp;&nbsp;&nbsp;&nbsp;&nbsp;&nbsp;&nbsp;&nbsp;&nbsp;&nbsp;&nbsp;&nbsp;&nbsp;&nbsp;&nbsp;&nbsp;&nbsp;&nbsp;&nbsp;&nbsp;&nbsp;&nbsp;&nbsp;&nbsp;&nbsp;&nbsp;&nbsp;&nbsp;&nbsp;&nbsp;&nbsp;&nbsp;&nbsp;&nbsp;&nbsp;&nbsp;&nbsp;&nbsp;&nbsp;&nbsp;&nbsp;&nbsp;&nbsp; mgr Marek Bednarz<\/p>\n","protected":false},"excerpt":{"rendered":"<p>29 maja 2025 r., kadeci klasy 2OPW, wraz z wychowawc\u0105 uczestniczyli w IV edycji Konferencji Metodyczno-Naukowej Klas Mundurowych na Uniwersytecie Szczeci\u0144skim. Organizatorem wydarzenia by\u0142 Instytut Nauk o Polityce i Bezpiecze\u0144stwie [&hellip;]<\/p>\n","protected":false},"author":1,"featured_media":13766,"comment_status":"open","ping_status":"open","sticky":false,"template":"","format":"standard","meta":{"footnotes":""},"categories":[31],"tags":[],"class_list":["post-13765","post","type-post","status-publish","format-standard","has-post-thumbnail","hentry","category-aktualnosci-2024-2025"],"wbAuthor":{"name":"admin","link":"https:\/\/zsp1chojna.pl\/?author=1"},"wbDate":"maj 29, 2025","wbCategories":{"space":"<a href=\"https:\/\/zsp1chojna.pl\/?cat=31\" rel=\"category\">Aktualno\u015bci 2024\/2025<\/a>","coma":"<a href=\"https:\/\/zsp1chojna.pl\/?cat=31\" rel=\"category\">Aktualno\u015bci 2024\/2025<\/a>"},"wbComment":0,"yoast_head":"<!-- This site is optimized with the Yoast SEO plugin v20.13 - https:\/\/yoast.com\/wordpress\/plugins\/seo\/ -->\n<title>IV Konferencja Metodyczno-Naukowa Klas Mundurowych Wojew\u00f3dztwa Zachodniopomorskiego - ZSP w Chojnie<\/title>\n<meta name=\"robots\" content=\"index, follow, max-snippet:-1, max-image-preview:large, max-video-preview:-1\" \/>\n<link rel=\"canonical\" href=\"https:\/\/zsp1chojna.pl\/?p=13765\" \/>\n<meta property=\"og:locale\" content=\"pl_PL\" \/>\n<meta property=\"og:type\" content=\"article\" \/>\n<meta property=\"og:title\" content=\"IV Konferencja Metodyczno-Naukowa Klas Mundurowych Wojew\u00f3dztwa Zachodniopomorskiego - ZSP w Chojnie\" \/>\n<meta property=\"og:description\" content=\"29 maja 2025 r., kadeci klasy 2OPW, wraz z wychowawc\u0105 uczestniczyli w IV edycji Konferencji Metodyczno-Naukowej Klas Mundurowych na Uniwersytecie Szczeci\u0144skim. Organizatorem wydarzenia by\u0142 Instytut Nauk o Polityce i Bezpiecze\u0144stwie [&hellip;]\" \/>\n<meta property=\"og:url\" content=\"https:\/\/zsp1chojna.pl\/?p=13765\" \/>\n<meta property=\"og:site_name\" content=\"ZSP w Chojnie\" \/>\n<meta property=\"article:published_time\" content=\"2025-05-29T07:00:00+00:00\" \/>\n<meta property=\"article:modified_time\" content=\"2025-06-12T07:06:11+00:00\" \/>\n<meta property=\"og:image\" content=\"https:\/\/zsp1chojna.pl\/wp-content\/uploads\/2025\/06\/image001.jpg\" \/>\n\t<meta property=\"og:image:width\" content=\"1243\" \/>\n\t<meta property=\"og:image:height\" content=\"729\" \/>\n\t<meta property=\"og:image:type\" content=\"image\/jpeg\" \/>\n<meta name=\"author\" content=\"admin\" \/>\n<meta name=\"twitter:card\" content=\"summary_large_image\" \/>\n<meta name=\"twitter:label1\" content=\"Napisane przez\" \/>\n\t<meta name=\"twitter:data1\" content=\"admin\" \/>\n\t<meta name=\"twitter:label2\" content=\"Szacowany czas czytania\" \/>\n\t<meta name=\"twitter:data2\" content=\"3 minuty\" \/>\n<script type=\"application\/ld+json\" class=\"yoast-schema-graph\">{\"@context\":\"https:\/\/schema.org\",\"@graph\":[{\"@type\":\"Article\",\"@id\":\"https:\/\/zsp1chojna.pl\/?p=13765#article\",\"isPartOf\":{\"@id\":\"https:\/\/zsp1chojna.pl\/?p=13765\"},\"author\":{\"name\":\"admin\",\"@id\":\"https:\/\/zsp1chojna.pl\/#\/schema\/person\/fe8d6c03379c9cface386de0c172e127\"},\"headline\":\"IV Konferencja Metodyczno-Naukowa Klas Mundurowych Wojew\u00f3dztwa Zachodniopomorskiego\",\"datePublished\":\"2025-05-29T07:00:00+00:00\",\"dateModified\":\"2025-06-12T07:06:11+00:00\",\"mainEntityOfPage\":{\"@id\":\"https:\/\/zsp1chojna.pl\/?p=13765\"},\"wordCount\":387,\"commentCount\":0,\"publisher\":{\"@id\":\"https:\/\/zsp1chojna.pl\/#organization\"},\"articleSection\":[\"Aktualno\u015bci 2024\/2025\"],\"inLanguage\":\"pl-PL\",\"potentialAction\":[{\"@type\":\"CommentAction\",\"name\":\"Comment\",\"target\":[\"https:\/\/zsp1chojna.pl\/?p=13765#respond\"]}]},{\"@type\":\"WebPage\",\"@id\":\"https:\/\/zsp1chojna.pl\/?p=13765\",\"url\":\"https:\/\/zsp1chojna.pl\/?p=13765\",\"name\":\"IV Konferencja Metodyczno-Naukowa Klas Mundurowych Wojew\u00f3dztwa Zachodniopomorskiego - ZSP w Chojnie\",\"isPartOf\":{\"@id\":\"https:\/\/zsp1chojna.pl\/#website\"},\"datePublished\":\"2025-05-29T07:00:00+00:00\",\"dateModified\":\"2025-06-12T07:06:11+00:00\",\"breadcrumb\":{\"@id\":\"https:\/\/zsp1chojna.pl\/?p=13765#breadcrumb\"},\"inLanguage\":\"pl-PL\",\"potentialAction\":[{\"@type\":\"ReadAction\",\"target\":[\"https:\/\/zsp1chojna.pl\/?p=13765\"]}]},{\"@type\":\"BreadcrumbList\",\"@id\":\"https:\/\/zsp1chojna.pl\/?p=13765#breadcrumb\",\"itemListElement\":[{\"@type\":\"ListItem\",\"position\":1,\"name\":\"Home\",\"item\":\"https:\/\/zsp1chojna.pl\/\"},{\"@type\":\"ListItem\",\"position\":2,\"name\":\"IV Konferencja Metodyczno-Naukowa Klas Mundurowych Wojew\u00f3dztwa Zachodniopomorskiego\"}]},{\"@type\":\"WebSite\",\"@id\":\"https:\/\/zsp1chojna.pl\/#website\",\"url\":\"https:\/\/zsp1chojna.pl\/\",\"name\":\"ZSP w Chojnie\",\"description\":\"\",\"publisher\":{\"@id\":\"https:\/\/zsp1chojna.pl\/#organization\"},\"potentialAction\":[{\"@type\":\"SearchAction\",\"target\":{\"@type\":\"EntryPoint\",\"urlTemplate\":\"https:\/\/zsp1chojna.pl\/?s={search_term_string}\"},\"query-input\":\"required name=search_term_string\"}],\"inLanguage\":\"pl-PL\"},{\"@type\":\"Organization\",\"@id\":\"https:\/\/zsp1chojna.pl\/#organization\",\"name\":\"ZSP w Chojnie\",\"url\":\"https:\/\/zsp1chojna.pl\/\",\"logo\":{\"@type\":\"ImageObject\",\"inLanguage\":\"pl-PL\",\"@id\":\"https:\/\/zsp1chojna.pl\/#\/schema\/logo\/image\/\",\"url\":\"https:\/\/zsp1chojna.pl\/wp-content\/uploads\/2023\/08\/cropped-cropped-cropped-Logo-biale-napis-na-3-wiersze_504-1.png\",\"contentUrl\":\"https:\/\/zsp1chojna.pl\/wp-content\/uploads\/2023\/08\/cropped-cropped-cropped-Logo-biale-napis-na-3-wiersze_504-1.png\",\"width\":504,\"height\":167,\"caption\":\"ZSP w Chojnie\"},\"image\":{\"@id\":\"https:\/\/zsp1chojna.pl\/#\/schema\/logo\/image\/\"}},{\"@type\":\"Person\",\"@id\":\"https:\/\/zsp1chojna.pl\/#\/schema\/person\/fe8d6c03379c9cface386de0c172e127\",\"name\":\"admin\",\"image\":{\"@type\":\"ImageObject\",\"inLanguage\":\"pl-PL\",\"@id\":\"https:\/\/zsp1chojna.pl\/#\/schema\/person\/image\/\",\"url\":\"https:\/\/secure.gravatar.com\/avatar\/35d79b1d799ff9bac401976862e535bf785f4039d8313d3c00b303598a46dd4e?s=96&d=mm&r=g\",\"contentUrl\":\"https:\/\/secure.gravatar.com\/avatar\/35d79b1d799ff9bac401976862e535bf785f4039d8313d3c00b303598a46dd4e?s=96&d=mm&r=g\",\"caption\":\"admin\"},\"sameAs\":[\"http:\/\/nowazspchojna.pl\"],\"url\":\"https:\/\/zsp1chojna.pl\/?author=1\"}]}<\/script>\n<!-- \/ Yoast SEO plugin. -->","yoast_head_json":{"title":"IV Konferencja Metodyczno-Naukowa Klas Mundurowych Wojew\u00f3dztwa Zachodniopomorskiego - ZSP w Chojnie","robots":{"index":"index","follow":"follow","max-snippet":"max-snippet:-1","max-image-preview":"max-image-preview:large","max-video-preview":"max-video-preview:-1"},"canonical":"https:\/\/zsp1chojna.pl\/?p=13765","og_locale":"pl_PL","og_type":"article","og_title":"IV Konferencja Metodyczno-Naukowa Klas Mundurowych Wojew\u00f3dztwa Zachodniopomorskiego - ZSP w Chojnie","og_description":"29 maja 2025 r., kadeci klasy 2OPW, wraz z wychowawc\u0105 uczestniczyli w IV edycji Konferencji Metodyczno-Naukowej Klas Mundurowych na Uniwersytecie Szczeci\u0144skim. Organizatorem wydarzenia by\u0142 Instytut Nauk o Polityce i Bezpiecze\u0144stwie [&hellip;]","og_url":"https:\/\/zsp1chojna.pl\/?p=13765","og_site_name":"ZSP w Chojnie","article_published_time":"2025-05-29T07:00:00+00:00","article_modified_time":"2025-06-12T07:06:11+00:00","og_image":[{"width":1243,"height":729,"url":"https:\/\/zsp1chojna.pl\/wp-content\/uploads\/2025\/06\/image001.jpg","type":"image\/jpeg"}],"author":"admin","twitter_card":"summary_large_image","twitter_misc":{"Napisane przez":"admin","Szacowany czas czytania":"3 minuty"},"schema":{"@context":"https:\/\/schema.org","@graph":[{"@type":"Article","@id":"https:\/\/zsp1chojna.pl\/?p=13765#article","isPartOf":{"@id":"https:\/\/zsp1chojna.pl\/?p=13765"},"author":{"name":"admin","@id":"https:\/\/zsp1chojna.pl\/#\/schema\/person\/fe8d6c03379c9cface386de0c172e127"},"headline":"IV Konferencja Metodyczno-Naukowa Klas Mundurowych Wojew\u00f3dztwa Zachodniopomorskiego","datePublished":"2025-05-29T07:00:00+00:00","dateModified":"2025-06-12T07:06:11+00:00","mainEntityOfPage":{"@id":"https:\/\/zsp1chojna.pl\/?p=13765"},"wordCount":387,"commentCount":0,"publisher":{"@id":"https:\/\/zsp1chojna.pl\/#organization"},"articleSection":["Aktualno\u015bci 2024\/2025"],"inLanguage":"pl-PL","potentialAction":[{"@type":"CommentAction","name":"Comment","target":["https:\/\/zsp1chojna.pl\/?p=13765#respond"]}]},{"@type":"WebPage","@id":"https:\/\/zsp1chojna.pl\/?p=13765","url":"https:\/\/zsp1chojna.pl\/?p=13765","name":"IV Konferencja Metodyczno-Naukowa Klas Mundurowych Wojew\u00f3dztwa Zachodniopomorskiego - ZSP w Chojnie","isPartOf":{"@id":"https:\/\/zsp1chojna.pl\/#website"},"datePublished":"2025-05-29T07:00:00+00:00","dateModified":"2025-06-12T07:06:11+00:00","breadcrumb":{"@id":"https:\/\/zsp1chojna.pl\/?p=13765#breadcrumb"},"inLanguage":"pl-PL","potentialAction":[{"@type":"ReadAction","target":["https:\/\/zsp1chojna.pl\/?p=13765"]}]},{"@type":"BreadcrumbList","@id":"https:\/\/zsp1chojna.pl\/?p=13765#breadcrumb","itemListElement":[{"@type":"ListItem","position":1,"name":"Home","item":"https:\/\/zsp1chojna.pl\/"},{"@type":"ListItem","position":2,"name":"IV Konferencja Metodyczno-Naukowa Klas Mundurowych Wojew\u00f3dztwa Zachodniopomorskiego"}]},{"@type":"WebSite","@id":"https:\/\/zsp1chojna.pl\/#website","url":"https:\/\/zsp1chojna.pl\/","name":"ZSP w Chojnie","description":"","publisher":{"@id":"https:\/\/zsp1chojna.pl\/#organization"},"potentialAction":[{"@type":"SearchAction","target":{"@type":"EntryPoint","urlTemplate":"https:\/\/zsp1chojna.pl\/?s={search_term_string}"},"query-input":"required name=search_term_string"}],"inLanguage":"pl-PL"},{"@type":"Organization","@id":"https:\/\/zsp1chojna.pl\/#organization","name":"ZSP w Chojnie","url":"https:\/\/zsp1chojna.pl\/","logo":{"@type":"ImageObject","inLanguage":"pl-PL","@id":"https:\/\/zsp1chojna.pl\/#\/schema\/logo\/image\/","url":"https:\/\/zsp1chojna.pl\/wp-content\/uploads\/2023\/08\/cropped-cropped-cropped-Logo-biale-napis-na-3-wiersze_504-1.png","contentUrl":"https:\/\/zsp1chojna.pl\/wp-content\/uploads\/2023\/08\/cropped-cropped-cropped-Logo-biale-napis-na-3-wiersze_504-1.png","width":504,"height":167,"caption":"ZSP w Chojnie"},"image":{"@id":"https:\/\/zsp1chojna.pl\/#\/schema\/logo\/image\/"}},{"@type":"Person","@id":"https:\/\/zsp1chojna.pl\/#\/schema\/person\/fe8d6c03379c9cface386de0c172e127","name":"admin","image":{"@type":"ImageObject","inLanguage":"pl-PL","@id":"https:\/\/zsp1chojna.pl\/#\/schema\/person\/image\/","url":"https:\/\/secure.gravatar.com\/avatar\/35d79b1d799ff9bac401976862e535bf785f4039d8313d3c00b303598a46dd4e?s=96&d=mm&r=g","contentUrl":"https:\/\/secure.gravatar.com\/avatar\/35d79b1d799ff9bac401976862e535bf785f4039d8313d3c00b303598a46dd4e?s=96&d=mm&r=g","caption":"admin"},"sameAs":["http:\/\/nowazspchojna.pl"],"url":"https:\/\/zsp1chojna.pl\/?author=1"}]}},"jetpack_featured_media_url":"https:\/\/zsp1chojna.pl\/wp-content\/uploads\/2025\/06\/image001.jpg","_links":{"self":[{"href":"https:\/\/zsp1chojna.pl\/index.php?rest_route=\/wp\/v2\/posts\/13765","targetHints":{"allow":["GET"]}}],"collection":[{"href":"https:\/\/zsp1chojna.pl\/index.php?rest_route=\/wp\/v2\/posts"}],"about":[{"href":"https:\/\/zsp1chojna.pl\/index.php?rest_route=\/wp\/v2\/types\/post"}],"author":[{"embeddable":true,"href":"https:\/\/zsp1chojna.pl\/index.php?rest_route=\/wp\/v2\/users\/1"}],"replies":[{"embeddable":true,"href":"https:\/\/zsp1chojna.pl\/index.php?rest_route=%2Fwp%2Fv2%2Fcomments&post=13765"}],"version-history":[{"count":1,"href":"https:\/\/zsp1chojna.pl\/index.php?rest_route=\/wp\/v2\/posts\/13765\/revisions"}],"predecessor-version":[{"id":13770,"href":"https:\/\/zsp1chojna.pl\/index.php?rest_route=\/wp\/v2\/posts\/13765\/revisions\/13770"}],"wp:featuredmedia":[{"embeddable":true,"href":"https:\/\/zsp1chojna.pl\/index.php?rest_route=\/wp\/v2\/media\/13766"}],"wp:attachment":[{"href":"https:\/\/zsp1chojna.pl\/index.php?rest_route=%2Fwp%2Fv2%2Fmedia&parent=13765"}],"wp:term":[{"taxonomy":"category","embeddable":true,"href":"https:\/\/zsp1chojna.pl\/index.php?rest_route=%2Fwp%2Fv2%2Fcategories&post=13765"},{"taxonomy":"post_tag","embeddable":true,"href":"https:\/\/zsp1chojna.pl\/index.php?rest_route=%2Fwp%2Fv2%2Ftags&post=13765"}],"curies":[{"name":"wp","href":"https:\/\/api.w.org\/{rel}","templated":true}]}}