{"id":13701,"date":"2025-04-09T15:03:32","date_gmt":"2025-04-09T13:03:32","guid":{"rendered":"https:\/\/zsp1chojna.pl\/?p=13701"},"modified":"2025-05-15T15:07:18","modified_gmt":"2025-05-15T13:07:18","slug":"zajecia-praktyczne-opw-w-5-pulku-inzynieryjnym-w-szczecinie-12","status":"publish","type":"post","link":"https:\/\/zsp1chojna.pl\/?p=13701","title":{"rendered":"Zaj\u0119cia praktyczne OPW w 5. Pu\u0142ku In\u017cynieryjnym w Szczecinie"},"content":{"rendered":"\n<p class=\"has-text-align-justify\">9 kwietnia 2025 r., kadeci klasy I OPW oraz III OPW Zespo\u0142u Szk\u00f3\u0142 Ponadpodstawowych w Chojnie, po raz kolejny uczestniczyli w zaj\u0119ciach praktycznych w&nbsp;patronackiej jednostce wojskowej. Klasa pierwsza realizowa\u0142a zaj\u0119cia z musztry indywidualnej i zespo\u0142owej, takie jak marsz krokiem zwyk\u0142ym i defiladowym, zatrzymanie, wyst\u0119powanie.<\/p>\n\n\n<div class=\"wp-block-image\">\n<figure class=\"aligncenter size-full is-resized\"><img loading=\"lazy\" decoding=\"async\" width=\"529\" height=\"340\" data-attachment-id=\"13703\" data-permalink=\"https:\/\/zsp1chojna.pl\/?attachment_id=13703\" data-orig-file=\"https:\/\/zsp1chojna.pl\/wp-content\/uploads\/2025\/05\/zajecia-pulk-2025-1.jpg\" data-orig-size=\"529,340\" data-comments-opened=\"1\" data-image-meta=\"{&quot;aperture&quot;:&quot;0&quot;,&quot;credit&quot;:&quot;&quot;,&quot;camera&quot;:&quot;&quot;,&quot;caption&quot;:&quot;&quot;,&quot;created_timestamp&quot;:&quot;0&quot;,&quot;copyright&quot;:&quot;&quot;,&quot;focal_length&quot;:&quot;0&quot;,&quot;iso&quot;:&quot;0&quot;,&quot;shutter_speed&quot;:&quot;0&quot;,&quot;title&quot;:&quot;&quot;,&quot;orientation&quot;:&quot;0&quot;}\" data-image-title=\"zajecia-pulk-2025 (1)\" data-image-description=\"\" data-image-caption=\"\" data-medium-file=\"https:\/\/zsp1chojna.pl\/wp-content\/uploads\/2025\/05\/zajecia-pulk-2025-1-300x193.jpg\" data-large-file=\"https:\/\/zsp1chojna.pl\/wp-content\/uploads\/2025\/05\/zajecia-pulk-2025-1.jpg\" src=\"https:\/\/zsp1chojna.pl\/wp-content\/uploads\/2025\/05\/zajecia-pulk-2025-1.jpg\" alt=\"\" class=\"wp-image-13703\" style=\"width:643px;height:auto\" srcset=\"https:\/\/zsp1chojna.pl\/wp-content\/uploads\/2025\/05\/zajecia-pulk-2025-1.jpg 529w, https:\/\/zsp1chojna.pl\/wp-content\/uploads\/2025\/05\/zajecia-pulk-2025-1-300x193.jpg 300w\" sizes=\"auto, (max-width: 529px) 100vw, 529px\" \/><\/figure>\n<\/div>\n\n\n<p class=\"has-text-align-justify\">Nast\u0119pnym \u0107wiczonym tego dnia zagadnieniem, by\u0142 trening do sprawdzianu kwalifikacyjnego sprawno\u015bci fizycznej, obowi\u0105zuj\u0105cego w SZRP. Sprawdzian polega na&nbsp;wykonaniu \u0107wicze\u0144 przygotowuj\u0105cych do wykonania norm przewidzianych podczas sprawdzianu kwalifikacyjnego obowi\u0105zuj\u0105cego w SZRP.<\/p>\n\n\n<div class=\"wp-block-image\">\n<figure class=\"aligncenter size-full is-resized\"><img loading=\"lazy\" decoding=\"async\" width=\"529\" height=\"307\" data-attachment-id=\"13704\" data-permalink=\"https:\/\/zsp1chojna.pl\/?attachment_id=13704\" data-orig-file=\"https:\/\/zsp1chojna.pl\/wp-content\/uploads\/2025\/05\/zajecia-pulk-2025-2.jpg\" data-orig-size=\"529,307\" data-comments-opened=\"1\" data-image-meta=\"{&quot;aperture&quot;:&quot;0&quot;,&quot;credit&quot;:&quot;&quot;,&quot;camera&quot;:&quot;&quot;,&quot;caption&quot;:&quot;&quot;,&quot;created_timestamp&quot;:&quot;0&quot;,&quot;copyright&quot;:&quot;&quot;,&quot;focal_length&quot;:&quot;0&quot;,&quot;iso&quot;:&quot;0&quot;,&quot;shutter_speed&quot;:&quot;0&quot;,&quot;title&quot;:&quot;&quot;,&quot;orientation&quot;:&quot;0&quot;}\" data-image-title=\"zajecia-pulk-2025 (2)\" data-image-description=\"\" data-image-caption=\"\" data-medium-file=\"https:\/\/zsp1chojna.pl\/wp-content\/uploads\/2025\/05\/zajecia-pulk-2025-2-300x174.jpg\" data-large-file=\"https:\/\/zsp1chojna.pl\/wp-content\/uploads\/2025\/05\/zajecia-pulk-2025-2.jpg\" src=\"https:\/\/zsp1chojna.pl\/wp-content\/uploads\/2025\/05\/zajecia-pulk-2025-2.jpg\" alt=\"\" class=\"wp-image-13704\" style=\"width:665px;height:auto\" srcset=\"https:\/\/zsp1chojna.pl\/wp-content\/uploads\/2025\/05\/zajecia-pulk-2025-2.jpg 529w, https:\/\/zsp1chojna.pl\/wp-content\/uploads\/2025\/05\/zajecia-pulk-2025-2-300x174.jpg 300w\" sizes=\"auto, (max-width: 529px) 100vw, 529px\" \/><\/figure>\n<\/div>\n\n\n<p class=\"has-text-align-justify\">Zaj\u0119cia do sprawdzianu odby\u0142y si\u0119 w hali sportowej i poprzedzone by\u0142y rozgrzewk\u0105, podczas kt\u00f3rej kadeci pod bacznym okiem instruktor\u00f3w, \u0107wiczyli bieg, uginanie ramion oraz sk\u0142ony tu\u0142owia. Ostatnim realizowanym zagadnieniem by\u0142y zaj\u0119cia z map\u0105, podczas, kt\u00f3rych uczniowie uczyli si\u0119 metod oceny i pomiaru odleg\u0142o\u015bci w terenie, okre\u015blania kierunk\u00f3w stron \u015bwiata oraz podstawowych informacji o mapach wojskowych.<\/p>\n\n\n<div class=\"wp-block-image\">\n<figure class=\"aligncenter size-full is-resized\"><img loading=\"lazy\" decoding=\"async\" width=\"529\" height=\"302\" data-attachment-id=\"13705\" data-permalink=\"https:\/\/zsp1chojna.pl\/?attachment_id=13705\" data-orig-file=\"https:\/\/zsp1chojna.pl\/wp-content\/uploads\/2025\/05\/zajecia-pulk-2025-3.jpg\" data-orig-size=\"529,302\" data-comments-opened=\"1\" data-image-meta=\"{&quot;aperture&quot;:&quot;0&quot;,&quot;credit&quot;:&quot;&quot;,&quot;camera&quot;:&quot;&quot;,&quot;caption&quot;:&quot;&quot;,&quot;created_timestamp&quot;:&quot;0&quot;,&quot;copyright&quot;:&quot;&quot;,&quot;focal_length&quot;:&quot;0&quot;,&quot;iso&quot;:&quot;0&quot;,&quot;shutter_speed&quot;:&quot;0&quot;,&quot;title&quot;:&quot;&quot;,&quot;orientation&quot;:&quot;0&quot;}\" data-image-title=\"zajecia-pulk-2025 (3)\" data-image-description=\"\" data-image-caption=\"\" data-medium-file=\"https:\/\/zsp1chojna.pl\/wp-content\/uploads\/2025\/05\/zajecia-pulk-2025-3-300x171.jpg\" data-large-file=\"https:\/\/zsp1chojna.pl\/wp-content\/uploads\/2025\/05\/zajecia-pulk-2025-3.jpg\" src=\"https:\/\/zsp1chojna.pl\/wp-content\/uploads\/2025\/05\/zajecia-pulk-2025-3.jpg\" alt=\"\" class=\"wp-image-13705\" style=\"width:715px;height:auto\" srcset=\"https:\/\/zsp1chojna.pl\/wp-content\/uploads\/2025\/05\/zajecia-pulk-2025-3.jpg 529w, https:\/\/zsp1chojna.pl\/wp-content\/uploads\/2025\/05\/zajecia-pulk-2025-3-300x171.jpg 300w\" sizes=\"auto, (max-width: 529px) 100vw, 529px\" \/><\/figure>\n<\/div>\n\n\n<p class=\"has-text-align-justify\">Klasa III OPW, podobnie jak klasa pierwsza, realizowa\u0142a zaj\u0119cia z musztry, obejmuj\u0105ce marsz, bieg i zatrzymanie, a tak\u017ce zachowanie w szyku i zmian\u0119 ugrupowania. Analogicznie wygl\u0105da\u0142y zaj\u0119cia treningu sprawno\u015bci fizycznej. Na tym jednak podobie\u0144stwa si\u0119 ko\u0144cz\u0105, poniewa\u017c kadeci klasy III realizowali dodatkowo zaj\u0119cia ze szkolenia medycznego, obejmuj\u0105ce pierwsz\u0105 pomoc na polu walki.<\/p>\n\n\n<div class=\"wp-block-image\">\n<figure class=\"aligncenter size-full is-resized\"><img loading=\"lazy\" decoding=\"async\" width=\"529\" height=\"310\" data-attachment-id=\"13706\" data-permalink=\"https:\/\/zsp1chojna.pl\/?attachment_id=13706\" data-orig-file=\"https:\/\/zsp1chojna.pl\/wp-content\/uploads\/2025\/05\/zajecia-pulk-2025-4.jpg\" data-orig-size=\"529,310\" data-comments-opened=\"1\" data-image-meta=\"{&quot;aperture&quot;:&quot;0&quot;,&quot;credit&quot;:&quot;&quot;,&quot;camera&quot;:&quot;&quot;,&quot;caption&quot;:&quot;&quot;,&quot;created_timestamp&quot;:&quot;0&quot;,&quot;copyright&quot;:&quot;&quot;,&quot;focal_length&quot;:&quot;0&quot;,&quot;iso&quot;:&quot;0&quot;,&quot;shutter_speed&quot;:&quot;0&quot;,&quot;title&quot;:&quot;&quot;,&quot;orientation&quot;:&quot;0&quot;}\" data-image-title=\"zajecia-pulk-2025 (4)\" data-image-description=\"\" data-image-caption=\"\" data-medium-file=\"https:\/\/zsp1chojna.pl\/wp-content\/uploads\/2025\/05\/zajecia-pulk-2025-4-300x176.jpg\" data-large-file=\"https:\/\/zsp1chojna.pl\/wp-content\/uploads\/2025\/05\/zajecia-pulk-2025-4.jpg\" src=\"https:\/\/zsp1chojna.pl\/wp-content\/uploads\/2025\/05\/zajecia-pulk-2025-4.jpg\" alt=\"\" class=\"wp-image-13706\" style=\"width:741px;height:auto\" srcset=\"https:\/\/zsp1chojna.pl\/wp-content\/uploads\/2025\/05\/zajecia-pulk-2025-4.jpg 529w, https:\/\/zsp1chojna.pl\/wp-content\/uploads\/2025\/05\/zajecia-pulk-2025-4-300x176.jpg 300w\" sizes=\"auto, (max-width: 529px) 100vw, 529px\" \/><\/figure>\n<\/div>\n\n\n<p class=\"has-text-align-justify\">Ostatnim \u0107wiczonym tego dnia elementem, by\u0142a budowa i ods\u0142ugiwanie techniczne wyposa\u017cenia indywidualnego \u017co\u0142nierza, podczas kt\u00f3rego zapoznano uczni\u00f3w z liniami wyposa\u017cenia indywidualnego osobistego do walki i bytowania.<\/p>\n\n\n\n<p class=\"has-text-align-right\">\u00a0\u00a0\u00a0\u00a0\u00a0\u00a0\u00a0\u00a0\u00a0\u00a0\u00a0\u00a0\u00a0\u00a0\u00a0\u00a0\u00a0\u00a0\u00a0\u00a0\u00a0\u00a0\u00a0\u00a0\u00a0\u00a0\u00a0\u00a0\u00a0\u00a0\u00a0\u00a0\u00a0\u00a0\u00a0\u00a0\u00a0\u00a0\u00a0\u00a0\u00a0\u00a0\u00a0\u00a0\u00a0\u00a0\u00a0\u00a0\u00a0\u00a0\u00a0\u00a0\u00a0\u00a0\u00a0\u00a0\u00a0\u00a0\u00a0\u00a0\u00a0\u00a0\u00a0\u00a0\u00a0\u00a0\u00a0\u00a0\u00a0\u00a0\u00a0\u00a0\u00a0\u00a0\u00a0\u00a0\u00a0\u00a0\u00a0\u00a0\u00a0\u00a0\u00a0\u00a0\u00a0\u00a0\u00a0\u00a0\u00a0\u00a0\u00a0\u00a0\u00a0\u00a0\u00a0\u00a0\u00a0\u00a0\u00a0\u00a0\u00a0\u00a0\u00a0\u00a0\u00a0\u00a0\u00a0\u00a0\u00a0\u00a0\u00a0\u00a0\u00a0\u00a0\u00a0\u00a0\u00a0\u00a0\u00a0\u00a0\u00a0\u00a0\u00a0\u00a0\u00a0\u00a0\u00a0\u00a0\u00a0\u00a0\u00a0\u00a0\u00a0\u00a0\u00a0\u00a0\u00a0mgr Marek Bednarz<\/p>\n","protected":false},"excerpt":{"rendered":"<p>9 kwietnia 2025 r., kadeci klasy I OPW oraz III OPW Zespo\u0142u Szk\u00f3\u0142 Ponadpodstawowych w Chojnie, po raz kolejny uczestniczyli w zaj\u0119ciach praktycznych w&nbsp;patronackiej jednostce wojskowej. Klasa pierwsza realizowa\u0142a zaj\u0119cia [&hellip;]<\/p>\n","protected":false},"author":1,"featured_media":13705,"comment_status":"open","ping_status":"open","sticky":false,"template":"","format":"standard","meta":{"footnotes":""},"categories":[31],"tags":[],"class_list":["post-13701","post","type-post","status-publish","format-standard","has-post-thumbnail","hentry","category-aktualnosci-2024-2025"],"wbAuthor":{"name":"admin","link":"https:\/\/zsp1chojna.pl\/?author=1"},"wbDate":"kwi 9, 2025","wbCategories":{"space":"<a href=\"https:\/\/zsp1chojna.pl\/?cat=31\" rel=\"category\">Aktualno\u015bci 2024\/2025<\/a>","coma":"<a href=\"https:\/\/zsp1chojna.pl\/?cat=31\" rel=\"category\">Aktualno\u015bci 2024\/2025<\/a>"},"wbComment":0,"yoast_head":"<!-- This site is optimized with the Yoast SEO plugin v20.13 - https:\/\/yoast.com\/wordpress\/plugins\/seo\/ -->\n<title>Zaj\u0119cia praktyczne OPW w 5. Pu\u0142ku In\u017cynieryjnym w Szczecinie - ZSP w Chojnie<\/title>\n<meta name=\"robots\" content=\"index, follow, max-snippet:-1, max-image-preview:large, max-video-preview:-1\" \/>\n<link rel=\"canonical\" href=\"https:\/\/zsp1chojna.pl\/?p=13701\" \/>\n<meta property=\"og:locale\" content=\"pl_PL\" \/>\n<meta property=\"og:type\" content=\"article\" \/>\n<meta property=\"og:title\" content=\"Zaj\u0119cia praktyczne OPW w 5. Pu\u0142ku In\u017cynieryjnym w Szczecinie - ZSP w Chojnie\" \/>\n<meta property=\"og:description\" content=\"9 kwietnia 2025 r., kadeci klasy I OPW oraz III OPW Zespo\u0142u Szk\u00f3\u0142 Ponadpodstawowych w Chojnie, po raz kolejny uczestniczyli w zaj\u0119ciach praktycznych w&nbsp;patronackiej jednostce wojskowej. Klasa pierwsza realizowa\u0142a zaj\u0119cia [&hellip;]\" \/>\n<meta property=\"og:url\" content=\"https:\/\/zsp1chojna.pl\/?p=13701\" \/>\n<meta property=\"og:site_name\" content=\"ZSP w Chojnie\" \/>\n<meta property=\"article:published_time\" content=\"2025-04-09T13:03:32+00:00\" \/>\n<meta property=\"article:modified_time\" content=\"2025-05-15T13:07:18+00:00\" \/>\n<meta property=\"og:image\" content=\"https:\/\/zsp1chojna.pl\/wp-content\/uploads\/2025\/05\/zajecia-pulk-2025-3.jpg\" \/>\n\t<meta property=\"og:image:width\" content=\"529\" \/>\n\t<meta property=\"og:image:height\" content=\"302\" \/>\n\t<meta property=\"og:image:type\" content=\"image\/jpeg\" \/>\n<meta name=\"author\" content=\"admin\" \/>\n<meta name=\"twitter:card\" content=\"summary_large_image\" \/>\n<meta name=\"twitter:label1\" content=\"Napisane przez\" \/>\n\t<meta name=\"twitter:data1\" content=\"admin\" \/>\n\t<meta name=\"twitter:label2\" content=\"Szacowany czas czytania\" \/>\n\t<meta name=\"twitter:data2\" content=\"3 minuty\" \/>\n<script type=\"application\/ld+json\" class=\"yoast-schema-graph\">{\"@context\":\"https:\/\/schema.org\",\"@graph\":[{\"@type\":\"Article\",\"@id\":\"https:\/\/zsp1chojna.pl\/?p=13701#article\",\"isPartOf\":{\"@id\":\"https:\/\/zsp1chojna.pl\/?p=13701\"},\"author\":{\"name\":\"admin\",\"@id\":\"https:\/\/zsp1chojna.pl\/#\/schema\/person\/fe8d6c03379c9cface386de0c172e127\"},\"headline\":\"Zaj\u0119cia praktyczne OPW w 5. Pu\u0142ku In\u017cynieryjnym w Szczecinie\",\"datePublished\":\"2025-04-09T13:03:32+00:00\",\"dateModified\":\"2025-05-15T13:07:18+00:00\",\"mainEntityOfPage\":{\"@id\":\"https:\/\/zsp1chojna.pl\/?p=13701\"},\"wordCount\":270,\"commentCount\":0,\"publisher\":{\"@id\":\"https:\/\/zsp1chojna.pl\/#organization\"},\"articleSection\":[\"Aktualno\u015bci 2024\/2025\"],\"inLanguage\":\"pl-PL\",\"potentialAction\":[{\"@type\":\"CommentAction\",\"name\":\"Comment\",\"target\":[\"https:\/\/zsp1chojna.pl\/?p=13701#respond\"]}]},{\"@type\":\"WebPage\",\"@id\":\"https:\/\/zsp1chojna.pl\/?p=13701\",\"url\":\"https:\/\/zsp1chojna.pl\/?p=13701\",\"name\":\"Zaj\u0119cia praktyczne OPW w 5. Pu\u0142ku In\u017cynieryjnym w Szczecinie - ZSP w Chojnie\",\"isPartOf\":{\"@id\":\"https:\/\/zsp1chojna.pl\/#website\"},\"datePublished\":\"2025-04-09T13:03:32+00:00\",\"dateModified\":\"2025-05-15T13:07:18+00:00\",\"breadcrumb\":{\"@id\":\"https:\/\/zsp1chojna.pl\/?p=13701#breadcrumb\"},\"inLanguage\":\"pl-PL\",\"potentialAction\":[{\"@type\":\"ReadAction\",\"target\":[\"https:\/\/zsp1chojna.pl\/?p=13701\"]}]},{\"@type\":\"BreadcrumbList\",\"@id\":\"https:\/\/zsp1chojna.pl\/?p=13701#breadcrumb\",\"itemListElement\":[{\"@type\":\"ListItem\",\"position\":1,\"name\":\"Home\",\"item\":\"https:\/\/zsp1chojna.pl\/\"},{\"@type\":\"ListItem\",\"position\":2,\"name\":\"Zaj\u0119cia praktyczne OPW w 5. Pu\u0142ku In\u017cynieryjnym w Szczecinie\"}]},{\"@type\":\"WebSite\",\"@id\":\"https:\/\/zsp1chojna.pl\/#website\",\"url\":\"https:\/\/zsp1chojna.pl\/\",\"name\":\"ZSP w Chojnie\",\"description\":\"\",\"publisher\":{\"@id\":\"https:\/\/zsp1chojna.pl\/#organization\"},\"potentialAction\":[{\"@type\":\"SearchAction\",\"target\":{\"@type\":\"EntryPoint\",\"urlTemplate\":\"https:\/\/zsp1chojna.pl\/?s={search_term_string}\"},\"query-input\":\"required name=search_term_string\"}],\"inLanguage\":\"pl-PL\"},{\"@type\":\"Organization\",\"@id\":\"https:\/\/zsp1chojna.pl\/#organization\",\"name\":\"ZSP w Chojnie\",\"url\":\"https:\/\/zsp1chojna.pl\/\",\"logo\":{\"@type\":\"ImageObject\",\"inLanguage\":\"pl-PL\",\"@id\":\"https:\/\/zsp1chojna.pl\/#\/schema\/logo\/image\/\",\"url\":\"https:\/\/zsp1chojna.pl\/wp-content\/uploads\/2023\/08\/cropped-cropped-cropped-Logo-biale-napis-na-3-wiersze_504-1.png\",\"contentUrl\":\"https:\/\/zsp1chojna.pl\/wp-content\/uploads\/2023\/08\/cropped-cropped-cropped-Logo-biale-napis-na-3-wiersze_504-1.png\",\"width\":504,\"height\":167,\"caption\":\"ZSP w Chojnie\"},\"image\":{\"@id\":\"https:\/\/zsp1chojna.pl\/#\/schema\/logo\/image\/\"}},{\"@type\":\"Person\",\"@id\":\"https:\/\/zsp1chojna.pl\/#\/schema\/person\/fe8d6c03379c9cface386de0c172e127\",\"name\":\"admin\",\"image\":{\"@type\":\"ImageObject\",\"inLanguage\":\"pl-PL\",\"@id\":\"https:\/\/zsp1chojna.pl\/#\/schema\/person\/image\/\",\"url\":\"https:\/\/secure.gravatar.com\/avatar\/35d79b1d799ff9bac401976862e535bf785f4039d8313d3c00b303598a46dd4e?s=96&d=mm&r=g\",\"contentUrl\":\"https:\/\/secure.gravatar.com\/avatar\/35d79b1d799ff9bac401976862e535bf785f4039d8313d3c00b303598a46dd4e?s=96&d=mm&r=g\",\"caption\":\"admin\"},\"sameAs\":[\"http:\/\/nowazspchojna.pl\"],\"url\":\"https:\/\/zsp1chojna.pl\/?author=1\"}]}<\/script>\n<!-- \/ Yoast SEO plugin. -->","yoast_head_json":{"title":"Zaj\u0119cia praktyczne OPW w 5. Pu\u0142ku In\u017cynieryjnym w Szczecinie - ZSP w Chojnie","robots":{"index":"index","follow":"follow","max-snippet":"max-snippet:-1","max-image-preview":"max-image-preview:large","max-video-preview":"max-video-preview:-1"},"canonical":"https:\/\/zsp1chojna.pl\/?p=13701","og_locale":"pl_PL","og_type":"article","og_title":"Zaj\u0119cia praktyczne OPW w 5. Pu\u0142ku In\u017cynieryjnym w Szczecinie - ZSP w Chojnie","og_description":"9 kwietnia 2025 r., kadeci klasy I OPW oraz III OPW Zespo\u0142u Szk\u00f3\u0142 Ponadpodstawowych w Chojnie, po raz kolejny uczestniczyli w zaj\u0119ciach praktycznych w&nbsp;patronackiej jednostce wojskowej. Klasa pierwsza realizowa\u0142a zaj\u0119cia [&hellip;]","og_url":"https:\/\/zsp1chojna.pl\/?p=13701","og_site_name":"ZSP w Chojnie","article_published_time":"2025-04-09T13:03:32+00:00","article_modified_time":"2025-05-15T13:07:18+00:00","og_image":[{"width":529,"height":302,"url":"https:\/\/zsp1chojna.pl\/wp-content\/uploads\/2025\/05\/zajecia-pulk-2025-3.jpg","type":"image\/jpeg"}],"author":"admin","twitter_card":"summary_large_image","twitter_misc":{"Napisane przez":"admin","Szacowany czas czytania":"3 minuty"},"schema":{"@context":"https:\/\/schema.org","@graph":[{"@type":"Article","@id":"https:\/\/zsp1chojna.pl\/?p=13701#article","isPartOf":{"@id":"https:\/\/zsp1chojna.pl\/?p=13701"},"author":{"name":"admin","@id":"https:\/\/zsp1chojna.pl\/#\/schema\/person\/fe8d6c03379c9cface386de0c172e127"},"headline":"Zaj\u0119cia praktyczne OPW w 5. Pu\u0142ku In\u017cynieryjnym w Szczecinie","datePublished":"2025-04-09T13:03:32+00:00","dateModified":"2025-05-15T13:07:18+00:00","mainEntityOfPage":{"@id":"https:\/\/zsp1chojna.pl\/?p=13701"},"wordCount":270,"commentCount":0,"publisher":{"@id":"https:\/\/zsp1chojna.pl\/#organization"},"articleSection":["Aktualno\u015bci 2024\/2025"],"inLanguage":"pl-PL","potentialAction":[{"@type":"CommentAction","name":"Comment","target":["https:\/\/zsp1chojna.pl\/?p=13701#respond"]}]},{"@type":"WebPage","@id":"https:\/\/zsp1chojna.pl\/?p=13701","url":"https:\/\/zsp1chojna.pl\/?p=13701","name":"Zaj\u0119cia praktyczne OPW w 5. Pu\u0142ku In\u017cynieryjnym w Szczecinie - ZSP w Chojnie","isPartOf":{"@id":"https:\/\/zsp1chojna.pl\/#website"},"datePublished":"2025-04-09T13:03:32+00:00","dateModified":"2025-05-15T13:07:18+00:00","breadcrumb":{"@id":"https:\/\/zsp1chojna.pl\/?p=13701#breadcrumb"},"inLanguage":"pl-PL","potentialAction":[{"@type":"ReadAction","target":["https:\/\/zsp1chojna.pl\/?p=13701"]}]},{"@type":"BreadcrumbList","@id":"https:\/\/zsp1chojna.pl\/?p=13701#breadcrumb","itemListElement":[{"@type":"ListItem","position":1,"name":"Home","item":"https:\/\/zsp1chojna.pl\/"},{"@type":"ListItem","position":2,"name":"Zaj\u0119cia praktyczne OPW w 5. Pu\u0142ku In\u017cynieryjnym w Szczecinie"}]},{"@type":"WebSite","@id":"https:\/\/zsp1chojna.pl\/#website","url":"https:\/\/zsp1chojna.pl\/","name":"ZSP w Chojnie","description":"","publisher":{"@id":"https:\/\/zsp1chojna.pl\/#organization"},"potentialAction":[{"@type":"SearchAction","target":{"@type":"EntryPoint","urlTemplate":"https:\/\/zsp1chojna.pl\/?s={search_term_string}"},"query-input":"required name=search_term_string"}],"inLanguage":"pl-PL"},{"@type":"Organization","@id":"https:\/\/zsp1chojna.pl\/#organization","name":"ZSP w Chojnie","url":"https:\/\/zsp1chojna.pl\/","logo":{"@type":"ImageObject","inLanguage":"pl-PL","@id":"https:\/\/zsp1chojna.pl\/#\/schema\/logo\/image\/","url":"https:\/\/zsp1chojna.pl\/wp-content\/uploads\/2023\/08\/cropped-cropped-cropped-Logo-biale-napis-na-3-wiersze_504-1.png","contentUrl":"https:\/\/zsp1chojna.pl\/wp-content\/uploads\/2023\/08\/cropped-cropped-cropped-Logo-biale-napis-na-3-wiersze_504-1.png","width":504,"height":167,"caption":"ZSP w Chojnie"},"image":{"@id":"https:\/\/zsp1chojna.pl\/#\/schema\/logo\/image\/"}},{"@type":"Person","@id":"https:\/\/zsp1chojna.pl\/#\/schema\/person\/fe8d6c03379c9cface386de0c172e127","name":"admin","image":{"@type":"ImageObject","inLanguage":"pl-PL","@id":"https:\/\/zsp1chojna.pl\/#\/schema\/person\/image\/","url":"https:\/\/secure.gravatar.com\/avatar\/35d79b1d799ff9bac401976862e535bf785f4039d8313d3c00b303598a46dd4e?s=96&d=mm&r=g","contentUrl":"https:\/\/secure.gravatar.com\/avatar\/35d79b1d799ff9bac401976862e535bf785f4039d8313d3c00b303598a46dd4e?s=96&d=mm&r=g","caption":"admin"},"sameAs":["http:\/\/nowazspchojna.pl"],"url":"https:\/\/zsp1chojna.pl\/?author=1"}]}},"jetpack_featured_media_url":"https:\/\/zsp1chojna.pl\/wp-content\/uploads\/2025\/05\/zajecia-pulk-2025-3.jpg","_links":{"self":[{"href":"https:\/\/zsp1chojna.pl\/index.php?rest_route=\/wp\/v2\/posts\/13701","targetHints":{"allow":["GET"]}}],"collection":[{"href":"https:\/\/zsp1chojna.pl\/index.php?rest_route=\/wp\/v2\/posts"}],"about":[{"href":"https:\/\/zsp1chojna.pl\/index.php?rest_route=\/wp\/v2\/types\/post"}],"author":[{"embeddable":true,"href":"https:\/\/zsp1chojna.pl\/index.php?rest_route=\/wp\/v2\/users\/1"}],"replies":[{"embeddable":true,"href":"https:\/\/zsp1chojna.pl\/index.php?rest_route=%2Fwp%2Fv2%2Fcomments&post=13701"}],"version-history":[{"count":1,"href":"https:\/\/zsp1chojna.pl\/index.php?rest_route=\/wp\/v2\/posts\/13701\/revisions"}],"predecessor-version":[{"id":13707,"href":"https:\/\/zsp1chojna.pl\/index.php?rest_route=\/wp\/v2\/posts\/13701\/revisions\/13707"}],"wp:featuredmedia":[{"embeddable":true,"href":"https:\/\/zsp1chojna.pl\/index.php?rest_route=\/wp\/v2\/media\/13705"}],"wp:attachment":[{"href":"https:\/\/zsp1chojna.pl\/index.php?rest_route=%2Fwp%2Fv2%2Fmedia&parent=13701"}],"wp:term":[{"taxonomy":"category","embeddable":true,"href":"https:\/\/zsp1chojna.pl\/index.php?rest_route=%2Fwp%2Fv2%2Fcategories&post=13701"},{"taxonomy":"post_tag","embeddable":true,"href":"https:\/\/zsp1chojna.pl\/index.php?rest_route=%2Fwp%2Fv2%2Ftags&post=13701"}],"curies":[{"name":"wp","href":"https:\/\/api.w.org\/{rel}","templated":true}]}}