{"id":13695,"date":"2025-04-14T14:58:32","date_gmt":"2025-04-14T12:58:32","guid":{"rendered":"https:\/\/zsp1chojna.pl\/?p=13695"},"modified":"2025-05-15T15:01:05","modified_gmt":"2025-05-15T13:01:05","slug":"swieto-wojsk-inzynieryjnych-w-5-pulku-inzynieryjnym-w-szczecinie-podjuchach","status":"publish","type":"post","link":"https:\/\/zsp1chojna.pl\/?p=13695","title":{"rendered":"\u015awi\u0119to Wojsk In\u017cynieryjnych w 5. Pu\u0142ku In\u017cynieryjnym w Szczecinie Podjuchach"},"content":{"rendered":"\n<p><\/p>\n\n\n\n<p class=\"has-text-align-justify\">14 kwietnia 2025 r., w Szczecinie Podjuchach, w koszarach 5. Pu\u0142ku In\u017cynieryjnego, odby\u0142 si\u0119 uroczysty apel oraz spotkanie wielkanocne, w kt\u00f3rym na zaproszenie Pana Pu\u0142kownika Wojciecha Rudnikowicza, uczestniczyli przedstawiciele Zespo\u0142u Szk\u00f3\u0142 Ponadpodstawowych w Chojnie.<\/p>\n\n\n<div class=\"wp-block-image\">\n<figure class=\"aligncenter size-large is-resized\"><img loading=\"lazy\" decoding=\"async\" width=\"1024\" height=\"584\" data-attachment-id=\"13696\" data-permalink=\"https:\/\/zsp1chojna.pl\/?attachment_id=13696\" data-orig-file=\"https:\/\/zsp1chojna.pl\/wp-content\/uploads\/2025\/05\/swieto-wojsk-025-1.jpg\" data-orig-size=\"1157,660\" data-comments-opened=\"1\" data-image-meta=\"{&quot;aperture&quot;:&quot;0&quot;,&quot;credit&quot;:&quot;&quot;,&quot;camera&quot;:&quot;&quot;,&quot;caption&quot;:&quot;&quot;,&quot;created_timestamp&quot;:&quot;0&quot;,&quot;copyright&quot;:&quot;&quot;,&quot;focal_length&quot;:&quot;0&quot;,&quot;iso&quot;:&quot;0&quot;,&quot;shutter_speed&quot;:&quot;0&quot;,&quot;title&quot;:&quot;&quot;,&quot;orientation&quot;:&quot;0&quot;}\" data-image-title=\"swieto-wojsk-025 (1)\" data-image-description=\"\" data-image-caption=\"\" data-medium-file=\"https:\/\/zsp1chojna.pl\/wp-content\/uploads\/2025\/05\/swieto-wojsk-025-1-300x171.jpg\" data-large-file=\"https:\/\/zsp1chojna.pl\/wp-content\/uploads\/2025\/05\/swieto-wojsk-025-1-1024x584.jpg\" src=\"https:\/\/zsp1chojna.pl\/wp-content\/uploads\/2025\/05\/swieto-wojsk-025-1-1024x584.jpg\" alt=\"\" class=\"wp-image-13696\" style=\"width:692px;height:auto\" srcset=\"https:\/\/zsp1chojna.pl\/wp-content\/uploads\/2025\/05\/swieto-wojsk-025-1-1024x584.jpg 1024w, https:\/\/zsp1chojna.pl\/wp-content\/uploads\/2025\/05\/swieto-wojsk-025-1-300x171.jpg 300w, https:\/\/zsp1chojna.pl\/wp-content\/uploads\/2025\/05\/swieto-wojsk-025-1-768x438.jpg 768w, https:\/\/zsp1chojna.pl\/wp-content\/uploads\/2025\/05\/swieto-wojsk-025-1-947x540.jpg 947w, https:\/\/zsp1chojna.pl\/wp-content\/uploads\/2025\/05\/swieto-wojsk-025-1-624x356.jpg 624w, https:\/\/zsp1chojna.pl\/wp-content\/uploads\/2025\/05\/swieto-wojsk-025-1.jpg 1157w\" sizes=\"auto, (max-width: 1024px) 100vw, 1024px\" \/><\/figure>\n<\/div>\n\n\n<p class=\"has-text-align-justify\">\u015awi\u0119to Wojsk In\u017cynieryjnych, to nie tylko data w kalendarzu, to wyraz uznania dla&nbsp;tych, kt\u00f3rzy ka\u017cdego dnia stoj\u0105 na stra\u017cy bezpiecze\u0144stwa i porz\u0105dku.<\/p>\n\n\n<div class=\"wp-block-image\">\n<figure class=\"aligncenter size-large is-resized\"><img loading=\"lazy\" decoding=\"async\" width=\"1024\" height=\"607\" data-attachment-id=\"13697\" data-permalink=\"https:\/\/zsp1chojna.pl\/?attachment_id=13697\" data-orig-file=\"https:\/\/zsp1chojna.pl\/wp-content\/uploads\/2025\/05\/swieto-wojsk-025-2.jpg\" data-orig-size=\"1160,688\" data-comments-opened=\"1\" data-image-meta=\"{&quot;aperture&quot;:&quot;0&quot;,&quot;credit&quot;:&quot;&quot;,&quot;camera&quot;:&quot;&quot;,&quot;caption&quot;:&quot;&quot;,&quot;created_timestamp&quot;:&quot;0&quot;,&quot;copyright&quot;:&quot;&quot;,&quot;focal_length&quot;:&quot;0&quot;,&quot;iso&quot;:&quot;0&quot;,&quot;shutter_speed&quot;:&quot;0&quot;,&quot;title&quot;:&quot;&quot;,&quot;orientation&quot;:&quot;0&quot;}\" data-image-title=\"swieto-wojsk-025 (2)\" data-image-description=\"\" data-image-caption=\"\" data-medium-file=\"https:\/\/zsp1chojna.pl\/wp-content\/uploads\/2025\/05\/swieto-wojsk-025-2-300x178.jpg\" data-large-file=\"https:\/\/zsp1chojna.pl\/wp-content\/uploads\/2025\/05\/swieto-wojsk-025-2-1024x607.jpg\" src=\"https:\/\/zsp1chojna.pl\/wp-content\/uploads\/2025\/05\/swieto-wojsk-025-2-1024x607.jpg\" alt=\"\" class=\"wp-image-13697\" style=\"width:714px;height:auto\" srcset=\"https:\/\/zsp1chojna.pl\/wp-content\/uploads\/2025\/05\/swieto-wojsk-025-2-1024x607.jpg 1024w, https:\/\/zsp1chojna.pl\/wp-content\/uploads\/2025\/05\/swieto-wojsk-025-2-300x178.jpg 300w, https:\/\/zsp1chojna.pl\/wp-content\/uploads\/2025\/05\/swieto-wojsk-025-2-768x456.jpg 768w, https:\/\/zsp1chojna.pl\/wp-content\/uploads\/2025\/05\/swieto-wojsk-025-2-947x562.jpg 947w, https:\/\/zsp1chojna.pl\/wp-content\/uploads\/2025\/05\/swieto-wojsk-025-2-624x370.jpg 624w, https:\/\/zsp1chojna.pl\/wp-content\/uploads\/2025\/05\/swieto-wojsk-025-2.jpg 1160w\" sizes=\"auto, (max-width: 1024px) 100vw, 1024px\" \/><\/figure>\n<\/div>\n\n\n<p class=\"has-text-align-justify\">Nasza szko\u0142a, od wielu ju\u017c lat wsp\u00f3\u0142pracuje z jednostk\u0105, kt\u00f3ra jako patronacka jednostka wojskowa, odpowiada za szkolenie praktyczne kadet\u00f3w Oddzia\u0142u Przygotowania Wojskowego.<\/p>\n\n\n\n<p>&nbsp;&nbsp;&nbsp;&nbsp;&nbsp;&nbsp;&nbsp;&nbsp;&nbsp;&nbsp;&nbsp;&nbsp;&nbsp;&nbsp;&nbsp;&nbsp;&nbsp;&nbsp;&nbsp;&nbsp;&nbsp;&nbsp;&nbsp;&nbsp;&nbsp;&nbsp;&nbsp;&nbsp;&nbsp;&nbsp;&nbsp;&nbsp;&nbsp;&nbsp;&nbsp;&nbsp;&nbsp;&nbsp;&nbsp;&nbsp;&nbsp;&nbsp;&nbsp;&nbsp;&nbsp;&nbsp;&nbsp;&nbsp;&nbsp;&nbsp;&nbsp;&nbsp;&nbsp;&nbsp;&nbsp;&nbsp;&nbsp;&nbsp;&nbsp;&nbsp;&nbsp;&nbsp;&nbsp;&nbsp;&nbsp;&nbsp;&nbsp;&nbsp;&nbsp;&nbsp;&nbsp;&nbsp;&nbsp;&nbsp;&nbsp;&nbsp;&nbsp;&nbsp;&nbsp;&nbsp;&nbsp;&nbsp;&nbsp;&nbsp;&nbsp;&nbsp;&nbsp;&nbsp;&nbsp;&nbsp;&nbsp;&nbsp;&nbsp;&nbsp;&nbsp;&nbsp;&nbsp;&nbsp;&nbsp;&nbsp;&nbsp;&nbsp;&nbsp;&nbsp;&nbsp;&nbsp;&nbsp;&nbsp;&nbsp;&nbsp;&nbsp;&nbsp;&nbsp;&nbsp;&nbsp;&nbsp;&nbsp; mgr Marek Bednarz<\/p>\n","protected":false},"excerpt":{"rendered":"<p>14 kwietnia 2025 r., w Szczecinie Podjuchach, w koszarach 5. Pu\u0142ku In\u017cynieryjnego, odby\u0142 si\u0119 uroczysty apel oraz spotkanie wielkanocne, w kt\u00f3rym na zaproszenie Pana Pu\u0142kownika Wojciecha Rudnikowicza, uczestniczyli przedstawiciele Zespo\u0142u [&hellip;]<\/p>\n","protected":false},"author":1,"featured_media":13696,"comment_status":"open","ping_status":"open","sticky":false,"template":"","format":"standard","meta":{"footnotes":""},"categories":[31],"tags":[],"class_list":["post-13695","post","type-post","status-publish","format-standard","has-post-thumbnail","hentry","category-aktualnosci-2024-2025"],"wbAuthor":{"name":"admin","link":"https:\/\/zsp1chojna.pl\/?author=1"},"wbDate":"kwi 14, 2025","wbCategories":{"space":"<a href=\"https:\/\/zsp1chojna.pl\/?cat=31\" rel=\"category\">Aktualno\u015bci 2024\/2025<\/a>","coma":"<a href=\"https:\/\/zsp1chojna.pl\/?cat=31\" rel=\"category\">Aktualno\u015bci 2024\/2025<\/a>"},"wbComment":0,"yoast_head":"<!-- This site is optimized with the Yoast SEO plugin v20.13 - https:\/\/yoast.com\/wordpress\/plugins\/seo\/ -->\n<title>\u015awi\u0119to Wojsk In\u017cynieryjnych w 5. Pu\u0142ku In\u017cynieryjnym w Szczecinie Podjuchach - ZSP w Chojnie<\/title>\n<meta name=\"robots\" content=\"index, follow, max-snippet:-1, max-image-preview:large, max-video-preview:-1\" \/>\n<link rel=\"canonical\" href=\"https:\/\/zsp1chojna.pl\/?p=13695\" \/>\n<meta property=\"og:locale\" content=\"pl_PL\" \/>\n<meta property=\"og:type\" content=\"article\" \/>\n<meta property=\"og:title\" content=\"\u015awi\u0119to Wojsk In\u017cynieryjnych w 5. Pu\u0142ku In\u017cynieryjnym w Szczecinie Podjuchach - ZSP w Chojnie\" \/>\n<meta property=\"og:description\" content=\"14 kwietnia 2025 r., w Szczecinie Podjuchach, w koszarach 5. Pu\u0142ku In\u017cynieryjnego, odby\u0142 si\u0119 uroczysty apel oraz spotkanie wielkanocne, w kt\u00f3rym na zaproszenie Pana Pu\u0142kownika Wojciecha Rudnikowicza, uczestniczyli przedstawiciele Zespo\u0142u [&hellip;]\" \/>\n<meta property=\"og:url\" content=\"https:\/\/zsp1chojna.pl\/?p=13695\" \/>\n<meta property=\"og:site_name\" content=\"ZSP w Chojnie\" \/>\n<meta property=\"article:published_time\" content=\"2025-04-14T12:58:32+00:00\" \/>\n<meta property=\"article:modified_time\" content=\"2025-05-15T13:01:05+00:00\" \/>\n<meta property=\"og:image\" content=\"https:\/\/zsp1chojna.pl\/wp-content\/uploads\/2025\/05\/swieto-wojsk-025-1.jpg\" \/>\n\t<meta property=\"og:image:width\" content=\"1157\" \/>\n\t<meta property=\"og:image:height\" content=\"660\" \/>\n\t<meta property=\"og:image:type\" content=\"image\/jpeg\" \/>\n<meta name=\"author\" content=\"admin\" \/>\n<meta name=\"twitter:card\" content=\"summary_large_image\" \/>\n<meta name=\"twitter:label1\" content=\"Napisane przez\" \/>\n\t<meta name=\"twitter:data1\" content=\"admin\" \/>\n\t<meta name=\"twitter:label2\" content=\"Szacowany czas czytania\" \/>\n\t<meta name=\"twitter:data2\" content=\"1 minuta\" \/>\n<script type=\"application\/ld+json\" class=\"yoast-schema-graph\">{\"@context\":\"https:\/\/schema.org\",\"@graph\":[{\"@type\":\"Article\",\"@id\":\"https:\/\/zsp1chojna.pl\/?p=13695#article\",\"isPartOf\":{\"@id\":\"https:\/\/zsp1chojna.pl\/?p=13695\"},\"author\":{\"name\":\"admin\",\"@id\":\"https:\/\/zsp1chojna.pl\/#\/schema\/person\/fe8d6c03379c9cface386de0c172e127\"},\"headline\":\"\u015awi\u0119to Wojsk In\u017cynieryjnych w 5. Pu\u0142ku In\u017cynieryjnym w Szczecinie Podjuchach\",\"datePublished\":\"2025-04-14T12:58:32+00:00\",\"dateModified\":\"2025-05-15T13:01:05+00:00\",\"mainEntityOfPage\":{\"@id\":\"https:\/\/zsp1chojna.pl\/?p=13695\"},\"wordCount\":227,\"commentCount\":0,\"publisher\":{\"@id\":\"https:\/\/zsp1chojna.pl\/#organization\"},\"articleSection\":[\"Aktualno\u015bci 2024\/2025\"],\"inLanguage\":\"pl-PL\",\"potentialAction\":[{\"@type\":\"CommentAction\",\"name\":\"Comment\",\"target\":[\"https:\/\/zsp1chojna.pl\/?p=13695#respond\"]}]},{\"@type\":\"WebPage\",\"@id\":\"https:\/\/zsp1chojna.pl\/?p=13695\",\"url\":\"https:\/\/zsp1chojna.pl\/?p=13695\",\"name\":\"\u015awi\u0119to Wojsk In\u017cynieryjnych w 5. Pu\u0142ku In\u017cynieryjnym w Szczecinie Podjuchach - ZSP w Chojnie\",\"isPartOf\":{\"@id\":\"https:\/\/zsp1chojna.pl\/#website\"},\"datePublished\":\"2025-04-14T12:58:32+00:00\",\"dateModified\":\"2025-05-15T13:01:05+00:00\",\"breadcrumb\":{\"@id\":\"https:\/\/zsp1chojna.pl\/?p=13695#breadcrumb\"},\"inLanguage\":\"pl-PL\",\"potentialAction\":[{\"@type\":\"ReadAction\",\"target\":[\"https:\/\/zsp1chojna.pl\/?p=13695\"]}]},{\"@type\":\"BreadcrumbList\",\"@id\":\"https:\/\/zsp1chojna.pl\/?p=13695#breadcrumb\",\"itemListElement\":[{\"@type\":\"ListItem\",\"position\":1,\"name\":\"Home\",\"item\":\"https:\/\/zsp1chojna.pl\/\"},{\"@type\":\"ListItem\",\"position\":2,\"name\":\"\u015awi\u0119to Wojsk In\u017cynieryjnych w 5. Pu\u0142ku In\u017cynieryjnym w Szczecinie Podjuchach\"}]},{\"@type\":\"WebSite\",\"@id\":\"https:\/\/zsp1chojna.pl\/#website\",\"url\":\"https:\/\/zsp1chojna.pl\/\",\"name\":\"ZSP w Chojnie\",\"description\":\"\",\"publisher\":{\"@id\":\"https:\/\/zsp1chojna.pl\/#organization\"},\"potentialAction\":[{\"@type\":\"SearchAction\",\"target\":{\"@type\":\"EntryPoint\",\"urlTemplate\":\"https:\/\/zsp1chojna.pl\/?s={search_term_string}\"},\"query-input\":\"required name=search_term_string\"}],\"inLanguage\":\"pl-PL\"},{\"@type\":\"Organization\",\"@id\":\"https:\/\/zsp1chojna.pl\/#organization\",\"name\":\"ZSP w Chojnie\",\"url\":\"https:\/\/zsp1chojna.pl\/\",\"logo\":{\"@type\":\"ImageObject\",\"inLanguage\":\"pl-PL\",\"@id\":\"https:\/\/zsp1chojna.pl\/#\/schema\/logo\/image\/\",\"url\":\"https:\/\/zsp1chojna.pl\/wp-content\/uploads\/2023\/08\/cropped-cropped-cropped-Logo-biale-napis-na-3-wiersze_504-1.png\",\"contentUrl\":\"https:\/\/zsp1chojna.pl\/wp-content\/uploads\/2023\/08\/cropped-cropped-cropped-Logo-biale-napis-na-3-wiersze_504-1.png\",\"width\":504,\"height\":167,\"caption\":\"ZSP w Chojnie\"},\"image\":{\"@id\":\"https:\/\/zsp1chojna.pl\/#\/schema\/logo\/image\/\"}},{\"@type\":\"Person\",\"@id\":\"https:\/\/zsp1chojna.pl\/#\/schema\/person\/fe8d6c03379c9cface386de0c172e127\",\"name\":\"admin\",\"image\":{\"@type\":\"ImageObject\",\"inLanguage\":\"pl-PL\",\"@id\":\"https:\/\/zsp1chojna.pl\/#\/schema\/person\/image\/\",\"url\":\"https:\/\/secure.gravatar.com\/avatar\/35d79b1d799ff9bac401976862e535bf785f4039d8313d3c00b303598a46dd4e?s=96&d=mm&r=g\",\"contentUrl\":\"https:\/\/secure.gravatar.com\/avatar\/35d79b1d799ff9bac401976862e535bf785f4039d8313d3c00b303598a46dd4e?s=96&d=mm&r=g\",\"caption\":\"admin\"},\"sameAs\":[\"http:\/\/nowazspchojna.pl\"],\"url\":\"https:\/\/zsp1chojna.pl\/?author=1\"}]}<\/script>\n<!-- \/ Yoast SEO plugin. -->","yoast_head_json":{"title":"\u015awi\u0119to Wojsk In\u017cynieryjnych w 5. Pu\u0142ku In\u017cynieryjnym w Szczecinie Podjuchach - ZSP w Chojnie","robots":{"index":"index","follow":"follow","max-snippet":"max-snippet:-1","max-image-preview":"max-image-preview:large","max-video-preview":"max-video-preview:-1"},"canonical":"https:\/\/zsp1chojna.pl\/?p=13695","og_locale":"pl_PL","og_type":"article","og_title":"\u015awi\u0119to Wojsk In\u017cynieryjnych w 5. Pu\u0142ku In\u017cynieryjnym w Szczecinie Podjuchach - ZSP w Chojnie","og_description":"14 kwietnia 2025 r., w Szczecinie Podjuchach, w koszarach 5. Pu\u0142ku In\u017cynieryjnego, odby\u0142 si\u0119 uroczysty apel oraz spotkanie wielkanocne, w kt\u00f3rym na zaproszenie Pana Pu\u0142kownika Wojciecha Rudnikowicza, uczestniczyli przedstawiciele Zespo\u0142u [&hellip;]","og_url":"https:\/\/zsp1chojna.pl\/?p=13695","og_site_name":"ZSP w Chojnie","article_published_time":"2025-04-14T12:58:32+00:00","article_modified_time":"2025-05-15T13:01:05+00:00","og_image":[{"width":1157,"height":660,"url":"https:\/\/zsp1chojna.pl\/wp-content\/uploads\/2025\/05\/swieto-wojsk-025-1.jpg","type":"image\/jpeg"}],"author":"admin","twitter_card":"summary_large_image","twitter_misc":{"Napisane przez":"admin","Szacowany czas czytania":"1 minuta"},"schema":{"@context":"https:\/\/schema.org","@graph":[{"@type":"Article","@id":"https:\/\/zsp1chojna.pl\/?p=13695#article","isPartOf":{"@id":"https:\/\/zsp1chojna.pl\/?p=13695"},"author":{"name":"admin","@id":"https:\/\/zsp1chojna.pl\/#\/schema\/person\/fe8d6c03379c9cface386de0c172e127"},"headline":"\u015awi\u0119to Wojsk In\u017cynieryjnych w 5. Pu\u0142ku In\u017cynieryjnym w Szczecinie Podjuchach","datePublished":"2025-04-14T12:58:32+00:00","dateModified":"2025-05-15T13:01:05+00:00","mainEntityOfPage":{"@id":"https:\/\/zsp1chojna.pl\/?p=13695"},"wordCount":227,"commentCount":0,"publisher":{"@id":"https:\/\/zsp1chojna.pl\/#organization"},"articleSection":["Aktualno\u015bci 2024\/2025"],"inLanguage":"pl-PL","potentialAction":[{"@type":"CommentAction","name":"Comment","target":["https:\/\/zsp1chojna.pl\/?p=13695#respond"]}]},{"@type":"WebPage","@id":"https:\/\/zsp1chojna.pl\/?p=13695","url":"https:\/\/zsp1chojna.pl\/?p=13695","name":"\u015awi\u0119to Wojsk In\u017cynieryjnych w 5. Pu\u0142ku In\u017cynieryjnym w Szczecinie Podjuchach - ZSP w Chojnie","isPartOf":{"@id":"https:\/\/zsp1chojna.pl\/#website"},"datePublished":"2025-04-14T12:58:32+00:00","dateModified":"2025-05-15T13:01:05+00:00","breadcrumb":{"@id":"https:\/\/zsp1chojna.pl\/?p=13695#breadcrumb"},"inLanguage":"pl-PL","potentialAction":[{"@type":"ReadAction","target":["https:\/\/zsp1chojna.pl\/?p=13695"]}]},{"@type":"BreadcrumbList","@id":"https:\/\/zsp1chojna.pl\/?p=13695#breadcrumb","itemListElement":[{"@type":"ListItem","position":1,"name":"Home","item":"https:\/\/zsp1chojna.pl\/"},{"@type":"ListItem","position":2,"name":"\u015awi\u0119to Wojsk In\u017cynieryjnych w 5. Pu\u0142ku In\u017cynieryjnym w Szczecinie Podjuchach"}]},{"@type":"WebSite","@id":"https:\/\/zsp1chojna.pl\/#website","url":"https:\/\/zsp1chojna.pl\/","name":"ZSP w Chojnie","description":"","publisher":{"@id":"https:\/\/zsp1chojna.pl\/#organization"},"potentialAction":[{"@type":"SearchAction","target":{"@type":"EntryPoint","urlTemplate":"https:\/\/zsp1chojna.pl\/?s={search_term_string}"},"query-input":"required name=search_term_string"}],"inLanguage":"pl-PL"},{"@type":"Organization","@id":"https:\/\/zsp1chojna.pl\/#organization","name":"ZSP w Chojnie","url":"https:\/\/zsp1chojna.pl\/","logo":{"@type":"ImageObject","inLanguage":"pl-PL","@id":"https:\/\/zsp1chojna.pl\/#\/schema\/logo\/image\/","url":"https:\/\/zsp1chojna.pl\/wp-content\/uploads\/2023\/08\/cropped-cropped-cropped-Logo-biale-napis-na-3-wiersze_504-1.png","contentUrl":"https:\/\/zsp1chojna.pl\/wp-content\/uploads\/2023\/08\/cropped-cropped-cropped-Logo-biale-napis-na-3-wiersze_504-1.png","width":504,"height":167,"caption":"ZSP w Chojnie"},"image":{"@id":"https:\/\/zsp1chojna.pl\/#\/schema\/logo\/image\/"}},{"@type":"Person","@id":"https:\/\/zsp1chojna.pl\/#\/schema\/person\/fe8d6c03379c9cface386de0c172e127","name":"admin","image":{"@type":"ImageObject","inLanguage":"pl-PL","@id":"https:\/\/zsp1chojna.pl\/#\/schema\/person\/image\/","url":"https:\/\/secure.gravatar.com\/avatar\/35d79b1d799ff9bac401976862e535bf785f4039d8313d3c00b303598a46dd4e?s=96&d=mm&r=g","contentUrl":"https:\/\/secure.gravatar.com\/avatar\/35d79b1d799ff9bac401976862e535bf785f4039d8313d3c00b303598a46dd4e?s=96&d=mm&r=g","caption":"admin"},"sameAs":["http:\/\/nowazspchojna.pl"],"url":"https:\/\/zsp1chojna.pl\/?author=1"}]}},"jetpack_featured_media_url":"https:\/\/zsp1chojna.pl\/wp-content\/uploads\/2025\/05\/swieto-wojsk-025-1.jpg","_links":{"self":[{"href":"https:\/\/zsp1chojna.pl\/index.php?rest_route=\/wp\/v2\/posts\/13695","targetHints":{"allow":["GET"]}}],"collection":[{"href":"https:\/\/zsp1chojna.pl\/index.php?rest_route=\/wp\/v2\/posts"}],"about":[{"href":"https:\/\/zsp1chojna.pl\/index.php?rest_route=\/wp\/v2\/types\/post"}],"author":[{"embeddable":true,"href":"https:\/\/zsp1chojna.pl\/index.php?rest_route=\/wp\/v2\/users\/1"}],"replies":[{"embeddable":true,"href":"https:\/\/zsp1chojna.pl\/index.php?rest_route=%2Fwp%2Fv2%2Fcomments&post=13695"}],"version-history":[{"count":1,"href":"https:\/\/zsp1chojna.pl\/index.php?rest_route=\/wp\/v2\/posts\/13695\/revisions"}],"predecessor-version":[{"id":13698,"href":"https:\/\/zsp1chojna.pl\/index.php?rest_route=\/wp\/v2\/posts\/13695\/revisions\/13698"}],"wp:featuredmedia":[{"embeddable":true,"href":"https:\/\/zsp1chojna.pl\/index.php?rest_route=\/wp\/v2\/media\/13696"}],"wp:attachment":[{"href":"https:\/\/zsp1chojna.pl\/index.php?rest_route=%2Fwp%2Fv2%2Fmedia&parent=13695"}],"wp:term":[{"taxonomy":"category","embeddable":true,"href":"https:\/\/zsp1chojna.pl\/index.php?rest_route=%2Fwp%2Fv2%2Fcategories&post=13695"},{"taxonomy":"post_tag","embeddable":true,"href":"https:\/\/zsp1chojna.pl\/index.php?rest_route=%2Fwp%2Fv2%2Ftags&post=13695"}],"curies":[{"name":"wp","href":"https:\/\/api.w.org\/{rel}","templated":true}]}}