{"id":12288,"date":"2024-11-14T15:42:07","date_gmt":"2024-11-14T14:42:07","guid":{"rendered":"https:\/\/zsp1chojna.pl\/?p=12288"},"modified":"2024-12-31T15:48:43","modified_gmt":"2024-12-31T14:48:43","slug":"12-14-11-2024-r-wycieczka-bs-i-st-do-krakowa-w-ramach-przedsiewziecia-podroze-z-klasa","status":"publish","type":"post","link":"https:\/\/zsp1chojna.pl\/?p=12288","title":{"rendered":"12-14.11.2024 r. Wycieczka\u00a0BS I st.\u00a0do Krakowa w ramach przedsi\u0119wzi\u0119cia ,,Podr\u00f3\u017ce z klas\u0105\u201d"},"content":{"rendered":"<div class=\"wp-block-image\">\n<figure class=\"aligncenter size-full\"><img loading=\"lazy\" decoding=\"async\" width=\"953\" height=\"154\" data-attachment-id=\"12182\" data-permalink=\"https:\/\/zsp1chojna.pl\/?attachment_id=12182\" data-orig-file=\"https:\/\/zsp1chojna.pl\/wp-content\/uploads\/2024\/10\/logo_MEN_Podrozezklasa_jpg.jpg\" data-orig-size=\"953,154\" data-comments-opened=\"1\" data-image-meta=\"{&quot;aperture&quot;:&quot;0&quot;,&quot;credit&quot;:&quot;&quot;,&quot;camera&quot;:&quot;&quot;,&quot;caption&quot;:&quot;&quot;,&quot;created_timestamp&quot;:&quot;0&quot;,&quot;copyright&quot;:&quot;&quot;,&quot;focal_length&quot;:&quot;0&quot;,&quot;iso&quot;:&quot;0&quot;,&quot;shutter_speed&quot;:&quot;0&quot;,&quot;title&quot;:&quot;&quot;,&quot;orientation&quot;:&quot;0&quot;}\" data-image-title=\"logo_MEN_Podrozezklasa_jpg\" data-image-description=\"\" data-image-caption=\"\" data-medium-file=\"https:\/\/zsp1chojna.pl\/wp-content\/uploads\/2024\/10\/logo_MEN_Podrozezklasa_jpg-300x48.jpg\" data-large-file=\"https:\/\/zsp1chojna.pl\/wp-content\/uploads\/2024\/10\/logo_MEN_Podrozezklasa_jpg.jpg\" src=\"https:\/\/zsp1chojna.pl\/wp-content\/uploads\/2024\/10\/logo_MEN_Podrozezklasa_jpg.jpg\" alt=\"\" class=\"wp-image-12182\" srcset=\"https:\/\/zsp1chojna.pl\/wp-content\/uploads\/2024\/10\/logo_MEN_Podrozezklasa_jpg.jpg 953w, https:\/\/zsp1chojna.pl\/wp-content\/uploads\/2024\/10\/logo_MEN_Podrozezklasa_jpg-300x48.jpg 300w, https:\/\/zsp1chojna.pl\/wp-content\/uploads\/2024\/10\/logo_MEN_Podrozezklasa_jpg-768x124.jpg 768w, https:\/\/zsp1chojna.pl\/wp-content\/uploads\/2024\/10\/logo_MEN_Podrozezklasa_jpg-947x153.jpg 947w, https:\/\/zsp1chojna.pl\/wp-content\/uploads\/2024\/10\/logo_MEN_Podrozezklasa_jpg-624x101.jpg 624w\" sizes=\"auto, (max-width: 953px) 100vw, 953px\" \/><\/figure>\n<\/div>\n\n\n<p class=\"has-text-align-right\"><em>Nale\u017cy podr\u00f3\u017cowa\u0107, by si\u0119 czego\u015b nauczy\u0107.<\/em><br>Mark Twain<\/p>\n\n\n\n<p class=\"has-text-align-justify\">W dniach od 12 do 14 listopada 2024 r., uczniowie Bran\u017cowej Szko\u0142y I stopnia Zespo\u0142u Szk\u00f3\u0142 Ponadpodstawowych w Chojnie, udali si\u0119 na trzydniow\u0105 wycieczk\u0119 do&nbsp;Krakowa, w ramach projektu ,,Podr\u00f3\u017ce z klas\u0105\u201d. W podr\u00f3\u017c wyruszy\u0142o 14 uczni\u00f3w, kt\u00f3rym towarzyszy\u0142y w charakterze opiekun\u00f3w: Pani Emilia Marcinkowska i Pani Martyna Trz\u00f3pek.<\/p>\n\n\n<div class=\"wp-block-image\">\n<figure class=\"aligncenter size-full\"><img loading=\"lazy\" decoding=\"async\" width=\"800\" height=\"600\" data-attachment-id=\"12290\" data-permalink=\"https:\/\/zsp1chojna.pl\/?attachment_id=12290\" data-orig-file=\"https:\/\/zsp1chojna.pl\/wp-content\/uploads\/2024\/12\/podroze-z-klasa-3-1.jpg\" data-orig-size=\"800,600\" data-comments-opened=\"1\" data-image-meta=\"{&quot;aperture&quot;:&quot;0&quot;,&quot;credit&quot;:&quot;&quot;,&quot;camera&quot;:&quot;&quot;,&quot;caption&quot;:&quot;&quot;,&quot;created_timestamp&quot;:&quot;0&quot;,&quot;copyright&quot;:&quot;&quot;,&quot;focal_length&quot;:&quot;0&quot;,&quot;iso&quot;:&quot;0&quot;,&quot;shutter_speed&quot;:&quot;0&quot;,&quot;title&quot;:&quot;&quot;,&quot;orientation&quot;:&quot;0&quot;}\" data-image-title=\"podroze-z-klasa-3 (1)\" data-image-description=\"\" data-image-caption=\"\" data-medium-file=\"https:\/\/zsp1chojna.pl\/wp-content\/uploads\/2024\/12\/podroze-z-klasa-3-1-300x225.jpg\" data-large-file=\"https:\/\/zsp1chojna.pl\/wp-content\/uploads\/2024\/12\/podroze-z-klasa-3-1.jpg\" src=\"https:\/\/zsp1chojna.pl\/wp-content\/uploads\/2024\/12\/podroze-z-klasa-3-1.jpg\" alt=\"\" class=\"wp-image-12290\" srcset=\"https:\/\/zsp1chojna.pl\/wp-content\/uploads\/2024\/12\/podroze-z-klasa-3-1.jpg 800w, https:\/\/zsp1chojna.pl\/wp-content\/uploads\/2024\/12\/podroze-z-klasa-3-1-300x225.jpg 300w, https:\/\/zsp1chojna.pl\/wp-content\/uploads\/2024\/12\/podroze-z-klasa-3-1-768x576.jpg 768w, https:\/\/zsp1chojna.pl\/wp-content\/uploads\/2024\/12\/podroze-z-klasa-3-1-624x468.jpg 624w\" sizes=\"auto, (max-width: 800px) 100vw, 800px\" \/><\/figure>\n<\/div>\n\n\n<p class=\"has-text-align-justify\">Wcze\u015bnie rano zebrali\u015bmy si\u0119 na stacji PKP, by wyruszy\u0107 w kilkugodzinn\u0105 podr\u00f3\u017c do&nbsp;Krakowa. Zwiedzanie rozpocz\u0119li\u015bmy od spaceru po Rynku G\u0142\u00f3wnym, gdzie znajduj\u0105 si\u0119 Ko\u015bci\u00f3\u0142 Mariacki, Sukiennice i pomnik Adama Mickiewicza. Podziwiali\u015bmy tak\u017ce architektur\u0119 zabytkowych kamienic, kt\u00f3re znajduj\u0105 si\u0119 wzd\u0142u\u017c malowniczych uliczek przy Rynku G\u0142\u00f3wnym. Kulminacyjnym punktem dnia, by\u0142 spektakl w Teatrze Bagatela pt&nbsp;,,Mayday odNowa\u201d, kt\u00f3ry przedstawia\u0142 przygody taks\u00f3wkarki prowadz\u0105cej podw\u00f3jne \u017cycie. Perypetie g\u0142\u00f3wnej bohaterki wywo\u0142a\u0142y lawin\u0119 komicznych sytuacji i salwy \u015bmiechu na&nbsp;widowni. Z teatru wyszli\u015bmy rozbawieni i w dobrym nastroju udali\u015bmy si\u0119 do hotelu na&nbsp;zas\u0142u\u017cony odpoczynek.<\/p>\n\n\n<div class=\"wp-block-image\">\n<figure class=\"aligncenter size-full\"><img loading=\"lazy\" decoding=\"async\" width=\"800\" height=\"600\" data-attachment-id=\"12291\" data-permalink=\"https:\/\/zsp1chojna.pl\/?attachment_id=12291\" data-orig-file=\"https:\/\/zsp1chojna.pl\/wp-content\/uploads\/2024\/12\/podroze-z-klasa-3-2.jpg\" data-orig-size=\"800,600\" data-comments-opened=\"1\" data-image-meta=\"{&quot;aperture&quot;:&quot;0&quot;,&quot;credit&quot;:&quot;&quot;,&quot;camera&quot;:&quot;&quot;,&quot;caption&quot;:&quot;&quot;,&quot;created_timestamp&quot;:&quot;0&quot;,&quot;copyright&quot;:&quot;&quot;,&quot;focal_length&quot;:&quot;0&quot;,&quot;iso&quot;:&quot;0&quot;,&quot;shutter_speed&quot;:&quot;0&quot;,&quot;title&quot;:&quot;&quot;,&quot;orientation&quot;:&quot;0&quot;}\" data-image-title=\"podroze-z-klasa-3 (2)\" data-image-description=\"\" data-image-caption=\"\" data-medium-file=\"https:\/\/zsp1chojna.pl\/wp-content\/uploads\/2024\/12\/podroze-z-klasa-3-2-300x225.jpg\" data-large-file=\"https:\/\/zsp1chojna.pl\/wp-content\/uploads\/2024\/12\/podroze-z-klasa-3-2.jpg\" src=\"https:\/\/zsp1chojna.pl\/wp-content\/uploads\/2024\/12\/podroze-z-klasa-3-2.jpg\" alt=\"\" class=\"wp-image-12291\" srcset=\"https:\/\/zsp1chojna.pl\/wp-content\/uploads\/2024\/12\/podroze-z-klasa-3-2.jpg 800w, https:\/\/zsp1chojna.pl\/wp-content\/uploads\/2024\/12\/podroze-z-klasa-3-2-300x225.jpg 300w, https:\/\/zsp1chojna.pl\/wp-content\/uploads\/2024\/12\/podroze-z-klasa-3-2-768x576.jpg 768w, https:\/\/zsp1chojna.pl\/wp-content\/uploads\/2024\/12\/podroze-z-klasa-3-2-624x468.jpg 624w\" sizes=\"auto, (max-width: 800px) 100vw, 800px\" \/><\/figure>\n<\/div>\n\n\n<p class=\"has-text-align-justify\">Drugiego dnia, po \u015bniadaniu udali\u015bmy si\u0119 z wizyt\u0105 na Wawel. W pierwszej kolejno\u015bci, wraz z przewodnikiem odwiedzili\u015bmy II pi\u0119tro Zamku Kr\u00f3lewskiego na Wawelu. Znajdowa\u0142y si\u0119 tam Reprezentacyjne Komnaty Kr\u00f3lewskie, kt\u00f3re by\u0142y miejscem uroczystych wydarze\u0144 pa\u0144stwowych. Kolejnym punktem by\u0142a Katedra Wawelska, kt\u00f3ra by\u0142a historycznym miejscem koronacji i kr\u00f3lewskich pogrzeb\u00f3w. W jej podziemiach obejrzeli\u015bmy krypty grobowe. Niezapomniany wra\u017cenie wywar\u0142 na uczniach widok Krakowa z wie\u017cy, w kt\u00f3rej znajdowa\u0142 si\u0119 zabytkowy Dzwon Zygmunta. Tu pad\u0142o wiele pyta\u0144 ze strony uczni\u00f3w. Zainteresowa\u0142o ich g\u0142\u00f3wnie to, jak tak ogromny zabytek zosta\u0142 umieszczony na tak du\u017cej wysoko\u015bci. Nast\u0119pnie wyruszyli\u015bmy na spacer z przewodnikiem, kt\u00f3ry pomaga\u0142 nam odkrywa\u0107 tajemnice legend krakowskich oraz niekt\u00f3rych obiekt\u00f3w, zwracaj\u0105c nasz\u0105 uwag\u0119 na najciekawsze elementy. Zako\u0144czyli\u015bmy nasz\u0105 przygod\u0119 na Rynku G\u0142\u00f3wnym, gdzie z wie\u017cy Ko\u015bcio\u0142a Mariackiego wys\u0142uchali\u015bmy hejna\u0142u mariackiego, a stamt\u0105d ruszyli\u015bmy na podb\u00f3j Rynku Podziemnego, znajduj\u0105cego si\u0119 pod Sukiennicami. Podziemia rynku krakowskiego, to podr\u00f3\u017c w przesz\u0142o\u015b\u0107, o\u017cywion\u0105 po wiekach przez archeolog\u00f3w. To najstarsze murowane budowle handlowe Krakowa, ozdoby, monety i r\u00f3\u017cnorakie przedmioty zagubione lub celowo pozostawione przez odwiedzaj\u0105cych. Po tak bogatej lekcji historii, udali\u015bmy si\u0119 na ciep\u0142y posi\u0142ek, po czym odwiedzili\u015bmy Muzeum Banksy\u2019ego, gdzie uczniowie mogli podziwia\u0107 odtworzone dzie\u0142a ulicznego artysty, ale r\u00f3wnie\u017c odkry\u0107 jego niezwyk\u0142e podej\u015bcie do sztuki, kt\u00f3re zdoby\u0142o uznanie na ca\u0142ym \u015bwiecie. Zwie\u0144czeniem intensywnego dnia, by\u0142a kolacja w restauracji Czarna Kaczka, gdzie jak sama nazwa wskazuje, uczniowie degustowali, a niekt\u00f3rzy dopiero poznawali smaki da\u0144 z kaczki.<\/p>\n\n\n<div class=\"wp-block-image\">\n<figure class=\"aligncenter size-full\"><img loading=\"lazy\" decoding=\"async\" width=\"800\" height=\"600\" data-attachment-id=\"12292\" data-permalink=\"https:\/\/zsp1chojna.pl\/?attachment_id=12292\" data-orig-file=\"https:\/\/zsp1chojna.pl\/wp-content\/uploads\/2024\/12\/podroze-z-klasa-3-3.jpg\" data-orig-size=\"800,600\" data-comments-opened=\"1\" data-image-meta=\"{&quot;aperture&quot;:&quot;0&quot;,&quot;credit&quot;:&quot;&quot;,&quot;camera&quot;:&quot;&quot;,&quot;caption&quot;:&quot;&quot;,&quot;created_timestamp&quot;:&quot;0&quot;,&quot;copyright&quot;:&quot;&quot;,&quot;focal_length&quot;:&quot;0&quot;,&quot;iso&quot;:&quot;0&quot;,&quot;shutter_speed&quot;:&quot;0&quot;,&quot;title&quot;:&quot;&quot;,&quot;orientation&quot;:&quot;1&quot;}\" data-image-title=\"podroze-z-klasa-3 (3)\" data-image-description=\"\" data-image-caption=\"\" data-medium-file=\"https:\/\/zsp1chojna.pl\/wp-content\/uploads\/2024\/12\/podroze-z-klasa-3-3-300x225.jpg\" data-large-file=\"https:\/\/zsp1chojna.pl\/wp-content\/uploads\/2024\/12\/podroze-z-klasa-3-3.jpg\" src=\"https:\/\/zsp1chojna.pl\/wp-content\/uploads\/2024\/12\/podroze-z-klasa-3-3.jpg\" alt=\"\" class=\"wp-image-12292\" srcset=\"https:\/\/zsp1chojna.pl\/wp-content\/uploads\/2024\/12\/podroze-z-klasa-3-3.jpg 800w, https:\/\/zsp1chojna.pl\/wp-content\/uploads\/2024\/12\/podroze-z-klasa-3-3-300x225.jpg 300w, https:\/\/zsp1chojna.pl\/wp-content\/uploads\/2024\/12\/podroze-z-klasa-3-3-768x576.jpg 768w, https:\/\/zsp1chojna.pl\/wp-content\/uploads\/2024\/12\/podroze-z-klasa-3-3-624x468.jpg 624w\" sizes=\"auto, (max-width: 800px) 100vw, 800px\" \/><\/figure>\n<\/div>\n\n\n<p class=\"has-text-align-justify\">Ostatniego dnia, po \u015bniadaniu wyruszyli\u015bmy na nabrze\u017ca Wis\u0142y, gdzie podziwiali\u015bmy widoki Wawelu, a u jego st\u00f3p ziej\u0105c\u0105 ogniem rze\u017ab\u0119 przedstawiaj\u0105c\u0105 legendarnego Smoka Wawelskiego. Ostatni\u0105 atrakcj\u0105 by\u0142a wizyta w jednym z najstarszych muze\u00f3w w Polsce \u2013 Muzeum Czartoryskich, gdzie podziwiali\u015bmy dzie\u0142a malarstwa i zabytki rzemios\u0142a artystycznego oraz militaria.<\/p>\n\n\n<div class=\"wp-block-image\">\n<figure class=\"aligncenter size-full\"><img loading=\"lazy\" decoding=\"async\" width=\"800\" height=\"600\" data-attachment-id=\"12293\" data-permalink=\"https:\/\/zsp1chojna.pl\/?attachment_id=12293\" data-orig-file=\"https:\/\/zsp1chojna.pl\/wp-content\/uploads\/2024\/12\/podroze-z-klasa-3-4.jpg\" data-orig-size=\"800,600\" data-comments-opened=\"1\" data-image-meta=\"{&quot;aperture&quot;:&quot;0&quot;,&quot;credit&quot;:&quot;&quot;,&quot;camera&quot;:&quot;&quot;,&quot;caption&quot;:&quot;&quot;,&quot;created_timestamp&quot;:&quot;0&quot;,&quot;copyright&quot;:&quot;&quot;,&quot;focal_length&quot;:&quot;0&quot;,&quot;iso&quot;:&quot;0&quot;,&quot;shutter_speed&quot;:&quot;0&quot;,&quot;title&quot;:&quot;&quot;,&quot;orientation&quot;:&quot;1&quot;}\" data-image-title=\"podroze-z-klasa-3 (4)\" data-image-description=\"\" data-image-caption=\"\" data-medium-file=\"https:\/\/zsp1chojna.pl\/wp-content\/uploads\/2024\/12\/podroze-z-klasa-3-4-300x225.jpg\" data-large-file=\"https:\/\/zsp1chojna.pl\/wp-content\/uploads\/2024\/12\/podroze-z-klasa-3-4.jpg\" src=\"https:\/\/zsp1chojna.pl\/wp-content\/uploads\/2024\/12\/podroze-z-klasa-3-4.jpg\" alt=\"\" class=\"wp-image-12293\" srcset=\"https:\/\/zsp1chojna.pl\/wp-content\/uploads\/2024\/12\/podroze-z-klasa-3-4.jpg 800w, https:\/\/zsp1chojna.pl\/wp-content\/uploads\/2024\/12\/podroze-z-klasa-3-4-300x225.jpg 300w, https:\/\/zsp1chojna.pl\/wp-content\/uploads\/2024\/12\/podroze-z-klasa-3-4-768x576.jpg 768w, https:\/\/zsp1chojna.pl\/wp-content\/uploads\/2024\/12\/podroze-z-klasa-3-4-624x468.jpg 624w\" sizes=\"auto, (max-width: 800px) 100vw, 800px\" \/><\/figure>\n<\/div>\n\n\n<p class=\"has-text-align-justify\">Projekt ,,Podr\u00f3\u017ce z klas\u0105\u201d, finansowy przez Ministerstwo Edukacji Narodowej, umo\u017cliwi\u0142 uczniom wybra\u0107 si\u0119 w podr\u00f3\u017c do Krakowa, kt\u00f3rej celem by\u0142o uatrakcyjnienie procesu edukacyjnego, poprzez poznawanie tradycji, kultury oraz osi\u0105gni\u0119\u0107 polskiej nauki.<br>Podsumowuj\u0105c, wycieczka dostarczy\u0142a wielu niezapomnianych wra\u017ce\u0144. Wszystkie za\u0142o\u017cone punkty programu wycieczki zosta\u0142y zrealizowane. Zm\u0119czeni, ale zadowoleni i pe\u0142ni mi\u0142ych wspomnie\u0144 wr\u00f3cili\u015bmy do domu.<\/p>\n\n\n<div class=\"wp-block-image\">\n<figure class=\"aligncenter size-full\"><img loading=\"lazy\" decoding=\"async\" width=\"800\" height=\"600\" data-attachment-id=\"12294\" data-permalink=\"https:\/\/zsp1chojna.pl\/?attachment_id=12294\" data-orig-file=\"https:\/\/zsp1chojna.pl\/wp-content\/uploads\/2024\/12\/podroze-z-klasa-3-5.jpg\" data-orig-size=\"800,600\" data-comments-opened=\"1\" data-image-meta=\"{&quot;aperture&quot;:&quot;0&quot;,&quot;credit&quot;:&quot;&quot;,&quot;camera&quot;:&quot;&quot;,&quot;caption&quot;:&quot;&quot;,&quot;created_timestamp&quot;:&quot;0&quot;,&quot;copyright&quot;:&quot;&quot;,&quot;focal_length&quot;:&quot;0&quot;,&quot;iso&quot;:&quot;0&quot;,&quot;shutter_speed&quot;:&quot;0&quot;,&quot;title&quot;:&quot;&quot;,&quot;orientation&quot;:&quot;1&quot;}\" data-image-title=\"podroze-z-klasa-3 (5)\" data-image-description=\"\" data-image-caption=\"\" data-medium-file=\"https:\/\/zsp1chojna.pl\/wp-content\/uploads\/2024\/12\/podroze-z-klasa-3-5-300x225.jpg\" data-large-file=\"https:\/\/zsp1chojna.pl\/wp-content\/uploads\/2024\/12\/podroze-z-klasa-3-5.jpg\" src=\"https:\/\/zsp1chojna.pl\/wp-content\/uploads\/2024\/12\/podroze-z-klasa-3-5.jpg\" alt=\"\" class=\"wp-image-12294\" srcset=\"https:\/\/zsp1chojna.pl\/wp-content\/uploads\/2024\/12\/podroze-z-klasa-3-5.jpg 800w, https:\/\/zsp1chojna.pl\/wp-content\/uploads\/2024\/12\/podroze-z-klasa-3-5-300x225.jpg 300w, https:\/\/zsp1chojna.pl\/wp-content\/uploads\/2024\/12\/podroze-z-klasa-3-5-768x576.jpg 768w, https:\/\/zsp1chojna.pl\/wp-content\/uploads\/2024\/12\/podroze-z-klasa-3-5-624x468.jpg 624w\" sizes=\"auto, (max-width: 800px) 100vw, 800px\" \/><\/figure>\n<\/div>\n\n\n<p>Opinie naszych uczni\u00f3w:<\/p>\n\n\n\n<p><em>,,Wycieczka pozwoli\u0142a mi na g\u0142\u0119bsze uczestnictwo w kulturze i pog\u0142\u0119bienie wiedzy z historii.\u201d<\/em><br>Antek<\/p>\n\n\n\n<p><em>,,Spektakl podoba\u0142 mi si\u0119 najbardziej. Nigdy nie by\u0142am w teatrze, ale teraz ju\u017c wiem, \u017ce na pewno tam wr\u00f3c\u0119\u201d.<\/em><br>Aleksandra<\/p>\n\n\n\n<p><em>,,Z wielk\u0105 rado\u015bci\u0105 powt\u00f3rzy\u0142bym t\u0119 wycieczk\u0119, gdyby by\u0142a taka mo\u017cliwo\u015b\u0107.\u201d<\/em><br>Eryk<\/p>\n\n\n\n<p class=\"has-text-align-right\">\u00a0\u00a0\u00a0\u00a0\u00a0\u00a0\u00a0\u00a0\u00a0\u00a0\u00a0\u00a0\u00a0\u00a0\u00a0\u00a0\u00a0\u00a0\u00a0\u00a0\u00a0\u00a0\u00a0\u00a0\u00a0\u00a0\u00a0\u00a0\u00a0\u00a0\u00a0\u00a0\u00a0\u00a0\u00a0\u00a0\u00a0\u00a0\u00a0\u00a0\u00a0\u00a0\u00a0\u00a0\u00a0\u00a0\u00a0\u00a0\u00a0\u00a0\u00a0\u00a0\u00a0\u00a0\u00a0\u00a0\u00a0\u00a0\u00a0\u00a0\u00a0\u00a0\u00a0\u00a0\u00a0\u00a0\u00a0\u00a0\u00a0\u00a0 \u00a0\u00a0\u00a0\u00a0\u00a0\u00a0\u00a0\u00a0\u00a0\u00a0\u00a0\u00a0\u00a0\u00a0\u00a0\u00a0\u00a0\u00a0\u00a0\u00a0\u00a0\u00a0\u00a0 \u00a0\u00a0\u00a0\u00a0\u00a0\u00a0\u00a0\u00a0\u00a0\u00a0\u00a0 mgr Emilia Marcinkowska<br>\u00a0\u00a0\u00a0\u00a0\u00a0\u00a0\u00a0\u00a0\u00a0\u00a0\u00a0\u00a0\u00a0\u00a0\u00a0\u00a0\u00a0\u00a0\u00a0\u00a0\u00a0\u00a0\u00a0\u00a0\u00a0\u00a0\u00a0\u00a0\u00a0\u00a0\u00a0\u00a0\u00a0\u00a0\u00a0\u00a0\u00a0\u00a0\u00a0\u00a0\u00a0\u00a0\u00a0\u00a0\u00a0\u00a0\u00a0\u00a0\u00a0\u00a0\u00a0\u00a0\u00a0\u00a0\u00a0\u00a0\u00a0\u00a0\u00a0\u00a0\u00a0\u00a0\u00a0\u00a0\u00a0\u00a0\u00a0\u00a0\u00a0\u00a0 \u00a0\u00a0\u00a0\u00a0\u00a0\u00a0\u00a0\u00a0\u00a0\u00a0\u00a0\u00a0\u00a0\u00a0\u00a0\u00a0\u00a0\u00a0\u00a0\u00a0\u00a0\u00a0\u00a0 \u00a0\u00a0\u00a0\u00a0\u00a0\u00a0\u00a0\u00a0\u00a0\u00a0\u00a0 mgr in\u017c. Martyna Trz\u00f3pek<\/p>\n\n\n\n<p><\/p>\n","protected":false},"excerpt":{"rendered":"<p>Nale\u017cy podr\u00f3\u017cowa\u0107, by si\u0119 czego\u015b nauczy\u0107.Mark Twain W dniach od 12 do 14 listopada 2024 r., uczniowie Bran\u017cowej Szko\u0142y I stopnia Zespo\u0142u Szk\u00f3\u0142 Ponadpodstawowych w Chojnie, udali si\u0119 na trzydniow\u0105 [&hellip;]<\/p>\n","protected":false},"author":1,"featured_media":12294,"comment_status":"open","ping_status":"open","sticky":false,"template":"","format":"standard","meta":{"footnotes":""},"categories":[31],"tags":[],"class_list":["post-12288","post","type-post","status-publish","format-standard","has-post-thumbnail","hentry","category-aktualnosci-2024-2025"],"wbAuthor":{"name":"admin","link":"https:\/\/zsp1chojna.pl\/?author=1"},"wbDate":"lis 14, 2024","wbCategories":{"space":"<a href=\"https:\/\/zsp1chojna.pl\/?cat=31\" rel=\"category\">Aktualno\u015bci 2024\/2025<\/a>","coma":"<a href=\"https:\/\/zsp1chojna.pl\/?cat=31\" rel=\"category\">Aktualno\u015bci 2024\/2025<\/a>"},"wbComment":0,"yoast_head":"<!-- This site is optimized with the Yoast SEO plugin v20.13 - https:\/\/yoast.com\/wordpress\/plugins\/seo\/ -->\n<title>12-14.11.2024 r. Wycieczka\u00a0BS I st.\u00a0do Krakowa w ramach przedsi\u0119wzi\u0119cia ,,Podr\u00f3\u017ce z klas\u0105\u201d - ZSP w Chojnie<\/title>\n<meta name=\"robots\" content=\"index, follow, max-snippet:-1, max-image-preview:large, max-video-preview:-1\" \/>\n<link rel=\"canonical\" href=\"https:\/\/zsp1chojna.pl\/?p=12288\" \/>\n<meta property=\"og:locale\" content=\"pl_PL\" \/>\n<meta property=\"og:type\" content=\"article\" \/>\n<meta property=\"og:title\" content=\"12-14.11.2024 r. Wycieczka\u00a0BS I st.\u00a0do Krakowa w ramach przedsi\u0119wzi\u0119cia ,,Podr\u00f3\u017ce z klas\u0105\u201d - ZSP w Chojnie\" \/>\n<meta property=\"og:description\" content=\"Nale\u017cy podr\u00f3\u017cowa\u0107, by si\u0119 czego\u015b nauczy\u0107.Mark Twain W dniach od 12 do 14 listopada 2024 r., uczniowie Bran\u017cowej Szko\u0142y I stopnia Zespo\u0142u Szk\u00f3\u0142 Ponadpodstawowych w Chojnie, udali si\u0119 na trzydniow\u0105 [&hellip;]\" \/>\n<meta property=\"og:url\" content=\"https:\/\/zsp1chojna.pl\/?p=12288\" \/>\n<meta property=\"og:site_name\" content=\"ZSP w Chojnie\" \/>\n<meta property=\"article:published_time\" content=\"2024-11-14T14:42:07+00:00\" \/>\n<meta property=\"article:modified_time\" content=\"2024-12-31T14:48:43+00:00\" \/>\n<meta property=\"og:image\" content=\"https:\/\/zsp1chojna.pl\/wp-content\/uploads\/2024\/12\/podroze-z-klasa-3-5.jpg\" \/>\n\t<meta property=\"og:image:width\" content=\"800\" \/>\n\t<meta property=\"og:image:height\" content=\"600\" \/>\n\t<meta property=\"og:image:type\" content=\"image\/jpeg\" \/>\n<meta name=\"author\" content=\"admin\" \/>\n<meta name=\"twitter:card\" content=\"summary_large_image\" \/>\n<meta name=\"twitter:label1\" content=\"Napisane przez\" \/>\n\t<meta name=\"twitter:data1\" content=\"admin\" \/>\n\t<meta name=\"twitter:label2\" content=\"Szacowany czas czytania\" \/>\n\t<meta name=\"twitter:data2\" content=\"5 minut\" \/>\n<script type=\"application\/ld+json\" class=\"yoast-schema-graph\">{\"@context\":\"https:\/\/schema.org\",\"@graph\":[{\"@type\":\"Article\",\"@id\":\"https:\/\/zsp1chojna.pl\/?p=12288#article\",\"isPartOf\":{\"@id\":\"https:\/\/zsp1chojna.pl\/?p=12288\"},\"author\":{\"name\":\"admin\",\"@id\":\"https:\/\/zsp1chojna.pl\/#\/schema\/person\/fe8d6c03379c9cface386de0c172e127\"},\"headline\":\"12-14.11.2024 r. Wycieczka\u00a0BS I st.\u00a0do Krakowa w ramach przedsi\u0119wzi\u0119cia ,,Podr\u00f3\u017ce z klas\u0105\u201d\",\"datePublished\":\"2024-11-14T14:42:07+00:00\",\"dateModified\":\"2024-12-31T14:48:43+00:00\",\"mainEntityOfPage\":{\"@id\":\"https:\/\/zsp1chojna.pl\/?p=12288\"},\"wordCount\":687,\"commentCount\":0,\"publisher\":{\"@id\":\"https:\/\/zsp1chojna.pl\/#organization\"},\"articleSection\":[\"Aktualno\u015bci 2024\/2025\"],\"inLanguage\":\"pl-PL\",\"potentialAction\":[{\"@type\":\"CommentAction\",\"name\":\"Comment\",\"target\":[\"https:\/\/zsp1chojna.pl\/?p=12288#respond\"]}]},{\"@type\":\"WebPage\",\"@id\":\"https:\/\/zsp1chojna.pl\/?p=12288\",\"url\":\"https:\/\/zsp1chojna.pl\/?p=12288\",\"name\":\"12-14.11.2024 r. Wycieczka\u00a0BS I st.\u00a0do Krakowa w ramach przedsi\u0119wzi\u0119cia ,,Podr\u00f3\u017ce z klas\u0105\u201d - ZSP w Chojnie\",\"isPartOf\":{\"@id\":\"https:\/\/zsp1chojna.pl\/#website\"},\"datePublished\":\"2024-11-14T14:42:07+00:00\",\"dateModified\":\"2024-12-31T14:48:43+00:00\",\"breadcrumb\":{\"@id\":\"https:\/\/zsp1chojna.pl\/?p=12288#breadcrumb\"},\"inLanguage\":\"pl-PL\",\"potentialAction\":[{\"@type\":\"ReadAction\",\"target\":[\"https:\/\/zsp1chojna.pl\/?p=12288\"]}]},{\"@type\":\"BreadcrumbList\",\"@id\":\"https:\/\/zsp1chojna.pl\/?p=12288#breadcrumb\",\"itemListElement\":[{\"@type\":\"ListItem\",\"position\":1,\"name\":\"Home\",\"item\":\"https:\/\/zsp1chojna.pl\/\"},{\"@type\":\"ListItem\",\"position\":2,\"name\":\"12-14.11.2024 r. Wycieczka\u00a0BS I st.\u00a0do Krakowa w ramach przedsi\u0119wzi\u0119cia ,,Podr\u00f3\u017ce z klas\u0105\u201d\"}]},{\"@type\":\"WebSite\",\"@id\":\"https:\/\/zsp1chojna.pl\/#website\",\"url\":\"https:\/\/zsp1chojna.pl\/\",\"name\":\"ZSP w Chojnie\",\"description\":\"\",\"publisher\":{\"@id\":\"https:\/\/zsp1chojna.pl\/#organization\"},\"potentialAction\":[{\"@type\":\"SearchAction\",\"target\":{\"@type\":\"EntryPoint\",\"urlTemplate\":\"https:\/\/zsp1chojna.pl\/?s={search_term_string}\"},\"query-input\":\"required name=search_term_string\"}],\"inLanguage\":\"pl-PL\"},{\"@type\":\"Organization\",\"@id\":\"https:\/\/zsp1chojna.pl\/#organization\",\"name\":\"ZSP w Chojnie\",\"url\":\"https:\/\/zsp1chojna.pl\/\",\"logo\":{\"@type\":\"ImageObject\",\"inLanguage\":\"pl-PL\",\"@id\":\"https:\/\/zsp1chojna.pl\/#\/schema\/logo\/image\/\",\"url\":\"https:\/\/zsp1chojna.pl\/wp-content\/uploads\/2023\/08\/cropped-cropped-cropped-Logo-biale-napis-na-3-wiersze_504-1.png\",\"contentUrl\":\"https:\/\/zsp1chojna.pl\/wp-content\/uploads\/2023\/08\/cropped-cropped-cropped-Logo-biale-napis-na-3-wiersze_504-1.png\",\"width\":504,\"height\":167,\"caption\":\"ZSP w Chojnie\"},\"image\":{\"@id\":\"https:\/\/zsp1chojna.pl\/#\/schema\/logo\/image\/\"}},{\"@type\":\"Person\",\"@id\":\"https:\/\/zsp1chojna.pl\/#\/schema\/person\/fe8d6c03379c9cface386de0c172e127\",\"name\":\"admin\",\"image\":{\"@type\":\"ImageObject\",\"inLanguage\":\"pl-PL\",\"@id\":\"https:\/\/zsp1chojna.pl\/#\/schema\/person\/image\/\",\"url\":\"https:\/\/secure.gravatar.com\/avatar\/35d79b1d799ff9bac401976862e535bf785f4039d8313d3c00b303598a46dd4e?s=96&d=mm&r=g\",\"contentUrl\":\"https:\/\/secure.gravatar.com\/avatar\/35d79b1d799ff9bac401976862e535bf785f4039d8313d3c00b303598a46dd4e?s=96&d=mm&r=g\",\"caption\":\"admin\"},\"sameAs\":[\"http:\/\/nowazspchojna.pl\"],\"url\":\"https:\/\/zsp1chojna.pl\/?author=1\"}]}<\/script>\n<!-- \/ Yoast SEO plugin. -->","yoast_head_json":{"title":"12-14.11.2024 r. Wycieczka\u00a0BS I st.\u00a0do Krakowa w ramach przedsi\u0119wzi\u0119cia ,,Podr\u00f3\u017ce z klas\u0105\u201d - ZSP w Chojnie","robots":{"index":"index","follow":"follow","max-snippet":"max-snippet:-1","max-image-preview":"max-image-preview:large","max-video-preview":"max-video-preview:-1"},"canonical":"https:\/\/zsp1chojna.pl\/?p=12288","og_locale":"pl_PL","og_type":"article","og_title":"12-14.11.2024 r. Wycieczka\u00a0BS I st.\u00a0do Krakowa w ramach przedsi\u0119wzi\u0119cia ,,Podr\u00f3\u017ce z klas\u0105\u201d - ZSP w Chojnie","og_description":"Nale\u017cy podr\u00f3\u017cowa\u0107, by si\u0119 czego\u015b nauczy\u0107.Mark Twain W dniach od 12 do 14 listopada 2024 r., uczniowie Bran\u017cowej Szko\u0142y I stopnia Zespo\u0142u Szk\u00f3\u0142 Ponadpodstawowych w Chojnie, udali si\u0119 na trzydniow\u0105 [&hellip;]","og_url":"https:\/\/zsp1chojna.pl\/?p=12288","og_site_name":"ZSP w Chojnie","article_published_time":"2024-11-14T14:42:07+00:00","article_modified_time":"2024-12-31T14:48:43+00:00","og_image":[{"width":800,"height":600,"url":"https:\/\/zsp1chojna.pl\/wp-content\/uploads\/2024\/12\/podroze-z-klasa-3-5.jpg","type":"image\/jpeg"}],"author":"admin","twitter_card":"summary_large_image","twitter_misc":{"Napisane przez":"admin","Szacowany czas czytania":"5 minut"},"schema":{"@context":"https:\/\/schema.org","@graph":[{"@type":"Article","@id":"https:\/\/zsp1chojna.pl\/?p=12288#article","isPartOf":{"@id":"https:\/\/zsp1chojna.pl\/?p=12288"},"author":{"name":"admin","@id":"https:\/\/zsp1chojna.pl\/#\/schema\/person\/fe8d6c03379c9cface386de0c172e127"},"headline":"12-14.11.2024 r. Wycieczka\u00a0BS I st.\u00a0do Krakowa w ramach przedsi\u0119wzi\u0119cia ,,Podr\u00f3\u017ce z klas\u0105\u201d","datePublished":"2024-11-14T14:42:07+00:00","dateModified":"2024-12-31T14:48:43+00:00","mainEntityOfPage":{"@id":"https:\/\/zsp1chojna.pl\/?p=12288"},"wordCount":687,"commentCount":0,"publisher":{"@id":"https:\/\/zsp1chojna.pl\/#organization"},"articleSection":["Aktualno\u015bci 2024\/2025"],"inLanguage":"pl-PL","potentialAction":[{"@type":"CommentAction","name":"Comment","target":["https:\/\/zsp1chojna.pl\/?p=12288#respond"]}]},{"@type":"WebPage","@id":"https:\/\/zsp1chojna.pl\/?p=12288","url":"https:\/\/zsp1chojna.pl\/?p=12288","name":"12-14.11.2024 r. Wycieczka\u00a0BS I st.\u00a0do Krakowa w ramach przedsi\u0119wzi\u0119cia ,,Podr\u00f3\u017ce z klas\u0105\u201d - ZSP w Chojnie","isPartOf":{"@id":"https:\/\/zsp1chojna.pl\/#website"},"datePublished":"2024-11-14T14:42:07+00:00","dateModified":"2024-12-31T14:48:43+00:00","breadcrumb":{"@id":"https:\/\/zsp1chojna.pl\/?p=12288#breadcrumb"},"inLanguage":"pl-PL","potentialAction":[{"@type":"ReadAction","target":["https:\/\/zsp1chojna.pl\/?p=12288"]}]},{"@type":"BreadcrumbList","@id":"https:\/\/zsp1chojna.pl\/?p=12288#breadcrumb","itemListElement":[{"@type":"ListItem","position":1,"name":"Home","item":"https:\/\/zsp1chojna.pl\/"},{"@type":"ListItem","position":2,"name":"12-14.11.2024 r. Wycieczka\u00a0BS I st.\u00a0do Krakowa w ramach przedsi\u0119wzi\u0119cia ,,Podr\u00f3\u017ce z klas\u0105\u201d"}]},{"@type":"WebSite","@id":"https:\/\/zsp1chojna.pl\/#website","url":"https:\/\/zsp1chojna.pl\/","name":"ZSP w Chojnie","description":"","publisher":{"@id":"https:\/\/zsp1chojna.pl\/#organization"},"potentialAction":[{"@type":"SearchAction","target":{"@type":"EntryPoint","urlTemplate":"https:\/\/zsp1chojna.pl\/?s={search_term_string}"},"query-input":"required name=search_term_string"}],"inLanguage":"pl-PL"},{"@type":"Organization","@id":"https:\/\/zsp1chojna.pl\/#organization","name":"ZSP w Chojnie","url":"https:\/\/zsp1chojna.pl\/","logo":{"@type":"ImageObject","inLanguage":"pl-PL","@id":"https:\/\/zsp1chojna.pl\/#\/schema\/logo\/image\/","url":"https:\/\/zsp1chojna.pl\/wp-content\/uploads\/2023\/08\/cropped-cropped-cropped-Logo-biale-napis-na-3-wiersze_504-1.png","contentUrl":"https:\/\/zsp1chojna.pl\/wp-content\/uploads\/2023\/08\/cropped-cropped-cropped-Logo-biale-napis-na-3-wiersze_504-1.png","width":504,"height":167,"caption":"ZSP w Chojnie"},"image":{"@id":"https:\/\/zsp1chojna.pl\/#\/schema\/logo\/image\/"}},{"@type":"Person","@id":"https:\/\/zsp1chojna.pl\/#\/schema\/person\/fe8d6c03379c9cface386de0c172e127","name":"admin","image":{"@type":"ImageObject","inLanguage":"pl-PL","@id":"https:\/\/zsp1chojna.pl\/#\/schema\/person\/image\/","url":"https:\/\/secure.gravatar.com\/avatar\/35d79b1d799ff9bac401976862e535bf785f4039d8313d3c00b303598a46dd4e?s=96&d=mm&r=g","contentUrl":"https:\/\/secure.gravatar.com\/avatar\/35d79b1d799ff9bac401976862e535bf785f4039d8313d3c00b303598a46dd4e?s=96&d=mm&r=g","caption":"admin"},"sameAs":["http:\/\/nowazspchojna.pl"],"url":"https:\/\/zsp1chojna.pl\/?author=1"}]}},"jetpack_featured_media_url":"https:\/\/zsp1chojna.pl\/wp-content\/uploads\/2024\/12\/podroze-z-klasa-3-5.jpg","_links":{"self":[{"href":"https:\/\/zsp1chojna.pl\/index.php?rest_route=\/wp\/v2\/posts\/12288","targetHints":{"allow":["GET"]}}],"collection":[{"href":"https:\/\/zsp1chojna.pl\/index.php?rest_route=\/wp\/v2\/posts"}],"about":[{"href":"https:\/\/zsp1chojna.pl\/index.php?rest_route=\/wp\/v2\/types\/post"}],"author":[{"embeddable":true,"href":"https:\/\/zsp1chojna.pl\/index.php?rest_route=\/wp\/v2\/users\/1"}],"replies":[{"embeddable":true,"href":"https:\/\/zsp1chojna.pl\/index.php?rest_route=%2Fwp%2Fv2%2Fcomments&post=12288"}],"version-history":[{"count":2,"href":"https:\/\/zsp1chojna.pl\/index.php?rest_route=\/wp\/v2\/posts\/12288\/revisions"}],"predecessor-version":[{"id":12296,"href":"https:\/\/zsp1chojna.pl\/index.php?rest_route=\/wp\/v2\/posts\/12288\/revisions\/12296"}],"wp:featuredmedia":[{"embeddable":true,"href":"https:\/\/zsp1chojna.pl\/index.php?rest_route=\/wp\/v2\/media\/12294"}],"wp:attachment":[{"href":"https:\/\/zsp1chojna.pl\/index.php?rest_route=%2Fwp%2Fv2%2Fmedia&parent=12288"}],"wp:term":[{"taxonomy":"category","embeddable":true,"href":"https:\/\/zsp1chojna.pl\/index.php?rest_route=%2Fwp%2Fv2%2Fcategories&post=12288"},{"taxonomy":"post_tag","embeddable":true,"href":"https:\/\/zsp1chojna.pl\/index.php?rest_route=%2Fwp%2Fv2%2Ftags&post=12288"}],"curies":[{"name":"wp","href":"https:\/\/api.w.org\/{rel}","templated":true}]}}