{"id":11743,"date":"2024-06-24T08:57:00","date_gmt":"2024-06-24T06:57:00","guid":{"rendered":"https:\/\/zsp1chojna.pl\/?p=11743"},"modified":"2024-11-27T09:53:24","modified_gmt":"2024-11-27T08:53:24","slug":"24-28-06-2024-r-projekt-moj-zawod-moja-przyszlosc-program-erasmus","status":"publish","type":"post","link":"https:\/\/zsp1chojna.pl\/?p=11743","title":{"rendered":"24-28.06.2024 r.\u00a0Projekt\u00a0\u201eM\u00f3j zaw\u00f3d, moja przysz\u0142o\u015b\u0107\u201d program Erasmus+"},"content":{"rendered":"<div class=\"wp-block-image\">\n<figure class=\"aligncenter size-full\"><img loading=\"lazy\" decoding=\"async\" width=\"752\" height=\"72\" data-attachment-id=\"11744\" data-permalink=\"https:\/\/zsp1chojna.pl\/?attachment_id=11744\" data-orig-file=\"https:\/\/zsp1chojna.pl\/wp-content\/uploads\/2024\/11\/logo-douzelage-ue.png\" data-orig-size=\"752,72\" data-comments-opened=\"1\" data-image-meta=\"{&quot;aperture&quot;:&quot;0&quot;,&quot;credit&quot;:&quot;&quot;,&quot;camera&quot;:&quot;&quot;,&quot;caption&quot;:&quot;&quot;,&quot;created_timestamp&quot;:&quot;0&quot;,&quot;copyright&quot;:&quot;&quot;,&quot;focal_length&quot;:&quot;0&quot;,&quot;iso&quot;:&quot;0&quot;,&quot;shutter_speed&quot;:&quot;0&quot;,&quot;title&quot;:&quot;&quot;,&quot;orientation&quot;:&quot;0&quot;}\" data-image-title=\"logo-douzelage-ue\" data-image-description=\"\" data-image-caption=\"\" data-medium-file=\"https:\/\/zsp1chojna.pl\/wp-content\/uploads\/2024\/11\/logo-douzelage-ue-300x29.png\" data-large-file=\"https:\/\/zsp1chojna.pl\/wp-content\/uploads\/2024\/11\/logo-douzelage-ue.png\" src=\"https:\/\/zsp1chojna.pl\/wp-content\/uploads\/2024\/11\/logo-douzelage-ue.png\" alt=\"\" class=\"wp-image-11744\" srcset=\"https:\/\/zsp1chojna.pl\/wp-content\/uploads\/2024\/11\/logo-douzelage-ue.png 752w, https:\/\/zsp1chojna.pl\/wp-content\/uploads\/2024\/11\/logo-douzelage-ue-300x29.png 300w, https:\/\/zsp1chojna.pl\/wp-content\/uploads\/2024\/11\/logo-douzelage-ue-624x60.png 624w\" sizes=\"auto, (max-width: 752px) 100vw, 752px\" \/><\/figure>\n<\/div>\n\n\n<p class=\"has-text-align-justify\">W dniach od 24 do 28 czerwca 2024 r., Stowarzyszenie Douzelage w Chojnie, we&nbsp;wsp\u00f3\u0142pracy z Zespo\u0142em Szk\u00f3\u0142 Ponadpodstawowych w Chojnie, realizowa\u0142o projekt \u201eM\u00f3j zaw\u00f3d, moja przysz\u0142o\u015b\u0107\u201d<strong> <\/strong>zprogramu Erasmus+, kt\u00f3ry by\u0142 inicjatyw\u0105 maj\u0105c\u0105 na celu wsparcie m\u0142odych ludzi w przygotowaniach do aktywnego uczestnictwa na rynku pracy. Celem projektu by\u0142o rozwijanie umiej\u0119tno\u015bci niezb\u0119dnych do poszukiwania pracy, lepsze zrozumienie swoich predyspozycji zawodowych oraz zdobycie wiedzy na temat zak\u0142adania w\u0142asnej dzia\u0142alno\u015bci gospodarczej. Projekt realizowany by\u0142 w ramach wsp\u00f3\u0142pracy mi\u0119dzynarodowej z organizacjami partnerskimi z W\u0119gier, Rumunii i Turcji, kt\u00f3re wspieraj\u0105 uczestnik\u00f3w w r\u00f3\u017cnych aspektach rozwoju zawodowego.<\/p>\n\n\n<div class=\"wp-block-image\">\n<figure class=\"aligncenter size-full\"><img loading=\"lazy\" decoding=\"async\" width=\"800\" height=\"530\" data-attachment-id=\"11745\" data-permalink=\"https:\/\/zsp1chojna.pl\/?attachment_id=11745\" data-orig-file=\"https:\/\/zsp1chojna.pl\/wp-content\/uploads\/2024\/11\/moj-zawod-moja-przyszlosc2024-1.jpg\" data-orig-size=\"800,530\" data-comments-opened=\"1\" data-image-meta=\"{&quot;aperture&quot;:&quot;0&quot;,&quot;credit&quot;:&quot;&quot;,&quot;camera&quot;:&quot;&quot;,&quot;caption&quot;:&quot;&quot;,&quot;created_timestamp&quot;:&quot;0&quot;,&quot;copyright&quot;:&quot;&quot;,&quot;focal_length&quot;:&quot;0&quot;,&quot;iso&quot;:&quot;0&quot;,&quot;shutter_speed&quot;:&quot;0&quot;,&quot;title&quot;:&quot;&quot;,&quot;orientation&quot;:&quot;0&quot;}\" data-image-title=\"moj-zawod-moja-przyszlosc2024 (1)\" data-image-description=\"\" data-image-caption=\"\" data-medium-file=\"https:\/\/zsp1chojna.pl\/wp-content\/uploads\/2024\/11\/moj-zawod-moja-przyszlosc2024-1-300x199.jpg\" data-large-file=\"https:\/\/zsp1chojna.pl\/wp-content\/uploads\/2024\/11\/moj-zawod-moja-przyszlosc2024-1.jpg\" src=\"https:\/\/zsp1chojna.pl\/wp-content\/uploads\/2024\/11\/moj-zawod-moja-przyszlosc2024-1.jpg\" alt=\"\" class=\"wp-image-11745\" srcset=\"https:\/\/zsp1chojna.pl\/wp-content\/uploads\/2024\/11\/moj-zawod-moja-przyszlosc2024-1.jpg 800w, https:\/\/zsp1chojna.pl\/wp-content\/uploads\/2024\/11\/moj-zawod-moja-przyszlosc2024-1-300x199.jpg 300w, https:\/\/zsp1chojna.pl\/wp-content\/uploads\/2024\/11\/moj-zawod-moja-przyszlosc2024-1-768x509.jpg 768w, https:\/\/zsp1chojna.pl\/wp-content\/uploads\/2024\/11\/moj-zawod-moja-przyszlosc2024-1-624x413.jpg 624w, https:\/\/zsp1chojna.pl\/wp-content\/uploads\/2024\/11\/moj-zawod-moja-przyszlosc2024-1-84x56.jpg 84w\" sizes=\"auto, (max-width: 800px) 100vw, 800px\" \/><\/figure>\n<\/div>\n\n\n<p>Projekt realizowany by\u0142 we wsp\u00f3\u0142pracy z trzema organizacjami partnerskimi:<br>1. Koszegi Testvervarosi Egyesulet (W\u0119gry)<br>2. Asociatia Douzelage Siret (Rumunia),<br>3. Cesitlilik Icinde Birliktelik Dernegi (Turcja).<\/p>\n\n\n<div class=\"wp-block-image\">\n<figure class=\"aligncenter size-full\"><img loading=\"lazy\" decoding=\"async\" width=\"800\" height=\"530\" data-attachment-id=\"11746\" data-permalink=\"https:\/\/zsp1chojna.pl\/?attachment_id=11746\" data-orig-file=\"https:\/\/zsp1chojna.pl\/wp-content\/uploads\/2024\/11\/moj-zawod-moja-przyszlosc2024-2.jpg\" data-orig-size=\"800,530\" data-comments-opened=\"1\" data-image-meta=\"{&quot;aperture&quot;:&quot;0&quot;,&quot;credit&quot;:&quot;&quot;,&quot;camera&quot;:&quot;&quot;,&quot;caption&quot;:&quot;&quot;,&quot;created_timestamp&quot;:&quot;0&quot;,&quot;copyright&quot;:&quot;&quot;,&quot;focal_length&quot;:&quot;0&quot;,&quot;iso&quot;:&quot;0&quot;,&quot;shutter_speed&quot;:&quot;0&quot;,&quot;title&quot;:&quot;&quot;,&quot;orientation&quot;:&quot;0&quot;}\" data-image-title=\"moj-zawod-moja-przyszlosc2024 (2)\" data-image-description=\"\" data-image-caption=\"\" data-medium-file=\"https:\/\/zsp1chojna.pl\/wp-content\/uploads\/2024\/11\/moj-zawod-moja-przyszlosc2024-2-300x199.jpg\" data-large-file=\"https:\/\/zsp1chojna.pl\/wp-content\/uploads\/2024\/11\/moj-zawod-moja-przyszlosc2024-2.jpg\" src=\"https:\/\/zsp1chojna.pl\/wp-content\/uploads\/2024\/11\/moj-zawod-moja-przyszlosc2024-2.jpg\" alt=\"\" class=\"wp-image-11746\" srcset=\"https:\/\/zsp1chojna.pl\/wp-content\/uploads\/2024\/11\/moj-zawod-moja-przyszlosc2024-2.jpg 800w, https:\/\/zsp1chojna.pl\/wp-content\/uploads\/2024\/11\/moj-zawod-moja-przyszlosc2024-2-300x199.jpg 300w, https:\/\/zsp1chojna.pl\/wp-content\/uploads\/2024\/11\/moj-zawod-moja-przyszlosc2024-2-768x509.jpg 768w, https:\/\/zsp1chojna.pl\/wp-content\/uploads\/2024\/11\/moj-zawod-moja-przyszlosc2024-2-624x413.jpg 624w, https:\/\/zsp1chojna.pl\/wp-content\/uploads\/2024\/11\/moj-zawod-moja-przyszlosc2024-2-84x56.jpg 84w\" sizes=\"auto, (max-width: 800px) 100vw, 800px\" \/><\/figure>\n<\/div>\n\n\n<p class=\"has-text-align-justify\">Ka\u017cdy z partner\u00f3w odpowiada\u0142 za realizacj\u0119 okre\u015blonych zada\u0144 w projekcie. Organizacje partnerskie wsp\u00f3\u0142pracowa\u0142y ze sob\u0105, aby wspiera\u0107 m\u0142odych ludzi w zdobywaniu nowych umiej\u0119tno\u015bci oraz promowa\u0107 aktywno\u015b\u0107 zawodow\u0105 i przedsi\u0119biorczo\u015b\u0107.<\/p>\n\n\n<div class=\"wp-block-image\">\n<figure class=\"aligncenter size-full\"><img loading=\"lazy\" decoding=\"async\" width=\"800\" height=\"530\" data-attachment-id=\"11747\" data-permalink=\"https:\/\/zsp1chojna.pl\/?attachment_id=11747\" data-orig-file=\"https:\/\/zsp1chojna.pl\/wp-content\/uploads\/2024\/11\/moj-zawod-moja-przyszlosc2024-3.jpg\" data-orig-size=\"800,530\" data-comments-opened=\"1\" data-image-meta=\"{&quot;aperture&quot;:&quot;0&quot;,&quot;credit&quot;:&quot;&quot;,&quot;camera&quot;:&quot;&quot;,&quot;caption&quot;:&quot;&quot;,&quot;created_timestamp&quot;:&quot;0&quot;,&quot;copyright&quot;:&quot;&quot;,&quot;focal_length&quot;:&quot;0&quot;,&quot;iso&quot;:&quot;0&quot;,&quot;shutter_speed&quot;:&quot;0&quot;,&quot;title&quot;:&quot;&quot;,&quot;orientation&quot;:&quot;0&quot;}\" data-image-title=\"moj-zawod-moja-przyszlosc2024 (3)\" data-image-description=\"\" data-image-caption=\"\" data-medium-file=\"https:\/\/zsp1chojna.pl\/wp-content\/uploads\/2024\/11\/moj-zawod-moja-przyszlosc2024-3-300x199.jpg\" data-large-file=\"https:\/\/zsp1chojna.pl\/wp-content\/uploads\/2024\/11\/moj-zawod-moja-przyszlosc2024-3.jpg\" src=\"https:\/\/zsp1chojna.pl\/wp-content\/uploads\/2024\/11\/moj-zawod-moja-przyszlosc2024-3.jpg\" alt=\"\" class=\"wp-image-11747\" srcset=\"https:\/\/zsp1chojna.pl\/wp-content\/uploads\/2024\/11\/moj-zawod-moja-przyszlosc2024-3.jpg 800w, https:\/\/zsp1chojna.pl\/wp-content\/uploads\/2024\/11\/moj-zawod-moja-przyszlosc2024-3-300x199.jpg 300w, https:\/\/zsp1chojna.pl\/wp-content\/uploads\/2024\/11\/moj-zawod-moja-przyszlosc2024-3-768x509.jpg 768w, https:\/\/zsp1chojna.pl\/wp-content\/uploads\/2024\/11\/moj-zawod-moja-przyszlosc2024-3-624x413.jpg 624w, https:\/\/zsp1chojna.pl\/wp-content\/uploads\/2024\/11\/moj-zawod-moja-przyszlosc2024-3-84x56.jpg 84w\" sizes=\"auto, (max-width: 800px) 100vw, 800px\" \/><\/figure>\n<\/div>\n\n\n<p class=\"has-text-align-justify\">Projekt \u201eM\u00f3j zaw\u00f3d, moja przysz\u0142o\u015b\u0107\u201d, okaza\u0142 si\u0119 bardzo warto\u015bciowy dla uczestnik\u00f3w, kt\u00f3rzy zyskali nie tylko praktyczne umiej\u0119tno\u015bci, ale tak\u017ce motywacj\u0119 do&nbsp;aktywnego uczestnictwa na rynku pracy i rozwoju w\u0142asnej kariery zawodowej. Wsp\u00f3\u0142praca mi\u0119dzynarodowa umo\u017cliwi\u0142a wymian\u0119 do\u015bwiadcze\u0144 i nawi\u0105zanie kontakt\u00f3w mi\u0119dzy m\u0142odymi lud\u017ami z r\u00f3\u017cnych kraj\u00f3w, co ma istotne znaczenie w kontek\u015bcie integracji europejskiej.<\/p>\n\n\n<div class=\"wp-block-image\">\n<figure class=\"aligncenter size-full\"><img loading=\"lazy\" decoding=\"async\" width=\"800\" height=\"530\" data-attachment-id=\"11748\" data-permalink=\"https:\/\/zsp1chojna.pl\/?attachment_id=11748\" data-orig-file=\"https:\/\/zsp1chojna.pl\/wp-content\/uploads\/2024\/11\/moj-zawod-moja-przyszlosc2024-4.jpg\" data-orig-size=\"800,530\" data-comments-opened=\"1\" data-image-meta=\"{&quot;aperture&quot;:&quot;0&quot;,&quot;credit&quot;:&quot;&quot;,&quot;camera&quot;:&quot;&quot;,&quot;caption&quot;:&quot;&quot;,&quot;created_timestamp&quot;:&quot;0&quot;,&quot;copyright&quot;:&quot;&quot;,&quot;focal_length&quot;:&quot;0&quot;,&quot;iso&quot;:&quot;0&quot;,&quot;shutter_speed&quot;:&quot;0&quot;,&quot;title&quot;:&quot;&quot;,&quot;orientation&quot;:&quot;0&quot;}\" data-image-title=\"moj-zawod-moja-przyszlosc2024 (4)\" data-image-description=\"\" data-image-caption=\"\" data-medium-file=\"https:\/\/zsp1chojna.pl\/wp-content\/uploads\/2024\/11\/moj-zawod-moja-przyszlosc2024-4-300x199.jpg\" data-large-file=\"https:\/\/zsp1chojna.pl\/wp-content\/uploads\/2024\/11\/moj-zawod-moja-przyszlosc2024-4.jpg\" src=\"https:\/\/zsp1chojna.pl\/wp-content\/uploads\/2024\/11\/moj-zawod-moja-przyszlosc2024-4.jpg\" alt=\"\" class=\"wp-image-11748\" srcset=\"https:\/\/zsp1chojna.pl\/wp-content\/uploads\/2024\/11\/moj-zawod-moja-przyszlosc2024-4.jpg 800w, https:\/\/zsp1chojna.pl\/wp-content\/uploads\/2024\/11\/moj-zawod-moja-przyszlosc2024-4-300x199.jpg 300w, https:\/\/zsp1chojna.pl\/wp-content\/uploads\/2024\/11\/moj-zawod-moja-przyszlosc2024-4-768x509.jpg 768w, https:\/\/zsp1chojna.pl\/wp-content\/uploads\/2024\/11\/moj-zawod-moja-przyszlosc2024-4-624x413.jpg 624w, https:\/\/zsp1chojna.pl\/wp-content\/uploads\/2024\/11\/moj-zawod-moja-przyszlosc2024-4-84x56.jpg 84w\" sizes=\"auto, (max-width: 800px) 100vw, 800px\" \/><\/figure>\n<\/div>\n\n\n<p>Z perspektywy realizator\u00f3w projektu, wa\u017cnym wnioskiem jest potrzeba dalszego rozwijania program\u00f3w wspieraj\u0105cych m\u0142odzie\u017c w zakresie przedsi\u0119biorczo\u015bci i aktywno\u015bci zawodowej, szczeg\u00f3lnie w kontek\u015bcie zmieniaj\u0105cego si\u0119 rynku pracy. Projekt wykaza\u0142, \u017ce&nbsp;m\u0142odzie\u017c potrzebuje nie tylko informacji, ale tak\u017ce praktycznego wsparcia w procesie wchodzenia na rynek pracy.<\/p>\n\n\n<div class=\"wp-block-image\">\n<figure class=\"aligncenter size-full\"><img loading=\"lazy\" decoding=\"async\" width=\"800\" height=\"530\" data-attachment-id=\"11750\" data-permalink=\"https:\/\/zsp1chojna.pl\/?attachment_id=11750\" data-orig-file=\"https:\/\/zsp1chojna.pl\/wp-content\/uploads\/2024\/11\/moj-zawod-moja-przyszlosc2024-5.png\" data-orig-size=\"800,530\" data-comments-opened=\"1\" data-image-meta=\"{&quot;aperture&quot;:&quot;0&quot;,&quot;credit&quot;:&quot;&quot;,&quot;camera&quot;:&quot;&quot;,&quot;caption&quot;:&quot;&quot;,&quot;created_timestamp&quot;:&quot;0&quot;,&quot;copyright&quot;:&quot;&quot;,&quot;focal_length&quot;:&quot;0&quot;,&quot;iso&quot;:&quot;0&quot;,&quot;shutter_speed&quot;:&quot;0&quot;,&quot;title&quot;:&quot;&quot;,&quot;orientation&quot;:&quot;0&quot;}\" data-image-title=\"moj-zawod-moja-przyszlosc2024 (5)\" data-image-description=\"\" data-image-caption=\"\" data-medium-file=\"https:\/\/zsp1chojna.pl\/wp-content\/uploads\/2024\/11\/moj-zawod-moja-przyszlosc2024-5-300x199.png\" data-large-file=\"https:\/\/zsp1chojna.pl\/wp-content\/uploads\/2024\/11\/moj-zawod-moja-przyszlosc2024-5.png\" src=\"https:\/\/zsp1chojna.pl\/wp-content\/uploads\/2024\/11\/moj-zawod-moja-przyszlosc2024-5.png\" alt=\"\" class=\"wp-image-11750\" srcset=\"https:\/\/zsp1chojna.pl\/wp-content\/uploads\/2024\/11\/moj-zawod-moja-przyszlosc2024-5.png 800w, https:\/\/zsp1chojna.pl\/wp-content\/uploads\/2024\/11\/moj-zawod-moja-przyszlosc2024-5-300x199.png 300w, https:\/\/zsp1chojna.pl\/wp-content\/uploads\/2024\/11\/moj-zawod-moja-przyszlosc2024-5-768x509.png 768w, https:\/\/zsp1chojna.pl\/wp-content\/uploads\/2024\/11\/moj-zawod-moja-przyszlosc2024-5-624x413.png 624w, https:\/\/zsp1chojna.pl\/wp-content\/uploads\/2024\/11\/moj-zawod-moja-przyszlosc2024-5-84x56.png 84w\" sizes=\"auto, (max-width: 800px) 100vw, 800px\" \/><\/figure>\n<\/div>\n\n\n<p class=\"has-text-align-right\">Aneta Balcarczyk<\/p>\n","protected":false},"excerpt":{"rendered":"<p>W dniach od 24 do 28 czerwca 2024 r., Stowarzyszenie Douzelage w Chojnie, we&nbsp;wsp\u00f3\u0142pracy z Zespo\u0142em Szk\u00f3\u0142 Ponadpodstawowych w Chojnie, realizowa\u0142o projekt \u201eM\u00f3j zaw\u00f3d, moja przysz\u0142o\u015b\u0107\u201d zprogramu Erasmus+, kt\u00f3ry by\u0142 [&hellip;]<\/p>\n","protected":false},"author":1,"featured_media":11750,"comment_status":"open","ping_status":"open","sticky":false,"template":"","format":"standard","meta":{"footnotes":""},"categories":[26],"tags":[],"class_list":["post-11743","post","type-post","status-publish","format-standard","has-post-thumbnail","hentry","category-aktualnosci-2023-2024"],"wbAuthor":{"name":"admin","link":"https:\/\/zsp1chojna.pl\/?author=1"},"wbDate":"cze 24, 2024","wbCategories":{"space":"<a href=\"https:\/\/zsp1chojna.pl\/?cat=26\" rel=\"category\">Aktualno\u015bci 2023\/2024<\/a>","coma":"<a href=\"https:\/\/zsp1chojna.pl\/?cat=26\" rel=\"category\">Aktualno\u015bci 2023\/2024<\/a>"},"wbComment":0,"yoast_head":"<!-- This site is optimized with the Yoast SEO plugin v20.13 - https:\/\/yoast.com\/wordpress\/plugins\/seo\/ -->\n<title>24-28.06.2024 r.\u00a0Projekt\u00a0\u201eM\u00f3j zaw\u00f3d, moja przysz\u0142o\u015b\u0107\u201d program Erasmus+ - ZSP w Chojnie<\/title>\n<meta name=\"robots\" content=\"index, follow, max-snippet:-1, max-image-preview:large, max-video-preview:-1\" \/>\n<link rel=\"canonical\" href=\"https:\/\/zsp1chojna.pl\/?p=11743\" \/>\n<meta property=\"og:locale\" content=\"pl_PL\" \/>\n<meta property=\"og:type\" content=\"article\" \/>\n<meta property=\"og:title\" content=\"24-28.06.2024 r.\u00a0Projekt\u00a0\u201eM\u00f3j zaw\u00f3d, moja przysz\u0142o\u015b\u0107\u201d program Erasmus+ - ZSP w Chojnie\" \/>\n<meta property=\"og:description\" content=\"W dniach od 24 do 28 czerwca 2024 r., Stowarzyszenie Douzelage w Chojnie, we&nbsp;wsp\u00f3\u0142pracy z Zespo\u0142em Szk\u00f3\u0142 Ponadpodstawowych w Chojnie, realizowa\u0142o projekt \u201eM\u00f3j zaw\u00f3d, moja przysz\u0142o\u015b\u0107\u201d zprogramu Erasmus+, kt\u00f3ry by\u0142 [&hellip;]\" \/>\n<meta property=\"og:url\" content=\"https:\/\/zsp1chojna.pl\/?p=11743\" \/>\n<meta property=\"og:site_name\" content=\"ZSP w Chojnie\" \/>\n<meta property=\"article:published_time\" content=\"2024-06-24T06:57:00+00:00\" \/>\n<meta property=\"article:modified_time\" content=\"2024-11-27T08:53:24+00:00\" \/>\n<meta property=\"og:image\" content=\"https:\/\/zsp1chojna.pl\/wp-content\/uploads\/2024\/11\/moj-zawod-moja-przyszlosc2024-5.png\" \/>\n\t<meta property=\"og:image:width\" content=\"800\" \/>\n\t<meta property=\"og:image:height\" content=\"530\" \/>\n\t<meta property=\"og:image:type\" content=\"image\/png\" \/>\n<meta name=\"author\" content=\"admin\" \/>\n<meta name=\"twitter:card\" content=\"summary_large_image\" \/>\n<meta name=\"twitter:label1\" content=\"Napisane przez\" \/>\n\t<meta name=\"twitter:data1\" content=\"admin\" \/>\n\t<meta name=\"twitter:label2\" content=\"Szacowany czas czytania\" \/>\n\t<meta name=\"twitter:data2\" content=\"3 minuty\" \/>\n<script type=\"application\/ld+json\" class=\"yoast-schema-graph\">{\"@context\":\"https:\/\/schema.org\",\"@graph\":[{\"@type\":\"Article\",\"@id\":\"https:\/\/zsp1chojna.pl\/?p=11743#article\",\"isPartOf\":{\"@id\":\"https:\/\/zsp1chojna.pl\/?p=11743\"},\"author\":{\"name\":\"admin\",\"@id\":\"https:\/\/zsp1chojna.pl\/#\/schema\/person\/fe8d6c03379c9cface386de0c172e127\"},\"headline\":\"24-28.06.2024 r.\u00a0Projekt\u00a0\u201eM\u00f3j zaw\u00f3d, moja przysz\u0142o\u015b\u0107\u201d program Erasmus+\",\"datePublished\":\"2024-06-24T06:57:00+00:00\",\"dateModified\":\"2024-11-27T08:53:24+00:00\",\"mainEntityOfPage\":{\"@id\":\"https:\/\/zsp1chojna.pl\/?p=11743\"},\"wordCount\":324,\"commentCount\":0,\"publisher\":{\"@id\":\"https:\/\/zsp1chojna.pl\/#organization\"},\"articleSection\":[\"Aktualno\u015bci 2023\/2024\"],\"inLanguage\":\"pl-PL\",\"potentialAction\":[{\"@type\":\"CommentAction\",\"name\":\"Comment\",\"target\":[\"https:\/\/zsp1chojna.pl\/?p=11743#respond\"]}]},{\"@type\":\"WebPage\",\"@id\":\"https:\/\/zsp1chojna.pl\/?p=11743\",\"url\":\"https:\/\/zsp1chojna.pl\/?p=11743\",\"name\":\"24-28.06.2024 r.\u00a0Projekt\u00a0\u201eM\u00f3j zaw\u00f3d, moja przysz\u0142o\u015b\u0107\u201d program Erasmus+ - ZSP w Chojnie\",\"isPartOf\":{\"@id\":\"https:\/\/zsp1chojna.pl\/#website\"},\"datePublished\":\"2024-06-24T06:57:00+00:00\",\"dateModified\":\"2024-11-27T08:53:24+00:00\",\"breadcrumb\":{\"@id\":\"https:\/\/zsp1chojna.pl\/?p=11743#breadcrumb\"},\"inLanguage\":\"pl-PL\",\"potentialAction\":[{\"@type\":\"ReadAction\",\"target\":[\"https:\/\/zsp1chojna.pl\/?p=11743\"]}]},{\"@type\":\"BreadcrumbList\",\"@id\":\"https:\/\/zsp1chojna.pl\/?p=11743#breadcrumb\",\"itemListElement\":[{\"@type\":\"ListItem\",\"position\":1,\"name\":\"Home\",\"item\":\"https:\/\/zsp1chojna.pl\/\"},{\"@type\":\"ListItem\",\"position\":2,\"name\":\"24-28.06.2024 r.\u00a0Projekt\u00a0\u201eM\u00f3j zaw\u00f3d, moja przysz\u0142o\u015b\u0107\u201d program Erasmus+\"}]},{\"@type\":\"WebSite\",\"@id\":\"https:\/\/zsp1chojna.pl\/#website\",\"url\":\"https:\/\/zsp1chojna.pl\/\",\"name\":\"ZSP w Chojnie\",\"description\":\"\",\"publisher\":{\"@id\":\"https:\/\/zsp1chojna.pl\/#organization\"},\"potentialAction\":[{\"@type\":\"SearchAction\",\"target\":{\"@type\":\"EntryPoint\",\"urlTemplate\":\"https:\/\/zsp1chojna.pl\/?s={search_term_string}\"},\"query-input\":\"required name=search_term_string\"}],\"inLanguage\":\"pl-PL\"},{\"@type\":\"Organization\",\"@id\":\"https:\/\/zsp1chojna.pl\/#organization\",\"name\":\"ZSP w Chojnie\",\"url\":\"https:\/\/zsp1chojna.pl\/\",\"logo\":{\"@type\":\"ImageObject\",\"inLanguage\":\"pl-PL\",\"@id\":\"https:\/\/zsp1chojna.pl\/#\/schema\/logo\/image\/\",\"url\":\"https:\/\/zsp1chojna.pl\/wp-content\/uploads\/2023\/08\/cropped-cropped-cropped-Logo-biale-napis-na-3-wiersze_504-1.png\",\"contentUrl\":\"https:\/\/zsp1chojna.pl\/wp-content\/uploads\/2023\/08\/cropped-cropped-cropped-Logo-biale-napis-na-3-wiersze_504-1.png\",\"width\":504,\"height\":167,\"caption\":\"ZSP w Chojnie\"},\"image\":{\"@id\":\"https:\/\/zsp1chojna.pl\/#\/schema\/logo\/image\/\"}},{\"@type\":\"Person\",\"@id\":\"https:\/\/zsp1chojna.pl\/#\/schema\/person\/fe8d6c03379c9cface386de0c172e127\",\"name\":\"admin\",\"image\":{\"@type\":\"ImageObject\",\"inLanguage\":\"pl-PL\",\"@id\":\"https:\/\/zsp1chojna.pl\/#\/schema\/person\/image\/\",\"url\":\"https:\/\/secure.gravatar.com\/avatar\/35d79b1d799ff9bac401976862e535bf785f4039d8313d3c00b303598a46dd4e?s=96&d=mm&r=g\",\"contentUrl\":\"https:\/\/secure.gravatar.com\/avatar\/35d79b1d799ff9bac401976862e535bf785f4039d8313d3c00b303598a46dd4e?s=96&d=mm&r=g\",\"caption\":\"admin\"},\"sameAs\":[\"http:\/\/nowazspchojna.pl\"],\"url\":\"https:\/\/zsp1chojna.pl\/?author=1\"}]}<\/script>\n<!-- \/ Yoast SEO plugin. -->","yoast_head_json":{"title":"24-28.06.2024 r.\u00a0Projekt\u00a0\u201eM\u00f3j zaw\u00f3d, moja przysz\u0142o\u015b\u0107\u201d program Erasmus+ - ZSP w Chojnie","robots":{"index":"index","follow":"follow","max-snippet":"max-snippet:-1","max-image-preview":"max-image-preview:large","max-video-preview":"max-video-preview:-1"},"canonical":"https:\/\/zsp1chojna.pl\/?p=11743","og_locale":"pl_PL","og_type":"article","og_title":"24-28.06.2024 r.\u00a0Projekt\u00a0\u201eM\u00f3j zaw\u00f3d, moja przysz\u0142o\u015b\u0107\u201d program Erasmus+ - ZSP w Chojnie","og_description":"W dniach od 24 do 28 czerwca 2024 r., Stowarzyszenie Douzelage w Chojnie, we&nbsp;wsp\u00f3\u0142pracy z Zespo\u0142em Szk\u00f3\u0142 Ponadpodstawowych w Chojnie, realizowa\u0142o projekt \u201eM\u00f3j zaw\u00f3d, moja przysz\u0142o\u015b\u0107\u201d zprogramu Erasmus+, kt\u00f3ry by\u0142 [&hellip;]","og_url":"https:\/\/zsp1chojna.pl\/?p=11743","og_site_name":"ZSP w Chojnie","article_published_time":"2024-06-24T06:57:00+00:00","article_modified_time":"2024-11-27T08:53:24+00:00","og_image":[{"width":800,"height":530,"url":"https:\/\/zsp1chojna.pl\/wp-content\/uploads\/2024\/11\/moj-zawod-moja-przyszlosc2024-5.png","type":"image\/png"}],"author":"admin","twitter_card":"summary_large_image","twitter_misc":{"Napisane przez":"admin","Szacowany czas czytania":"3 minuty"},"schema":{"@context":"https:\/\/schema.org","@graph":[{"@type":"Article","@id":"https:\/\/zsp1chojna.pl\/?p=11743#article","isPartOf":{"@id":"https:\/\/zsp1chojna.pl\/?p=11743"},"author":{"name":"admin","@id":"https:\/\/zsp1chojna.pl\/#\/schema\/person\/fe8d6c03379c9cface386de0c172e127"},"headline":"24-28.06.2024 r.\u00a0Projekt\u00a0\u201eM\u00f3j zaw\u00f3d, moja przysz\u0142o\u015b\u0107\u201d program Erasmus+","datePublished":"2024-06-24T06:57:00+00:00","dateModified":"2024-11-27T08:53:24+00:00","mainEntityOfPage":{"@id":"https:\/\/zsp1chojna.pl\/?p=11743"},"wordCount":324,"commentCount":0,"publisher":{"@id":"https:\/\/zsp1chojna.pl\/#organization"},"articleSection":["Aktualno\u015bci 2023\/2024"],"inLanguage":"pl-PL","potentialAction":[{"@type":"CommentAction","name":"Comment","target":["https:\/\/zsp1chojna.pl\/?p=11743#respond"]}]},{"@type":"WebPage","@id":"https:\/\/zsp1chojna.pl\/?p=11743","url":"https:\/\/zsp1chojna.pl\/?p=11743","name":"24-28.06.2024 r.\u00a0Projekt\u00a0\u201eM\u00f3j zaw\u00f3d, moja przysz\u0142o\u015b\u0107\u201d program Erasmus+ - ZSP w Chojnie","isPartOf":{"@id":"https:\/\/zsp1chojna.pl\/#website"},"datePublished":"2024-06-24T06:57:00+00:00","dateModified":"2024-11-27T08:53:24+00:00","breadcrumb":{"@id":"https:\/\/zsp1chojna.pl\/?p=11743#breadcrumb"},"inLanguage":"pl-PL","potentialAction":[{"@type":"ReadAction","target":["https:\/\/zsp1chojna.pl\/?p=11743"]}]},{"@type":"BreadcrumbList","@id":"https:\/\/zsp1chojna.pl\/?p=11743#breadcrumb","itemListElement":[{"@type":"ListItem","position":1,"name":"Home","item":"https:\/\/zsp1chojna.pl\/"},{"@type":"ListItem","position":2,"name":"24-28.06.2024 r.\u00a0Projekt\u00a0\u201eM\u00f3j zaw\u00f3d, moja przysz\u0142o\u015b\u0107\u201d program Erasmus+"}]},{"@type":"WebSite","@id":"https:\/\/zsp1chojna.pl\/#website","url":"https:\/\/zsp1chojna.pl\/","name":"ZSP w Chojnie","description":"","publisher":{"@id":"https:\/\/zsp1chojna.pl\/#organization"},"potentialAction":[{"@type":"SearchAction","target":{"@type":"EntryPoint","urlTemplate":"https:\/\/zsp1chojna.pl\/?s={search_term_string}"},"query-input":"required name=search_term_string"}],"inLanguage":"pl-PL"},{"@type":"Organization","@id":"https:\/\/zsp1chojna.pl\/#organization","name":"ZSP w Chojnie","url":"https:\/\/zsp1chojna.pl\/","logo":{"@type":"ImageObject","inLanguage":"pl-PL","@id":"https:\/\/zsp1chojna.pl\/#\/schema\/logo\/image\/","url":"https:\/\/zsp1chojna.pl\/wp-content\/uploads\/2023\/08\/cropped-cropped-cropped-Logo-biale-napis-na-3-wiersze_504-1.png","contentUrl":"https:\/\/zsp1chojna.pl\/wp-content\/uploads\/2023\/08\/cropped-cropped-cropped-Logo-biale-napis-na-3-wiersze_504-1.png","width":504,"height":167,"caption":"ZSP w Chojnie"},"image":{"@id":"https:\/\/zsp1chojna.pl\/#\/schema\/logo\/image\/"}},{"@type":"Person","@id":"https:\/\/zsp1chojna.pl\/#\/schema\/person\/fe8d6c03379c9cface386de0c172e127","name":"admin","image":{"@type":"ImageObject","inLanguage":"pl-PL","@id":"https:\/\/zsp1chojna.pl\/#\/schema\/person\/image\/","url":"https:\/\/secure.gravatar.com\/avatar\/35d79b1d799ff9bac401976862e535bf785f4039d8313d3c00b303598a46dd4e?s=96&d=mm&r=g","contentUrl":"https:\/\/secure.gravatar.com\/avatar\/35d79b1d799ff9bac401976862e535bf785f4039d8313d3c00b303598a46dd4e?s=96&d=mm&r=g","caption":"admin"},"sameAs":["http:\/\/nowazspchojna.pl"],"url":"https:\/\/zsp1chojna.pl\/?author=1"}]}},"jetpack_featured_media_url":"https:\/\/zsp1chojna.pl\/wp-content\/uploads\/2024\/11\/moj-zawod-moja-przyszlosc2024-5.png","_links":{"self":[{"href":"https:\/\/zsp1chojna.pl\/index.php?rest_route=\/wp\/v2\/posts\/11743","targetHints":{"allow":["GET"]}}],"collection":[{"href":"https:\/\/zsp1chojna.pl\/index.php?rest_route=\/wp\/v2\/posts"}],"about":[{"href":"https:\/\/zsp1chojna.pl\/index.php?rest_route=\/wp\/v2\/types\/post"}],"author":[{"embeddable":true,"href":"https:\/\/zsp1chojna.pl\/index.php?rest_route=\/wp\/v2\/users\/1"}],"replies":[{"embeddable":true,"href":"https:\/\/zsp1chojna.pl\/index.php?rest_route=%2Fwp%2Fv2%2Fcomments&post=11743"}],"version-history":[{"count":1,"href":"https:\/\/zsp1chojna.pl\/index.php?rest_route=\/wp\/v2\/posts\/11743\/revisions"}],"predecessor-version":[{"id":11751,"href":"https:\/\/zsp1chojna.pl\/index.php?rest_route=\/wp\/v2\/posts\/11743\/revisions\/11751"}],"wp:featuredmedia":[{"embeddable":true,"href":"https:\/\/zsp1chojna.pl\/index.php?rest_route=\/wp\/v2\/media\/11750"}],"wp:attachment":[{"href":"https:\/\/zsp1chojna.pl\/index.php?rest_route=%2Fwp%2Fv2%2Fmedia&parent=11743"}],"wp:term":[{"taxonomy":"category","embeddable":true,"href":"https:\/\/zsp1chojna.pl\/index.php?rest_route=%2Fwp%2Fv2%2Fcategories&post=11743"},{"taxonomy":"post_tag","embeddable":true,"href":"https:\/\/zsp1chojna.pl\/index.php?rest_route=%2Fwp%2Fv2%2Ftags&post=11743"}],"curies":[{"name":"wp","href":"https:\/\/api.w.org\/{rel}","templated":true}]}}