{"id":11672,"date":"2024-10-11T21:16:00","date_gmt":"2024-10-11T19:16:00","guid":{"rendered":"https:\/\/zsp1chojna.pl\/?p=11672"},"modified":"2025-09-30T13:18:33","modified_gmt":"2025-09-30T11:18:33","slug":"akcja-czytanie-drzewom","status":"publish","type":"post","link":"https:\/\/zsp1chojna.pl\/?p=11672","title":{"rendered":"Akcja\u00a0Czytanie Drzewom"},"content":{"rendered":"<div class=\"wp-block-image\">\n<figure class=\"aligncenter size-large\"><img loading=\"lazy\" decoding=\"async\" width=\"1024\" height=\"122\" data-attachment-id=\"14011\" data-permalink=\"https:\/\/zsp1chojna.pl\/?attachment_id=14011\" data-orig-file=\"https:\/\/zsp1chojna.pl\/wp-content\/uploads\/2025\/07\/image001-4.jpg\" data-orig-size=\"1386,165\" data-comments-opened=\"1\" data-image-meta=\"{&quot;aperture&quot;:&quot;0&quot;,&quot;credit&quot;:&quot;&quot;,&quot;camera&quot;:&quot;&quot;,&quot;caption&quot;:&quot;&quot;,&quot;created_timestamp&quot;:&quot;0&quot;,&quot;copyright&quot;:&quot;&quot;,&quot;focal_length&quot;:&quot;0&quot;,&quot;iso&quot;:&quot;0&quot;,&quot;shutter_speed&quot;:&quot;0&quot;,&quot;title&quot;:&quot;&quot;,&quot;orientation&quot;:&quot;0&quot;}\" data-image-title=\"image001\" data-image-description=\"\" data-image-caption=\"\" data-medium-file=\"https:\/\/zsp1chojna.pl\/wp-content\/uploads\/2025\/07\/image001-4-300x36.jpg\" data-large-file=\"https:\/\/zsp1chojna.pl\/wp-content\/uploads\/2025\/07\/image001-4-1024x122.jpg\" src=\"https:\/\/zsp1chojna.pl\/wp-content\/uploads\/2025\/07\/image001-4-1024x122.jpg\" alt=\"\" class=\"wp-image-14011\" srcset=\"https:\/\/zsp1chojna.pl\/wp-content\/uploads\/2025\/07\/image001-4-1024x122.jpg 1024w, https:\/\/zsp1chojna.pl\/wp-content\/uploads\/2025\/07\/image001-4-300x36.jpg 300w, https:\/\/zsp1chojna.pl\/wp-content\/uploads\/2025\/07\/image001-4-768x91.jpg 768w, https:\/\/zsp1chojna.pl\/wp-content\/uploads\/2025\/07\/image001-4-947x113.jpg 947w, https:\/\/zsp1chojna.pl\/wp-content\/uploads\/2025\/07\/image001-4-624x74.jpg 624w, https:\/\/zsp1chojna.pl\/wp-content\/uploads\/2025\/07\/image001-4.jpg 1386w\" sizes=\"auto, (max-width: 1024px) 100vw, 1024px\" \/><\/figure>\n<\/div>\n\n\n<p class=\"has-text-align-justify\">11 pa\u017adziernika 2024 r., w parku naszej szko\u0142y, odby\u0142a si\u0119 akcja czytelnicza \u201eCzytanie Drzewom&#8221;, kt\u00f3rej g\u0142\u00f3wn\u0105 ide\u0105 by\u0142a promocja literatury oraz czytelnictwa. Drzewa s\u0105&nbsp;nierozerwaln\u0105 cz\u0119\u015bci\u0105 naszego istnienia. W dawnych obrz\u0119dach i rytua\u0142ach pe\u0142ni\u0142y wa\u017cn\u0105 rol\u0119, dzisiaj cz\u0119sto sadzone s\u0105 dla upami\u0119tnienia szczeg\u00f3lnych miejsc, wydarze\u0144 lub os\u00f3b. W&nbsp;naszej kulturze, szczeg\u00f3lne miejsce zajmuj\u0105: brzoza, d\u0105b, lipa, wierzba, sosna i \u015bwierk, co&nbsp;mo\u017cemy zaobserwowa\u0107 w literaturze i sztuce.<\/p>\n\n\n<div class=\"wp-block-image\">\n<figure class=\"aligncenter size-full is-resized\"><img loading=\"lazy\" decoding=\"async\" width=\"800\" height=\"600\" data-attachment-id=\"11673\" data-permalink=\"https:\/\/zsp1chojna.pl\/?attachment_id=11673\" data-orig-file=\"https:\/\/zsp1chojna.pl\/wp-content\/uploads\/2024\/11\/czytanie-drzewom-1.jpg\" data-orig-size=\"800,600\" data-comments-opened=\"1\" data-image-meta=\"{&quot;aperture&quot;:&quot;0&quot;,&quot;credit&quot;:&quot;&quot;,&quot;camera&quot;:&quot;&quot;,&quot;caption&quot;:&quot;&quot;,&quot;created_timestamp&quot;:&quot;0&quot;,&quot;copyright&quot;:&quot;&quot;,&quot;focal_length&quot;:&quot;0&quot;,&quot;iso&quot;:&quot;0&quot;,&quot;shutter_speed&quot;:&quot;0&quot;,&quot;title&quot;:&quot;&quot;,&quot;orientation&quot;:&quot;0&quot;}\" data-image-title=\"czytanie-drzewom (1)\" data-image-description=\"\" data-image-caption=\"\" data-medium-file=\"https:\/\/zsp1chojna.pl\/wp-content\/uploads\/2024\/11\/czytanie-drzewom-1-300x225.jpg\" data-large-file=\"https:\/\/zsp1chojna.pl\/wp-content\/uploads\/2024\/11\/czytanie-drzewom-1.jpg\" src=\"https:\/\/zsp1chojna.pl\/wp-content\/uploads\/2024\/11\/czytanie-drzewom-1.jpg\" alt=\"\" class=\"wp-image-11673\" style=\"width:664px;height:auto\" srcset=\"https:\/\/zsp1chojna.pl\/wp-content\/uploads\/2024\/11\/czytanie-drzewom-1.jpg 800w, https:\/\/zsp1chojna.pl\/wp-content\/uploads\/2024\/11\/czytanie-drzewom-1-300x225.jpg 300w, https:\/\/zsp1chojna.pl\/wp-content\/uploads\/2024\/11\/czytanie-drzewom-1-768x576.jpg 768w, https:\/\/zsp1chojna.pl\/wp-content\/uploads\/2024\/11\/czytanie-drzewom-1-624x468.jpg 624w\" sizes=\"auto, (max-width: 800px) 100vw, 800px\" \/><\/figure>\n<\/div>\n\n\n<p class=\"has-text-align-justify\">Wybrane wiersze, eseje oraz fragmenty literatury, dotycz\u0105ce drzew i otaczaj\u0105cego nas \u015bwiata, w jesiennej scenerii prezentowali uczniowie klasy 2MZ, 3H\u017b, 3PI, 3TB oraz 4abc LO. W&nbsp;spotkaniu udzia\u0142 wzi\u0119li r\u00f3wnie\u017c nauczyciele \u2013 Pani Dorota Szwiec, Pani Bogus\u0142awa Wi\u015bniewska oraz Pani Gabriela Lasowska. Wykorzystano wiersze i utwory Juliana Tuwima, Adama Mickiewicza, Leopolda Staffa, Jana Kochanowskiego, W\u0142adys\u0142awa Broniewskiego, Karola Wojty\u0142y, Stefana \u017beromskiego, Antoine de Saint-Exupery\u2019ego oraz fragmenty ksi\u0105\u017cki \u201eSekretne \u017cycie drzew\u201d Petera Wohllebena, opowiadaj\u0105cej o zdumiewaj\u0105cych faktach ze&nbsp;\u015bwiata drzew.<\/p>\n\n\n\n<div class=\"wp-block-columns is-layout-flex wp-container-core-columns-is-layout-9d6595d7 wp-block-columns-is-layout-flex\">\n<div class=\"wp-block-column is-layout-flow wp-block-column-is-layout-flow\"><div class=\"wp-block-image\">\n<figure class=\"alignright size-full\"><img loading=\"lazy\" decoding=\"async\" width=\"800\" height=\"600\" data-attachment-id=\"11674\" data-permalink=\"https:\/\/zsp1chojna.pl\/?attachment_id=11674\" data-orig-file=\"https:\/\/zsp1chojna.pl\/wp-content\/uploads\/2024\/11\/czytanie-drzewom-2.jpg\" data-orig-size=\"800,600\" data-comments-opened=\"1\" data-image-meta=\"{&quot;aperture&quot;:&quot;0&quot;,&quot;credit&quot;:&quot;&quot;,&quot;camera&quot;:&quot;&quot;,&quot;caption&quot;:&quot;&quot;,&quot;created_timestamp&quot;:&quot;0&quot;,&quot;copyright&quot;:&quot;&quot;,&quot;focal_length&quot;:&quot;0&quot;,&quot;iso&quot;:&quot;0&quot;,&quot;shutter_speed&quot;:&quot;0&quot;,&quot;title&quot;:&quot;&quot;,&quot;orientation&quot;:&quot;0&quot;}\" data-image-title=\"czytanie-drzewom (2)\" data-image-description=\"\" data-image-caption=\"\" data-medium-file=\"https:\/\/zsp1chojna.pl\/wp-content\/uploads\/2024\/11\/czytanie-drzewom-2-300x225.jpg\" data-large-file=\"https:\/\/zsp1chojna.pl\/wp-content\/uploads\/2024\/11\/czytanie-drzewom-2.jpg\" src=\"https:\/\/zsp1chojna.pl\/wp-content\/uploads\/2024\/11\/czytanie-drzewom-2.jpg\" alt=\"\" class=\"wp-image-11674\" srcset=\"https:\/\/zsp1chojna.pl\/wp-content\/uploads\/2024\/11\/czytanie-drzewom-2.jpg 800w, https:\/\/zsp1chojna.pl\/wp-content\/uploads\/2024\/11\/czytanie-drzewom-2-300x225.jpg 300w, https:\/\/zsp1chojna.pl\/wp-content\/uploads\/2024\/11\/czytanie-drzewom-2-768x576.jpg 768w, https:\/\/zsp1chojna.pl\/wp-content\/uploads\/2024\/11\/czytanie-drzewom-2-624x468.jpg 624w\" sizes=\"auto, (max-width: 800px) 100vw, 800px\" \/><\/figure>\n<\/div><\/div>\n\n\n\n<div class=\"wp-block-column is-layout-flow wp-block-column-is-layout-flow\"><div class=\"wp-block-image\">\n<figure class=\"alignleft size-full\"><img loading=\"lazy\" decoding=\"async\" width=\"800\" height=\"600\" data-attachment-id=\"11675\" data-permalink=\"https:\/\/zsp1chojna.pl\/?attachment_id=11675\" data-orig-file=\"https:\/\/zsp1chojna.pl\/wp-content\/uploads\/2024\/11\/czytanie-drzewom-3.jpg\" data-orig-size=\"800,600\" data-comments-opened=\"1\" data-image-meta=\"{&quot;aperture&quot;:&quot;0&quot;,&quot;credit&quot;:&quot;&quot;,&quot;camera&quot;:&quot;&quot;,&quot;caption&quot;:&quot;&quot;,&quot;created_timestamp&quot;:&quot;0&quot;,&quot;copyright&quot;:&quot;&quot;,&quot;focal_length&quot;:&quot;0&quot;,&quot;iso&quot;:&quot;0&quot;,&quot;shutter_speed&quot;:&quot;0&quot;,&quot;title&quot;:&quot;&quot;,&quot;orientation&quot;:&quot;0&quot;}\" data-image-title=\"czytanie-drzewom (3)\" data-image-description=\"\" data-image-caption=\"\" data-medium-file=\"https:\/\/zsp1chojna.pl\/wp-content\/uploads\/2024\/11\/czytanie-drzewom-3-300x225.jpg\" data-large-file=\"https:\/\/zsp1chojna.pl\/wp-content\/uploads\/2024\/11\/czytanie-drzewom-3.jpg\" src=\"https:\/\/zsp1chojna.pl\/wp-content\/uploads\/2024\/11\/czytanie-drzewom-3.jpg\" alt=\"\" class=\"wp-image-11675\" srcset=\"https:\/\/zsp1chojna.pl\/wp-content\/uploads\/2024\/11\/czytanie-drzewom-3.jpg 800w, https:\/\/zsp1chojna.pl\/wp-content\/uploads\/2024\/11\/czytanie-drzewom-3-300x225.jpg 300w, https:\/\/zsp1chojna.pl\/wp-content\/uploads\/2024\/11\/czytanie-drzewom-3-768x576.jpg 768w, https:\/\/zsp1chojna.pl\/wp-content\/uploads\/2024\/11\/czytanie-drzewom-3-624x468.jpg 624w\" sizes=\"auto, (max-width: 800px) 100vw, 800px\" \/><\/figure>\n<\/div><\/div>\n<\/div>\n\n\n\n<p class=\"has-text-align-justify\">W ramach akcji zosta\u0142o przygotowane i wykonane \u201eDrzewo s\u0142ynnych postaci&#8221;. Uczniowie wybrali sylwetki znanych os\u00f3b z r\u00f3\u017cnych dziedzin, a nast\u0119pnie u\u0142o\u017cyli je&nbsp;na&nbsp;makiecie. By\u0142o przy tym sporo dyskusji, poniewa\u017c dla jednych s\u0142ynn\u0105 i znan\u0105 postaci\u0105 by\u0142 J\u00f3zef Pi\u0142sudzki, Czes\u0142aw Mi\u0142osz, Miko\u0142aj Kopernik, a dla innych Robert Lewandowski czy Kamil Stoch. Dla wszystkich wybranych wystarczy\u0142o miejsca.<\/p>\n\n\n<div class=\"wp-block-image\">\n<figure class=\"aligncenter size-full\"><img loading=\"lazy\" decoding=\"async\" width=\"800\" height=\"360\" data-attachment-id=\"11676\" data-permalink=\"https:\/\/zsp1chojna.pl\/?attachment_id=11676\" data-orig-file=\"https:\/\/zsp1chojna.pl\/wp-content\/uploads\/2024\/11\/czytanie-drzewom-4.jpg\" data-orig-size=\"800,360\" data-comments-opened=\"1\" data-image-meta=\"{&quot;aperture&quot;:&quot;0&quot;,&quot;credit&quot;:&quot;&quot;,&quot;camera&quot;:&quot;&quot;,&quot;caption&quot;:&quot;&quot;,&quot;created_timestamp&quot;:&quot;0&quot;,&quot;copyright&quot;:&quot;&quot;,&quot;focal_length&quot;:&quot;0&quot;,&quot;iso&quot;:&quot;0&quot;,&quot;shutter_speed&quot;:&quot;0&quot;,&quot;title&quot;:&quot;&quot;,&quot;orientation&quot;:&quot;0&quot;}\" data-image-title=\"czytanie-drzewom (4)\" data-image-description=\"\" data-image-caption=\"\" data-medium-file=\"https:\/\/zsp1chojna.pl\/wp-content\/uploads\/2024\/11\/czytanie-drzewom-4-300x135.jpg\" data-large-file=\"https:\/\/zsp1chojna.pl\/wp-content\/uploads\/2024\/11\/czytanie-drzewom-4.jpg\" src=\"https:\/\/zsp1chojna.pl\/wp-content\/uploads\/2024\/11\/czytanie-drzewom-4.jpg\" alt=\"\" class=\"wp-image-11676\" srcset=\"https:\/\/zsp1chojna.pl\/wp-content\/uploads\/2024\/11\/czytanie-drzewom-4.jpg 800w, https:\/\/zsp1chojna.pl\/wp-content\/uploads\/2024\/11\/czytanie-drzewom-4-300x135.jpg 300w, https:\/\/zsp1chojna.pl\/wp-content\/uploads\/2024\/11\/czytanie-drzewom-4-768x346.jpg 768w, https:\/\/zsp1chojna.pl\/wp-content\/uploads\/2024\/11\/czytanie-drzewom-4-624x281.jpg 624w\" sizes=\"auto, (max-width: 800px) 100vw, 800px\" \/><\/figure>\n<\/div>\n\n\n<p class=\"has-text-align-justify\">Dzia\u0142anie zosta\u0142o zrealizowane w ramach promocji czytelnictwa i realizacji projektu Narodowy Program Rozwoju Czytelnictwa 2024 r.<\/p>\n\n\n\n<p class=\"has-text-align-right\">mgr Gabriela Lasowska<\/p>\n\n\n\n<p><\/p>\n","protected":false},"excerpt":{"rendered":"<p>11 pa\u017adziernika 2024 r., w parku naszej szko\u0142y, odby\u0142a si\u0119 akcja czytelnicza \u201eCzytanie Drzewom&#8221;, kt\u00f3rej g\u0142\u00f3wn\u0105 ide\u0105 by\u0142a promocja literatury oraz czytelnictwa. Drzewa s\u0105&nbsp;nierozerwaln\u0105 cz\u0119\u015bci\u0105 naszego istnienia. W dawnych obrz\u0119dach [&hellip;]<\/p>\n","protected":false},"author":1,"featured_media":11673,"comment_status":"open","ping_status":"open","sticky":false,"template":"","format":"standard","meta":{"footnotes":""},"categories":[31],"tags":[],"class_list":["post-11672","post","type-post","status-publish","format-standard","has-post-thumbnail","hentry","category-aktualnosci-2024-2025"],"wbAuthor":{"name":"admin","link":"https:\/\/zsp1chojna.pl\/?author=1"},"wbDate":"pa\u017a 11, 2024","wbCategories":{"space":"<a href=\"https:\/\/zsp1chojna.pl\/?cat=31\" rel=\"category\">Aktualno\u015bci 2024\/2025<\/a>","coma":"<a href=\"https:\/\/zsp1chojna.pl\/?cat=31\" rel=\"category\">Aktualno\u015bci 2024\/2025<\/a>"},"wbComment":0,"yoast_head":"<!-- This site is optimized with the Yoast SEO plugin v20.13 - https:\/\/yoast.com\/wordpress\/plugins\/seo\/ -->\n<title>Akcja\u00a0Czytanie Drzewom - ZSP w Chojnie<\/title>\n<meta name=\"robots\" content=\"index, follow, max-snippet:-1, max-image-preview:large, max-video-preview:-1\" \/>\n<link rel=\"canonical\" href=\"https:\/\/zsp1chojna.pl\/?p=11672\" \/>\n<meta property=\"og:locale\" content=\"pl_PL\" \/>\n<meta property=\"og:type\" content=\"article\" \/>\n<meta property=\"og:title\" content=\"Akcja\u00a0Czytanie Drzewom - ZSP w Chojnie\" \/>\n<meta property=\"og:description\" content=\"11 pa\u017adziernika 2024 r., w parku naszej szko\u0142y, odby\u0142a si\u0119 akcja czytelnicza \u201eCzytanie Drzewom&#8221;, kt\u00f3rej g\u0142\u00f3wn\u0105 ide\u0105 by\u0142a promocja literatury oraz czytelnictwa. Drzewa s\u0105&nbsp;nierozerwaln\u0105 cz\u0119\u015bci\u0105 naszego istnienia. W dawnych obrz\u0119dach [&hellip;]\" \/>\n<meta property=\"og:url\" content=\"https:\/\/zsp1chojna.pl\/?p=11672\" \/>\n<meta property=\"og:site_name\" content=\"ZSP w Chojnie\" \/>\n<meta property=\"article:published_time\" content=\"2024-10-11T19:16:00+00:00\" \/>\n<meta property=\"article:modified_time\" content=\"2025-09-30T11:18:33+00:00\" \/>\n<meta property=\"og:image\" content=\"https:\/\/zsp1chojna.pl\/wp-content\/uploads\/2024\/11\/czytanie-drzewom-1.jpg\" \/>\n\t<meta property=\"og:image:width\" content=\"800\" \/>\n\t<meta property=\"og:image:height\" content=\"600\" \/>\n\t<meta property=\"og:image:type\" content=\"image\/jpeg\" \/>\n<meta name=\"author\" content=\"admin\" \/>\n<meta name=\"twitter:card\" content=\"summary_large_image\" \/>\n<meta name=\"twitter:label1\" content=\"Napisane przez\" \/>\n\t<meta name=\"twitter:data1\" content=\"admin\" \/>\n\t<meta name=\"twitter:label2\" content=\"Szacowany czas czytania\" \/>\n\t<meta name=\"twitter:data2\" content=\"3 minuty\" \/>\n<script type=\"application\/ld+json\" class=\"yoast-schema-graph\">{\"@context\":\"https:\/\/schema.org\",\"@graph\":[{\"@type\":\"Article\",\"@id\":\"https:\/\/zsp1chojna.pl\/?p=11672#article\",\"isPartOf\":{\"@id\":\"https:\/\/zsp1chojna.pl\/?p=11672\"},\"author\":{\"name\":\"admin\",\"@id\":\"https:\/\/zsp1chojna.pl\/#\/schema\/person\/fe8d6c03379c9cface386de0c172e127\"},\"headline\":\"Akcja\u00a0Czytanie Drzewom\",\"datePublished\":\"2024-10-11T19:16:00+00:00\",\"dateModified\":\"2025-09-30T11:18:33+00:00\",\"mainEntityOfPage\":{\"@id\":\"https:\/\/zsp1chojna.pl\/?p=11672\"},\"wordCount\":275,\"commentCount\":0,\"publisher\":{\"@id\":\"https:\/\/zsp1chojna.pl\/#organization\"},\"articleSection\":[\"Aktualno\u015bci 2024\/2025\"],\"inLanguage\":\"pl-PL\",\"potentialAction\":[{\"@type\":\"CommentAction\",\"name\":\"Comment\",\"target\":[\"https:\/\/zsp1chojna.pl\/?p=11672#respond\"]}]},{\"@type\":\"WebPage\",\"@id\":\"https:\/\/zsp1chojna.pl\/?p=11672\",\"url\":\"https:\/\/zsp1chojna.pl\/?p=11672\",\"name\":\"Akcja\u00a0Czytanie Drzewom - ZSP w Chojnie\",\"isPartOf\":{\"@id\":\"https:\/\/zsp1chojna.pl\/#website\"},\"datePublished\":\"2024-10-11T19:16:00+00:00\",\"dateModified\":\"2025-09-30T11:18:33+00:00\",\"breadcrumb\":{\"@id\":\"https:\/\/zsp1chojna.pl\/?p=11672#breadcrumb\"},\"inLanguage\":\"pl-PL\",\"potentialAction\":[{\"@type\":\"ReadAction\",\"target\":[\"https:\/\/zsp1chojna.pl\/?p=11672\"]}]},{\"@type\":\"BreadcrumbList\",\"@id\":\"https:\/\/zsp1chojna.pl\/?p=11672#breadcrumb\",\"itemListElement\":[{\"@type\":\"ListItem\",\"position\":1,\"name\":\"Home\",\"item\":\"https:\/\/zsp1chojna.pl\/\"},{\"@type\":\"ListItem\",\"position\":2,\"name\":\"Akcja\u00a0Czytanie Drzewom\"}]},{\"@type\":\"WebSite\",\"@id\":\"https:\/\/zsp1chojna.pl\/#website\",\"url\":\"https:\/\/zsp1chojna.pl\/\",\"name\":\"ZSP w Chojnie\",\"description\":\"\",\"publisher\":{\"@id\":\"https:\/\/zsp1chojna.pl\/#organization\"},\"potentialAction\":[{\"@type\":\"SearchAction\",\"target\":{\"@type\":\"EntryPoint\",\"urlTemplate\":\"https:\/\/zsp1chojna.pl\/?s={search_term_string}\"},\"query-input\":\"required name=search_term_string\"}],\"inLanguage\":\"pl-PL\"},{\"@type\":\"Organization\",\"@id\":\"https:\/\/zsp1chojna.pl\/#organization\",\"name\":\"ZSP w Chojnie\",\"url\":\"https:\/\/zsp1chojna.pl\/\",\"logo\":{\"@type\":\"ImageObject\",\"inLanguage\":\"pl-PL\",\"@id\":\"https:\/\/zsp1chojna.pl\/#\/schema\/logo\/image\/\",\"url\":\"https:\/\/zsp1chojna.pl\/wp-content\/uploads\/2023\/08\/cropped-cropped-cropped-Logo-biale-napis-na-3-wiersze_504-1.png\",\"contentUrl\":\"https:\/\/zsp1chojna.pl\/wp-content\/uploads\/2023\/08\/cropped-cropped-cropped-Logo-biale-napis-na-3-wiersze_504-1.png\",\"width\":504,\"height\":167,\"caption\":\"ZSP w Chojnie\"},\"image\":{\"@id\":\"https:\/\/zsp1chojna.pl\/#\/schema\/logo\/image\/\"}},{\"@type\":\"Person\",\"@id\":\"https:\/\/zsp1chojna.pl\/#\/schema\/person\/fe8d6c03379c9cface386de0c172e127\",\"name\":\"admin\",\"image\":{\"@type\":\"ImageObject\",\"inLanguage\":\"pl-PL\",\"@id\":\"https:\/\/zsp1chojna.pl\/#\/schema\/person\/image\/\",\"url\":\"https:\/\/secure.gravatar.com\/avatar\/35d79b1d799ff9bac401976862e535bf785f4039d8313d3c00b303598a46dd4e?s=96&d=mm&r=g\",\"contentUrl\":\"https:\/\/secure.gravatar.com\/avatar\/35d79b1d799ff9bac401976862e535bf785f4039d8313d3c00b303598a46dd4e?s=96&d=mm&r=g\",\"caption\":\"admin\"},\"sameAs\":[\"http:\/\/nowazspchojna.pl\"],\"url\":\"https:\/\/zsp1chojna.pl\/?author=1\"}]}<\/script>\n<!-- \/ Yoast SEO plugin. -->","yoast_head_json":{"title":"Akcja\u00a0Czytanie Drzewom - ZSP w Chojnie","robots":{"index":"index","follow":"follow","max-snippet":"max-snippet:-1","max-image-preview":"max-image-preview:large","max-video-preview":"max-video-preview:-1"},"canonical":"https:\/\/zsp1chojna.pl\/?p=11672","og_locale":"pl_PL","og_type":"article","og_title":"Akcja\u00a0Czytanie Drzewom - ZSP w Chojnie","og_description":"11 pa\u017adziernika 2024 r., w parku naszej szko\u0142y, odby\u0142a si\u0119 akcja czytelnicza \u201eCzytanie Drzewom&#8221;, kt\u00f3rej g\u0142\u00f3wn\u0105 ide\u0105 by\u0142a promocja literatury oraz czytelnictwa. Drzewa s\u0105&nbsp;nierozerwaln\u0105 cz\u0119\u015bci\u0105 naszego istnienia. W dawnych obrz\u0119dach [&hellip;]","og_url":"https:\/\/zsp1chojna.pl\/?p=11672","og_site_name":"ZSP w Chojnie","article_published_time":"2024-10-11T19:16:00+00:00","article_modified_time":"2025-09-30T11:18:33+00:00","og_image":[{"width":800,"height":600,"url":"https:\/\/zsp1chojna.pl\/wp-content\/uploads\/2024\/11\/czytanie-drzewom-1.jpg","type":"image\/jpeg"}],"author":"admin","twitter_card":"summary_large_image","twitter_misc":{"Napisane przez":"admin","Szacowany czas czytania":"3 minuty"},"schema":{"@context":"https:\/\/schema.org","@graph":[{"@type":"Article","@id":"https:\/\/zsp1chojna.pl\/?p=11672#article","isPartOf":{"@id":"https:\/\/zsp1chojna.pl\/?p=11672"},"author":{"name":"admin","@id":"https:\/\/zsp1chojna.pl\/#\/schema\/person\/fe8d6c03379c9cface386de0c172e127"},"headline":"Akcja\u00a0Czytanie Drzewom","datePublished":"2024-10-11T19:16:00+00:00","dateModified":"2025-09-30T11:18:33+00:00","mainEntityOfPage":{"@id":"https:\/\/zsp1chojna.pl\/?p=11672"},"wordCount":275,"commentCount":0,"publisher":{"@id":"https:\/\/zsp1chojna.pl\/#organization"},"articleSection":["Aktualno\u015bci 2024\/2025"],"inLanguage":"pl-PL","potentialAction":[{"@type":"CommentAction","name":"Comment","target":["https:\/\/zsp1chojna.pl\/?p=11672#respond"]}]},{"@type":"WebPage","@id":"https:\/\/zsp1chojna.pl\/?p=11672","url":"https:\/\/zsp1chojna.pl\/?p=11672","name":"Akcja\u00a0Czytanie Drzewom - ZSP w Chojnie","isPartOf":{"@id":"https:\/\/zsp1chojna.pl\/#website"},"datePublished":"2024-10-11T19:16:00+00:00","dateModified":"2025-09-30T11:18:33+00:00","breadcrumb":{"@id":"https:\/\/zsp1chojna.pl\/?p=11672#breadcrumb"},"inLanguage":"pl-PL","potentialAction":[{"@type":"ReadAction","target":["https:\/\/zsp1chojna.pl\/?p=11672"]}]},{"@type":"BreadcrumbList","@id":"https:\/\/zsp1chojna.pl\/?p=11672#breadcrumb","itemListElement":[{"@type":"ListItem","position":1,"name":"Home","item":"https:\/\/zsp1chojna.pl\/"},{"@type":"ListItem","position":2,"name":"Akcja\u00a0Czytanie Drzewom"}]},{"@type":"WebSite","@id":"https:\/\/zsp1chojna.pl\/#website","url":"https:\/\/zsp1chojna.pl\/","name":"ZSP w Chojnie","description":"","publisher":{"@id":"https:\/\/zsp1chojna.pl\/#organization"},"potentialAction":[{"@type":"SearchAction","target":{"@type":"EntryPoint","urlTemplate":"https:\/\/zsp1chojna.pl\/?s={search_term_string}"},"query-input":"required name=search_term_string"}],"inLanguage":"pl-PL"},{"@type":"Organization","@id":"https:\/\/zsp1chojna.pl\/#organization","name":"ZSP w Chojnie","url":"https:\/\/zsp1chojna.pl\/","logo":{"@type":"ImageObject","inLanguage":"pl-PL","@id":"https:\/\/zsp1chojna.pl\/#\/schema\/logo\/image\/","url":"https:\/\/zsp1chojna.pl\/wp-content\/uploads\/2023\/08\/cropped-cropped-cropped-Logo-biale-napis-na-3-wiersze_504-1.png","contentUrl":"https:\/\/zsp1chojna.pl\/wp-content\/uploads\/2023\/08\/cropped-cropped-cropped-Logo-biale-napis-na-3-wiersze_504-1.png","width":504,"height":167,"caption":"ZSP w Chojnie"},"image":{"@id":"https:\/\/zsp1chojna.pl\/#\/schema\/logo\/image\/"}},{"@type":"Person","@id":"https:\/\/zsp1chojna.pl\/#\/schema\/person\/fe8d6c03379c9cface386de0c172e127","name":"admin","image":{"@type":"ImageObject","inLanguage":"pl-PL","@id":"https:\/\/zsp1chojna.pl\/#\/schema\/person\/image\/","url":"https:\/\/secure.gravatar.com\/avatar\/35d79b1d799ff9bac401976862e535bf785f4039d8313d3c00b303598a46dd4e?s=96&d=mm&r=g","contentUrl":"https:\/\/secure.gravatar.com\/avatar\/35d79b1d799ff9bac401976862e535bf785f4039d8313d3c00b303598a46dd4e?s=96&d=mm&r=g","caption":"admin"},"sameAs":["http:\/\/nowazspchojna.pl"],"url":"https:\/\/zsp1chojna.pl\/?author=1"}]}},"jetpack_featured_media_url":"https:\/\/zsp1chojna.pl\/wp-content\/uploads\/2024\/11\/czytanie-drzewom-1.jpg","_links":{"self":[{"href":"https:\/\/zsp1chojna.pl\/index.php?rest_route=\/wp\/v2\/posts\/11672","targetHints":{"allow":["GET"]}}],"collection":[{"href":"https:\/\/zsp1chojna.pl\/index.php?rest_route=\/wp\/v2\/posts"}],"about":[{"href":"https:\/\/zsp1chojna.pl\/index.php?rest_route=\/wp\/v2\/types\/post"}],"author":[{"embeddable":true,"href":"https:\/\/zsp1chojna.pl\/index.php?rest_route=\/wp\/v2\/users\/1"}],"replies":[{"embeddable":true,"href":"https:\/\/zsp1chojna.pl\/index.php?rest_route=%2Fwp%2Fv2%2Fcomments&post=11672"}],"version-history":[{"count":2,"href":"https:\/\/zsp1chojna.pl\/index.php?rest_route=\/wp\/v2\/posts\/11672\/revisions"}],"predecessor-version":[{"id":14546,"href":"https:\/\/zsp1chojna.pl\/index.php?rest_route=\/wp\/v2\/posts\/11672\/revisions\/14546"}],"wp:featuredmedia":[{"embeddable":true,"href":"https:\/\/zsp1chojna.pl\/index.php?rest_route=\/wp\/v2\/media\/11673"}],"wp:attachment":[{"href":"https:\/\/zsp1chojna.pl\/index.php?rest_route=%2Fwp%2Fv2%2Fmedia&parent=11672"}],"wp:term":[{"taxonomy":"category","embeddable":true,"href":"https:\/\/zsp1chojna.pl\/index.php?rest_route=%2Fwp%2Fv2%2Fcategories&post=11672"},{"taxonomy":"post_tag","embeddable":true,"href":"https:\/\/zsp1chojna.pl\/index.php?rest_route=%2Fwp%2Fv2%2Ftags&post=11672"}],"curies":[{"name":"wp","href":"https:\/\/api.w.org\/{rel}","templated":true}]}}