{"id":1126,"date":"2023-02-07T21:42:19","date_gmt":"2023-02-07T20:42:19","guid":{"rendered":"https:\/\/zsp1chojna.pl\/?p=1126"},"modified":"2023-08-18T21:43:35","modified_gmt":"2023-08-18T19:43:35","slug":"odbylo-sie-spotkanie-profilaktyczne-mlodziezy-z-funkcjonariuszem-policji","status":"publish","type":"post","link":"https:\/\/zsp1chojna.pl\/?p=1126","title":{"rendered":"Odby\u0142o si\u0119\u00a0spotkanie profilaktyczne m\u0142odzie\u017cy z\u00a0funkcjonariuszem Policji"},"content":{"rendered":"\n<p class=\"has-text-align-justify\">7&nbsp;lutego 2023&nbsp;r. odby\u0142o si\u0119 spotkanie profilaktyczne m\u0142odzie\u017cy z&nbsp;funkcjonariuszem Policji, dzielnicowym Patrykiem Zimol\u0105giem z&nbsp;Komisariatu Policji w&nbsp;Chojnie.<\/p>\n\n\n<div class=\"wp-block-image\">\n<figure class=\"aligncenter size-full\"><img loading=\"lazy\" decoding=\"async\" width=\"550\" height=\"248\" data-attachment-id=\"1127\" data-permalink=\"https:\/\/zsp1chojna.pl\/?attachment_id=1127\" data-orig-file=\"https:\/\/zsp1chojna.pl\/wp-content\/uploads\/2023\/08\/spotkanie-z-policjantem.jpg\" data-orig-size=\"550,248\" data-comments-opened=\"1\" data-image-meta=\"{&quot;aperture&quot;:&quot;0&quot;,&quot;credit&quot;:&quot;&quot;,&quot;camera&quot;:&quot;&quot;,&quot;caption&quot;:&quot;&quot;,&quot;created_timestamp&quot;:&quot;0&quot;,&quot;copyright&quot;:&quot;&quot;,&quot;focal_length&quot;:&quot;0&quot;,&quot;iso&quot;:&quot;0&quot;,&quot;shutter_speed&quot;:&quot;0&quot;,&quot;title&quot;:&quot;&quot;,&quot;orientation&quot;:&quot;0&quot;}\" data-image-title=\"spotkanie-z-policjantem\" data-image-description=\"\" data-image-caption=\"\" data-medium-file=\"https:\/\/zsp1chojna.pl\/wp-content\/uploads\/2023\/08\/spotkanie-z-policjantem-300x135.jpg\" data-large-file=\"https:\/\/zsp1chojna.pl\/wp-content\/uploads\/2023\/08\/spotkanie-z-policjantem.jpg\" src=\"https:\/\/zsp1chojna.pl\/wp-content\/uploads\/2023\/08\/spotkanie-z-policjantem.jpg\" alt=\"Spotkanie \" class=\"wp-image-1127\" srcset=\"https:\/\/zsp1chojna.pl\/wp-content\/uploads\/2023\/08\/spotkanie-z-policjantem.jpg 550w, https:\/\/zsp1chojna.pl\/wp-content\/uploads\/2023\/08\/spotkanie-z-policjantem-300x135.jpg 300w\" sizes=\"auto, (max-width: 550px) 100vw, 550px\" \/><\/figure>\n<\/div>\n\n\n<p class=\"has-text-align-justify\">Podczas spotkania om\u00f3wiono najwa\u017cniejsze sprawy i\u00a0problemy profilaktyczne, dotycz\u0105ce w\u00a0 szczeg\u00f3lno\u015bci bezpiecze\u0144stwa podczas ferii zimowych oraz\u00a0zosta\u0142y poruszone tematy zwi\u0105zane z\u00a0cyberprzemoc\u0105, narkotykami, alkoholem, paleniem papieros\u00f3w, wykroczeniami. M\u0142odzie\u017c dowiedzia\u0142a si\u0119 o\u00a0konsekwencjach \u0142amania prawa, si\u0119gania po\u00a0\u015brodki uzale\u017cniaj\u0105ce, dopalacze oraz\u00a0substancje psychoaktywne.<\/p>\n\n\n\n<p><\/p>\n\n\n\n<p class=\"has-text-align-right\">mgr&nbsp;Aleksander Lizak<\/p>\n","protected":false},"excerpt":{"rendered":"<p>7&nbsp;lutego 2023&nbsp;r. odby\u0142o si\u0119 spotkanie profilaktyczne m\u0142odzie\u017cy z&nbsp;funkcjonariuszem Policji, dzielnicowym Patrykiem Zimol\u0105giem z&nbsp;Komisariatu Policji w&nbsp;Chojnie. Podczas spotkania om\u00f3wiono najwa\u017cniejsze sprawy i\u00a0problemy profilaktyczne, dotycz\u0105ce w\u00a0 szczeg\u00f3lno\u015bci bezpiecze\u0144stwa podczas ferii zimowych oraz\u00a0zosta\u0142y [&hellip;]<\/p>\n","protected":false},"author":2,"featured_media":1127,"comment_status":"open","ping_status":"open","sticky":false,"template":"","format":"standard","meta":{"footnotes":""},"categories":[8],"tags":[],"class_list":["post-1126","post","type-post","status-publish","format-standard","has-post-thumbnail","hentry","category-aktualnosci-2022-2023"],"wbAuthor":{"name":"kacper27","link":"https:\/\/zsp1chojna.pl\/?author=2"},"wbDate":"lut 7, 2023","wbCategories":{"space":"<a href=\"https:\/\/zsp1chojna.pl\/?cat=8\" rel=\"category\">Aktualno\u015bci 2022\/2023<\/a>","coma":"<a href=\"https:\/\/zsp1chojna.pl\/?cat=8\" rel=\"category\">Aktualno\u015bci 2022\/2023<\/a>"},"wbComment":0,"yoast_head":"<!-- This site is optimized with the Yoast SEO plugin v20.13 - https:\/\/yoast.com\/wordpress\/plugins\/seo\/ -->\n<title>Odby\u0142o si\u0119\u00a0spotkanie profilaktyczne m\u0142odzie\u017cy z\u00a0funkcjonariuszem Policji - ZSP w Chojnie<\/title>\n<meta name=\"robots\" content=\"index, follow, max-snippet:-1, max-image-preview:large, max-video-preview:-1\" \/>\n<link rel=\"canonical\" href=\"https:\/\/zsp1chojna.pl\/?p=1126\" \/>\n<meta property=\"og:locale\" content=\"pl_PL\" \/>\n<meta property=\"og:type\" content=\"article\" \/>\n<meta property=\"og:title\" content=\"Odby\u0142o si\u0119\u00a0spotkanie profilaktyczne m\u0142odzie\u017cy z\u00a0funkcjonariuszem Policji - ZSP w Chojnie\" \/>\n<meta property=\"og:description\" content=\"7&nbsp;lutego 2023&nbsp;r. odby\u0142o si\u0119 spotkanie profilaktyczne m\u0142odzie\u017cy z&nbsp;funkcjonariuszem Policji, dzielnicowym Patrykiem Zimol\u0105giem z&nbsp;Komisariatu Policji w&nbsp;Chojnie. Podczas spotkania om\u00f3wiono najwa\u017cniejsze sprawy i\u00a0problemy profilaktyczne, dotycz\u0105ce w\u00a0 szczeg\u00f3lno\u015bci bezpiecze\u0144stwa podczas ferii zimowych oraz\u00a0zosta\u0142y [&hellip;]\" \/>\n<meta property=\"og:url\" content=\"https:\/\/zsp1chojna.pl\/?p=1126\" \/>\n<meta property=\"og:site_name\" content=\"ZSP w Chojnie\" \/>\n<meta property=\"article:published_time\" content=\"2023-02-07T20:42:19+00:00\" \/>\n<meta property=\"article:modified_time\" content=\"2023-08-18T19:43:35+00:00\" \/>\n<meta property=\"og:image\" content=\"https:\/\/zsp1chojna.pl\/wp-content\/uploads\/2023\/08\/spotkanie-z-policjantem.jpg\" \/>\n\t<meta property=\"og:image:width\" content=\"550\" \/>\n\t<meta property=\"og:image:height\" content=\"248\" \/>\n\t<meta property=\"og:image:type\" content=\"image\/jpeg\" \/>\n<meta name=\"author\" content=\"kacper27\" \/>\n<meta name=\"twitter:card\" content=\"summary_large_image\" \/>\n<meta name=\"twitter:label1\" content=\"Napisane przez\" \/>\n\t<meta name=\"twitter:data1\" content=\"kacper27\" \/>\n\t<meta name=\"twitter:label2\" content=\"Szacowany czas czytania\" \/>\n\t<meta name=\"twitter:data2\" content=\"1 minuta\" \/>\n<script type=\"application\/ld+json\" class=\"yoast-schema-graph\">{\"@context\":\"https:\/\/schema.org\",\"@graph\":[{\"@type\":\"Article\",\"@id\":\"https:\/\/zsp1chojna.pl\/?p=1126#article\",\"isPartOf\":{\"@id\":\"https:\/\/zsp1chojna.pl\/?p=1126\"},\"author\":{\"name\":\"kacper27\",\"@id\":\"https:\/\/zsp1chojna.pl\/#\/schema\/person\/e974e35b71ad4899de9d84ba9baed22f\"},\"headline\":\"Odby\u0142o si\u0119\u00a0spotkanie profilaktyczne m\u0142odzie\u017cy z\u00a0funkcjonariuszem Policji\",\"datePublished\":\"2023-02-07T20:42:19+00:00\",\"dateModified\":\"2023-08-18T19:43:35+00:00\",\"mainEntityOfPage\":{\"@id\":\"https:\/\/zsp1chojna.pl\/?p=1126\"},\"wordCount\":98,\"commentCount\":0,\"publisher\":{\"@id\":\"https:\/\/zsp1chojna.pl\/#organization\"},\"articleSection\":[\"Aktualno\u015bci 2022\/2023\"],\"inLanguage\":\"pl-PL\",\"potentialAction\":[{\"@type\":\"CommentAction\",\"name\":\"Comment\",\"target\":[\"https:\/\/zsp1chojna.pl\/?p=1126#respond\"]}]},{\"@type\":\"WebPage\",\"@id\":\"https:\/\/zsp1chojna.pl\/?p=1126\",\"url\":\"https:\/\/zsp1chojna.pl\/?p=1126\",\"name\":\"Odby\u0142o si\u0119\u00a0spotkanie profilaktyczne m\u0142odzie\u017cy z\u00a0funkcjonariuszem Policji - ZSP w Chojnie\",\"isPartOf\":{\"@id\":\"https:\/\/zsp1chojna.pl\/#website\"},\"datePublished\":\"2023-02-07T20:42:19+00:00\",\"dateModified\":\"2023-08-18T19:43:35+00:00\",\"breadcrumb\":{\"@id\":\"https:\/\/zsp1chojna.pl\/?p=1126#breadcrumb\"},\"inLanguage\":\"pl-PL\",\"potentialAction\":[{\"@type\":\"ReadAction\",\"target\":[\"https:\/\/zsp1chojna.pl\/?p=1126\"]}]},{\"@type\":\"BreadcrumbList\",\"@id\":\"https:\/\/zsp1chojna.pl\/?p=1126#breadcrumb\",\"itemListElement\":[{\"@type\":\"ListItem\",\"position\":1,\"name\":\"Home\",\"item\":\"https:\/\/zsp1chojna.pl\/\"},{\"@type\":\"ListItem\",\"position\":2,\"name\":\"Odby\u0142o si\u0119\u00a0spotkanie profilaktyczne m\u0142odzie\u017cy z\u00a0funkcjonariuszem Policji\"}]},{\"@type\":\"WebSite\",\"@id\":\"https:\/\/zsp1chojna.pl\/#website\",\"url\":\"https:\/\/zsp1chojna.pl\/\",\"name\":\"ZSP w Chojnie\",\"description\":\"\",\"publisher\":{\"@id\":\"https:\/\/zsp1chojna.pl\/#organization\"},\"potentialAction\":[{\"@type\":\"SearchAction\",\"target\":{\"@type\":\"EntryPoint\",\"urlTemplate\":\"https:\/\/zsp1chojna.pl\/?s={search_term_string}\"},\"query-input\":\"required name=search_term_string\"}],\"inLanguage\":\"pl-PL\"},{\"@type\":\"Organization\",\"@id\":\"https:\/\/zsp1chojna.pl\/#organization\",\"name\":\"ZSP w Chojnie\",\"url\":\"https:\/\/zsp1chojna.pl\/\",\"logo\":{\"@type\":\"ImageObject\",\"inLanguage\":\"pl-PL\",\"@id\":\"https:\/\/zsp1chojna.pl\/#\/schema\/logo\/image\/\",\"url\":\"https:\/\/zsp1chojna.pl\/wp-content\/uploads\/2023\/08\/cropped-cropped-cropped-Logo-biale-napis-na-3-wiersze_504-1.png\",\"contentUrl\":\"https:\/\/zsp1chojna.pl\/wp-content\/uploads\/2023\/08\/cropped-cropped-cropped-Logo-biale-napis-na-3-wiersze_504-1.png\",\"width\":504,\"height\":167,\"caption\":\"ZSP w Chojnie\"},\"image\":{\"@id\":\"https:\/\/zsp1chojna.pl\/#\/schema\/logo\/image\/\"}},{\"@type\":\"Person\",\"@id\":\"https:\/\/zsp1chojna.pl\/#\/schema\/person\/e974e35b71ad4899de9d84ba9baed22f\",\"name\":\"kacper27\",\"image\":{\"@type\":\"ImageObject\",\"inLanguage\":\"pl-PL\",\"@id\":\"https:\/\/zsp1chojna.pl\/#\/schema\/person\/image\/\",\"url\":\"https:\/\/secure.gravatar.com\/avatar\/233d005830da7db1760a03aba4b7a8303a369edf5f46a429dfe66f876a3f452c?s=96&d=mm&r=g\",\"contentUrl\":\"https:\/\/secure.gravatar.com\/avatar\/233d005830da7db1760a03aba4b7a8303a369edf5f46a429dfe66f876a3f452c?s=96&d=mm&r=g\",\"caption\":\"kacper27\"},\"url\":\"https:\/\/zsp1chojna.pl\/?author=2\"}]}<\/script>\n<!-- \/ Yoast SEO plugin. -->","yoast_head_json":{"title":"Odby\u0142o si\u0119\u00a0spotkanie profilaktyczne m\u0142odzie\u017cy z\u00a0funkcjonariuszem Policji - ZSP w Chojnie","robots":{"index":"index","follow":"follow","max-snippet":"max-snippet:-1","max-image-preview":"max-image-preview:large","max-video-preview":"max-video-preview:-1"},"canonical":"https:\/\/zsp1chojna.pl\/?p=1126","og_locale":"pl_PL","og_type":"article","og_title":"Odby\u0142o si\u0119\u00a0spotkanie profilaktyczne m\u0142odzie\u017cy z\u00a0funkcjonariuszem Policji - ZSP w Chojnie","og_description":"7&nbsp;lutego 2023&nbsp;r. odby\u0142o si\u0119 spotkanie profilaktyczne m\u0142odzie\u017cy z&nbsp;funkcjonariuszem Policji, dzielnicowym Patrykiem Zimol\u0105giem z&nbsp;Komisariatu Policji w&nbsp;Chojnie. Podczas spotkania om\u00f3wiono najwa\u017cniejsze sprawy i\u00a0problemy profilaktyczne, dotycz\u0105ce w\u00a0 szczeg\u00f3lno\u015bci bezpiecze\u0144stwa podczas ferii zimowych oraz\u00a0zosta\u0142y [&hellip;]","og_url":"https:\/\/zsp1chojna.pl\/?p=1126","og_site_name":"ZSP w Chojnie","article_published_time":"2023-02-07T20:42:19+00:00","article_modified_time":"2023-08-18T19:43:35+00:00","og_image":[{"width":550,"height":248,"url":"https:\/\/zsp1chojna.pl\/wp-content\/uploads\/2023\/08\/spotkanie-z-policjantem.jpg","type":"image\/jpeg"}],"author":"kacper27","twitter_card":"summary_large_image","twitter_misc":{"Napisane przez":"kacper27","Szacowany czas czytania":"1 minuta"},"schema":{"@context":"https:\/\/schema.org","@graph":[{"@type":"Article","@id":"https:\/\/zsp1chojna.pl\/?p=1126#article","isPartOf":{"@id":"https:\/\/zsp1chojna.pl\/?p=1126"},"author":{"name":"kacper27","@id":"https:\/\/zsp1chojna.pl\/#\/schema\/person\/e974e35b71ad4899de9d84ba9baed22f"},"headline":"Odby\u0142o si\u0119\u00a0spotkanie profilaktyczne m\u0142odzie\u017cy z\u00a0funkcjonariuszem Policji","datePublished":"2023-02-07T20:42:19+00:00","dateModified":"2023-08-18T19:43:35+00:00","mainEntityOfPage":{"@id":"https:\/\/zsp1chojna.pl\/?p=1126"},"wordCount":98,"commentCount":0,"publisher":{"@id":"https:\/\/zsp1chojna.pl\/#organization"},"articleSection":["Aktualno\u015bci 2022\/2023"],"inLanguage":"pl-PL","potentialAction":[{"@type":"CommentAction","name":"Comment","target":["https:\/\/zsp1chojna.pl\/?p=1126#respond"]}]},{"@type":"WebPage","@id":"https:\/\/zsp1chojna.pl\/?p=1126","url":"https:\/\/zsp1chojna.pl\/?p=1126","name":"Odby\u0142o si\u0119\u00a0spotkanie profilaktyczne m\u0142odzie\u017cy z\u00a0funkcjonariuszem Policji - ZSP w Chojnie","isPartOf":{"@id":"https:\/\/zsp1chojna.pl\/#website"},"datePublished":"2023-02-07T20:42:19+00:00","dateModified":"2023-08-18T19:43:35+00:00","breadcrumb":{"@id":"https:\/\/zsp1chojna.pl\/?p=1126#breadcrumb"},"inLanguage":"pl-PL","potentialAction":[{"@type":"ReadAction","target":["https:\/\/zsp1chojna.pl\/?p=1126"]}]},{"@type":"BreadcrumbList","@id":"https:\/\/zsp1chojna.pl\/?p=1126#breadcrumb","itemListElement":[{"@type":"ListItem","position":1,"name":"Home","item":"https:\/\/zsp1chojna.pl\/"},{"@type":"ListItem","position":2,"name":"Odby\u0142o si\u0119\u00a0spotkanie profilaktyczne m\u0142odzie\u017cy z\u00a0funkcjonariuszem Policji"}]},{"@type":"WebSite","@id":"https:\/\/zsp1chojna.pl\/#website","url":"https:\/\/zsp1chojna.pl\/","name":"ZSP w Chojnie","description":"","publisher":{"@id":"https:\/\/zsp1chojna.pl\/#organization"},"potentialAction":[{"@type":"SearchAction","target":{"@type":"EntryPoint","urlTemplate":"https:\/\/zsp1chojna.pl\/?s={search_term_string}"},"query-input":"required name=search_term_string"}],"inLanguage":"pl-PL"},{"@type":"Organization","@id":"https:\/\/zsp1chojna.pl\/#organization","name":"ZSP w Chojnie","url":"https:\/\/zsp1chojna.pl\/","logo":{"@type":"ImageObject","inLanguage":"pl-PL","@id":"https:\/\/zsp1chojna.pl\/#\/schema\/logo\/image\/","url":"https:\/\/zsp1chojna.pl\/wp-content\/uploads\/2023\/08\/cropped-cropped-cropped-Logo-biale-napis-na-3-wiersze_504-1.png","contentUrl":"https:\/\/zsp1chojna.pl\/wp-content\/uploads\/2023\/08\/cropped-cropped-cropped-Logo-biale-napis-na-3-wiersze_504-1.png","width":504,"height":167,"caption":"ZSP w Chojnie"},"image":{"@id":"https:\/\/zsp1chojna.pl\/#\/schema\/logo\/image\/"}},{"@type":"Person","@id":"https:\/\/zsp1chojna.pl\/#\/schema\/person\/e974e35b71ad4899de9d84ba9baed22f","name":"kacper27","image":{"@type":"ImageObject","inLanguage":"pl-PL","@id":"https:\/\/zsp1chojna.pl\/#\/schema\/person\/image\/","url":"https:\/\/secure.gravatar.com\/avatar\/233d005830da7db1760a03aba4b7a8303a369edf5f46a429dfe66f876a3f452c?s=96&d=mm&r=g","contentUrl":"https:\/\/secure.gravatar.com\/avatar\/233d005830da7db1760a03aba4b7a8303a369edf5f46a429dfe66f876a3f452c?s=96&d=mm&r=g","caption":"kacper27"},"url":"https:\/\/zsp1chojna.pl\/?author=2"}]}},"jetpack_featured_media_url":"https:\/\/zsp1chojna.pl\/wp-content\/uploads\/2023\/08\/spotkanie-z-policjantem.jpg","_links":{"self":[{"href":"https:\/\/zsp1chojna.pl\/index.php?rest_route=\/wp\/v2\/posts\/1126","targetHints":{"allow":["GET"]}}],"collection":[{"href":"https:\/\/zsp1chojna.pl\/index.php?rest_route=\/wp\/v2\/posts"}],"about":[{"href":"https:\/\/zsp1chojna.pl\/index.php?rest_route=\/wp\/v2\/types\/post"}],"author":[{"embeddable":true,"href":"https:\/\/zsp1chojna.pl\/index.php?rest_route=\/wp\/v2\/users\/2"}],"replies":[{"embeddable":true,"href":"https:\/\/zsp1chojna.pl\/index.php?rest_route=%2Fwp%2Fv2%2Fcomments&post=1126"}],"version-history":[{"count":1,"href":"https:\/\/zsp1chojna.pl\/index.php?rest_route=\/wp\/v2\/posts\/1126\/revisions"}],"predecessor-version":[{"id":1128,"href":"https:\/\/zsp1chojna.pl\/index.php?rest_route=\/wp\/v2\/posts\/1126\/revisions\/1128"}],"wp:featuredmedia":[{"embeddable":true,"href":"https:\/\/zsp1chojna.pl\/index.php?rest_route=\/wp\/v2\/media\/1127"}],"wp:attachment":[{"href":"https:\/\/zsp1chojna.pl\/index.php?rest_route=%2Fwp%2Fv2%2Fmedia&parent=1126"}],"wp:term":[{"taxonomy":"category","embeddable":true,"href":"https:\/\/zsp1chojna.pl\/index.php?rest_route=%2Fwp%2Fv2%2Fcategories&post=1126"},{"taxonomy":"post_tag","embeddable":true,"href":"https:\/\/zsp1chojna.pl\/index.php?rest_route=%2Fwp%2Fv2%2Ftags&post=1126"}],"curies":[{"name":"wp","href":"https:\/\/api.w.org\/{rel}","templated":true}]}}