{"id":1019,"date":"2023-03-21T16:29:49","date_gmt":"2023-03-21T15:29:49","guid":{"rendered":"https:\/\/zsp1chojna.pl\/?p=1019"},"modified":"2023-08-17T16:40:04","modified_gmt":"2023-08-17T14:40:04","slug":"czlonkowie-dyskusyjnego-klubu-ksiazki-wzieli-udzial-w-wieczornym-kramiku-literackim","status":"publish","type":"post","link":"https:\/\/zsp1chojna.pl\/?p=1019","title":{"rendered":"Cz\u0142onkowie Dyskusyjnego Klubu Ksi\u0105\u017cki wzi\u0119li\u00a0udzia\u0142 w\u00a0Wieczornym Kramiku Literackim"},"content":{"rendered":"\n<p class=\"has-text-align-right\"><strong>Niekt\u00f3rzy lubi\u0105 poezj\u0119<\/strong><\/p>\n\n\n\n<p class=\"has-text-align-right\"><em>Niekt\u00f3rzy<\/em><em><br>czyli nie&nbsp;wszyscy.<br>Nawet nie&nbsp;wi\u0119kszo\u015b\u0107 wszystkich, ale&nbsp;mniejszo\u015b\u0107.<br>Nie licz\u0105c szk\u00f3\u0142, gdzie si\u0119 musi,<br>i samych poet\u00f3w,<br>b\u0119dzie tych os\u00f3b chyba dwie na&nbsp;tysi\u0105c[\u2026]<\/em><br>Wis\u0142awa Szymborska<\/p>\n\n\n\n<p class=\"has-text-align-justify\">21&nbsp;marca 2023&nbsp;r. z&nbsp;okazji \u015awiatowego Dnia Poezji, w&nbsp;murach Miejskiej Biblioteki Publicznej w&nbsp;Chojnie, odby\u0142 si\u0119 Wieczorny Kramik Literacki. Spotkanie po\u015bwi\u0119cone by\u0142o \u017cyciu oraz&nbsp;tw\u00f3rczo\u015bci Wis\u0142awy Szymborskiej nieprzypadkowo, poniewa\u017c uchwa\u0142\u0105 Senatu RP, Wis\u0142awa Szymborska zosta\u0142a patronk\u0105 roku 2023, w&nbsp;zwi\u0105zku z&nbsp;przypadaj\u0105c\u0105 w&nbsp;tym roku, 100&nbsp; rocznic\u0105 urodzin. By\u0142a to&nbsp;wybitna polska poetka, eseistka, t\u0142umaczka, oraz&nbsp;laureatka Nagrody Nobla w&nbsp;dziedzinie literatury.<\/p>\n\n\n<div class=\"wp-block-image\">\n<figure class=\"aligncenter size-full\"><img loading=\"lazy\" decoding=\"async\" width=\"500\" height=\"708\" data-attachment-id=\"1020\" data-permalink=\"https:\/\/zsp1chojna.pl\/?attachment_id=1020\" data-orig-file=\"https:\/\/zsp1chojna.pl\/wp-content\/uploads\/2023\/08\/kramik_literacki-2023-1.png\" data-orig-size=\"500,708\" data-comments-opened=\"1\" data-image-meta=\"{&quot;aperture&quot;:&quot;0&quot;,&quot;credit&quot;:&quot;&quot;,&quot;camera&quot;:&quot;&quot;,&quot;caption&quot;:&quot;&quot;,&quot;created_timestamp&quot;:&quot;0&quot;,&quot;copyright&quot;:&quot;&quot;,&quot;focal_length&quot;:&quot;0&quot;,&quot;iso&quot;:&quot;0&quot;,&quot;shutter_speed&quot;:&quot;0&quot;,&quot;title&quot;:&quot;&quot;,&quot;orientation&quot;:&quot;0&quot;}\" data-image-title=\"kramik_literacki-2023-1\" data-image-description=\"\" data-image-caption=\"\" data-medium-file=\"https:\/\/zsp1chojna.pl\/wp-content\/uploads\/2023\/08\/kramik_literacki-2023-1-212x300.png\" data-large-file=\"https:\/\/zsp1chojna.pl\/wp-content\/uploads\/2023\/08\/kramik_literacki-2023-1.png\" src=\"https:\/\/zsp1chojna.pl\/wp-content\/uploads\/2023\/08\/kramik_literacki-2023-1.png\" alt=\"Plakat\" class=\"wp-image-1020\" srcset=\"https:\/\/zsp1chojna.pl\/wp-content\/uploads\/2023\/08\/kramik_literacki-2023-1.png 500w, https:\/\/zsp1chojna.pl\/wp-content\/uploads\/2023\/08\/kramik_literacki-2023-1-212x300.png 212w\" sizes=\"auto, (max-width: 500px) 100vw, 500px\" \/><\/figure>\n<\/div>\n\n\n<p class=\"has-text-align-justify\">Wieczorny Kramik Literacki, to\u00a0akcja czytelnicza, kt\u00f3rej\u00a0inicjatorami s\u0105 Choje\u0144sko-Gryfi\u0144skie Stowarzyszenie Wsp\u00f3lnej Europy oraz\u00a0Miejska Biblioteka Publiczna. Po\u00a0raz\u00a0kolejny w\u00a0organizacj\u0119 oraz\u00a0prowadzenie spotkania, w\u0142\u0105czy\u0142a si\u0119 m\u0142odzie\u017c ZSP w\u00a0Chojnie. Wprowadzenie przygotowa\u0142y panie Dorota Dobak-Hadrzy\u0144ska oraz\u00a0pani Eugenia Hajduk. Natomiast nasi uczniowie \u2013 cz\u0142onkowie Dyskusyjnego Klubu Ksi\u0105\u017cki, czytali wybrane fragmenty utwor\u00f3w.<\/p>\n\n\n<style>.kb-row-layout-id1019_2c72fa-14 > .kt-row-column-wrap{align-content:start;}:where(.kb-row-layout-id1019_2c72fa-14 > .kt-row-column-wrap) > .wp-block-kadence-column{justify-content:start;}.kb-row-layout-id1019_2c72fa-14 > .kt-row-column-wrap{column-gap:var(--global-kb-gap-sm, 1rem);row-gap:var(--global-kb-gap-none, 0 );padding-top:0px;padding-bottom:0px;grid-template-columns:repeat(2, minmax(0, 1fr));}.kb-row-layout-id1019_2c72fa-14 > .kt-row-layout-overlay{opacity:0.30;}@media all and (max-width: 1024px){.kb-row-layout-id1019_2c72fa-14 > .kt-row-column-wrap{grid-template-columns:repeat(2, minmax(0, 1fr));}}@media all and (max-width: 767px){.kb-row-layout-id1019_2c72fa-14 > .kt-row-column-wrap{grid-template-columns:minmax(0, 1fr);}}<\/style><div class=\"kb-row-layout-wrap kb-row-layout-id1019_2c72fa-14 alignnone wp-block-kadence-rowlayout\"><div class=\"kt-row-column-wrap kt-has-2-columns kt-row-layout-equal kt-tab-layout-inherit kt-mobile-layout-row kt-row-valign-top\">\n<style>.kadence-column1019_610906-67 > .kt-inside-inner-col,.kadence-column1019_610906-67 > .kt-inside-inner-col:before{border-top-left-radius:0px;border-top-right-radius:0px;border-bottom-right-radius:0px;border-bottom-left-radius:0px;}.kadence-column1019_610906-67 > .kt-inside-inner-col:before{opacity:0.3;}.kadence-column1019_610906-67{position:relative;}<\/style>\n<div class=\"wp-block-kadence-column kadence-column1019_610906-67\"><div class=\"kt-inside-inner-col\">\n<figure class=\"wp-block-image size-full\"><img loading=\"lazy\" decoding=\"async\" width=\"550\" height=\"251\" data-attachment-id=\"1022\" data-permalink=\"https:\/\/zsp1chojna.pl\/?attachment_id=1022\" data-orig-file=\"https:\/\/zsp1chojna.pl\/wp-content\/uploads\/2023\/08\/kramik_literacki-2023-1.jpg\" data-orig-size=\"550,251\" data-comments-opened=\"1\" data-image-meta=\"{&quot;aperture&quot;:&quot;0&quot;,&quot;credit&quot;:&quot;&quot;,&quot;camera&quot;:&quot;&quot;,&quot;caption&quot;:&quot;&quot;,&quot;created_timestamp&quot;:&quot;0&quot;,&quot;copyright&quot;:&quot;&quot;,&quot;focal_length&quot;:&quot;0&quot;,&quot;iso&quot;:&quot;0&quot;,&quot;shutter_speed&quot;:&quot;0&quot;,&quot;title&quot;:&quot;&quot;,&quot;orientation&quot;:&quot;0&quot;}\" data-image-title=\"kramik_literacki-2023-1\" data-image-description=\"\" data-image-caption=\"\" data-medium-file=\"https:\/\/zsp1chojna.pl\/wp-content\/uploads\/2023\/08\/kramik_literacki-2023-1-300x137.jpg\" data-large-file=\"https:\/\/zsp1chojna.pl\/wp-content\/uploads\/2023\/08\/kramik_literacki-2023-1.jpg\" src=\"https:\/\/zsp1chojna.pl\/wp-content\/uploads\/2023\/08\/kramik_literacki-2023-1.jpg\" alt=\"Wieczorek literacki\" class=\"wp-image-1022\" srcset=\"https:\/\/zsp1chojna.pl\/wp-content\/uploads\/2023\/08\/kramik_literacki-2023-1.jpg 550w, https:\/\/zsp1chojna.pl\/wp-content\/uploads\/2023\/08\/kramik_literacki-2023-1-300x137.jpg 300w\" sizes=\"auto, (max-width: 550px) 100vw, 550px\" \/><\/figure>\n<\/div><\/div>\n\n\n<style>.kadence-column1019_906ed3-0b > .kt-inside-inner-col,.kadence-column1019_906ed3-0b > .kt-inside-inner-col:before{border-top-left-radius:0px;border-top-right-radius:0px;border-bottom-right-radius:0px;border-bottom-left-radius:0px;}.kadence-column1019_906ed3-0b > .kt-inside-inner-col:before{opacity:0.3;}.kadence-column1019_906ed3-0b{position:relative;}<\/style>\n<div class=\"wp-block-kadence-column kadence-column1019_906ed3-0b\"><div class=\"kt-inside-inner-col\">\n<figure class=\"wp-block-image size-full\"><img loading=\"lazy\" decoding=\"async\" width=\"550\" height=\"251\" data-attachment-id=\"1021\" data-permalink=\"https:\/\/zsp1chojna.pl\/?attachment_id=1021\" data-orig-file=\"https:\/\/zsp1chojna.pl\/wp-content\/uploads\/2023\/08\/kramik_literacki-2023-2.jpg\" data-orig-size=\"550,251\" data-comments-opened=\"1\" data-image-meta=\"{&quot;aperture&quot;:&quot;0&quot;,&quot;credit&quot;:&quot;&quot;,&quot;camera&quot;:&quot;&quot;,&quot;caption&quot;:&quot;&quot;,&quot;created_timestamp&quot;:&quot;0&quot;,&quot;copyright&quot;:&quot;&quot;,&quot;focal_length&quot;:&quot;0&quot;,&quot;iso&quot;:&quot;0&quot;,&quot;shutter_speed&quot;:&quot;0&quot;,&quot;title&quot;:&quot;&quot;,&quot;orientation&quot;:&quot;0&quot;}\" data-image-title=\"kramik_literacki-2023-2\" data-image-description=\"\" data-image-caption=\"\" data-medium-file=\"https:\/\/zsp1chojna.pl\/wp-content\/uploads\/2023\/08\/kramik_literacki-2023-2-300x137.jpg\" data-large-file=\"https:\/\/zsp1chojna.pl\/wp-content\/uploads\/2023\/08\/kramik_literacki-2023-2.jpg\" src=\"https:\/\/zsp1chojna.pl\/wp-content\/uploads\/2023\/08\/kramik_literacki-2023-2.jpg\" alt=\"Wieczorek literacki\" class=\"wp-image-1021\" srcset=\"https:\/\/zsp1chojna.pl\/wp-content\/uploads\/2023\/08\/kramik_literacki-2023-2.jpg 550w, https:\/\/zsp1chojna.pl\/wp-content\/uploads\/2023\/08\/kramik_literacki-2023-2-300x137.jpg 300w\" sizes=\"auto, (max-width: 550px) 100vw, 550px\" \/><\/figure>\n<\/div><\/div>\n\n<\/div><\/div>\n\n\n<p class=\"has-text-align-justify\">Wydarzeniu towarzyszy\u0142a wystawa prac \u201eKobieca Wyobra\u017ania\u201d, grupy pod\u00a0nazw\u0105: \u201eWi\u0119zi Sztuk\u0105\u201d, dzia\u0142aj\u0105cej przy Centrum Kultury w\u00a0Chojnie.<\/p>\n\n\n\n<p><\/p>\n\n\n\n<p class=\"has-text-align-right\">Gabriela Lasowska<\/p>\n","protected":false},"excerpt":{"rendered":"<p>Niekt\u00f3rzy lubi\u0105 poezj\u0119 Niekt\u00f3rzyczyli nie&nbsp;wszyscy.Nawet nie&nbsp;wi\u0119kszo\u015b\u0107 wszystkich, ale&nbsp;mniejszo\u015b\u0107.Nie licz\u0105c szk\u00f3\u0142, gdzie si\u0119 musi,i samych poet\u00f3w,b\u0119dzie tych os\u00f3b chyba dwie na&nbsp;tysi\u0105c[\u2026]Wis\u0142awa Szymborska 21&nbsp;marca 2023&nbsp;r. z&nbsp;okazji \u015awiatowego Dnia Poezji, w&nbsp;murach Miejskiej Biblioteki [&hellip;]<\/p>\n","protected":false},"author":2,"featured_media":1022,"comment_status":"open","ping_status":"open","sticky":false,"template":"","format":"standard","meta":{"footnotes":""},"categories":[8],"tags":[],"class_list":["post-1019","post","type-post","status-publish","format-standard","has-post-thumbnail","hentry","category-aktualnosci-2022-2023"],"wbAuthor":{"name":"kacper27","link":"https:\/\/zsp1chojna.pl\/?author=2"},"wbDate":"mar 21, 2023","wbCategories":{"space":"<a href=\"https:\/\/zsp1chojna.pl\/?cat=8\" rel=\"category\">Aktualno\u015bci 2022\/2023<\/a>","coma":"<a href=\"https:\/\/zsp1chojna.pl\/?cat=8\" rel=\"category\">Aktualno\u015bci 2022\/2023<\/a>"},"wbComment":0,"yoast_head":"<!-- This site is optimized with the Yoast SEO plugin v20.13 - https:\/\/yoast.com\/wordpress\/plugins\/seo\/ -->\n<title>Cz\u0142onkowie Dyskusyjnego Klubu Ksi\u0105\u017cki wzi\u0119li\u00a0udzia\u0142 w\u00a0Wieczornym Kramiku Literackim - ZSP w Chojnie<\/title>\n<meta name=\"robots\" content=\"index, follow, max-snippet:-1, max-image-preview:large, max-video-preview:-1\" \/>\n<link rel=\"canonical\" href=\"https:\/\/zsp1chojna.pl\/?p=1019\" \/>\n<meta property=\"og:locale\" content=\"pl_PL\" \/>\n<meta property=\"og:type\" content=\"article\" \/>\n<meta property=\"og:title\" content=\"Cz\u0142onkowie Dyskusyjnego Klubu Ksi\u0105\u017cki wzi\u0119li\u00a0udzia\u0142 w\u00a0Wieczornym Kramiku Literackim - ZSP w Chojnie\" \/>\n<meta property=\"og:description\" content=\"Niekt\u00f3rzy lubi\u0105 poezj\u0119 Niekt\u00f3rzyczyli nie&nbsp;wszyscy.Nawet nie&nbsp;wi\u0119kszo\u015b\u0107 wszystkich, ale&nbsp;mniejszo\u015b\u0107.Nie licz\u0105c szk\u00f3\u0142, gdzie si\u0119 musi,i samych poet\u00f3w,b\u0119dzie tych os\u00f3b chyba dwie na&nbsp;tysi\u0105c[\u2026]Wis\u0142awa Szymborska 21&nbsp;marca 2023&nbsp;r. z&nbsp;okazji \u015awiatowego Dnia Poezji, w&nbsp;murach Miejskiej Biblioteki [&hellip;]\" \/>\n<meta property=\"og:url\" content=\"https:\/\/zsp1chojna.pl\/?p=1019\" \/>\n<meta property=\"og:site_name\" content=\"ZSP w Chojnie\" \/>\n<meta property=\"article:published_time\" content=\"2023-03-21T15:29:49+00:00\" \/>\n<meta property=\"article:modified_time\" content=\"2023-08-17T14:40:04+00:00\" \/>\n<meta property=\"og:image\" content=\"https:\/\/zsp1chojna.pl\/wp-content\/uploads\/2023\/08\/kramik_literacki-2023-1.jpg\" \/>\n\t<meta property=\"og:image:width\" content=\"550\" \/>\n\t<meta property=\"og:image:height\" content=\"251\" \/>\n\t<meta property=\"og:image:type\" content=\"image\/jpeg\" \/>\n<meta name=\"author\" content=\"kacper27\" \/>\n<meta name=\"twitter:card\" content=\"summary_large_image\" \/>\n<meta name=\"twitter:label1\" content=\"Napisane przez\" \/>\n\t<meta name=\"twitter:data1\" content=\"kacper27\" \/>\n\t<meta name=\"twitter:label2\" content=\"Szacowany czas czytania\" \/>\n\t<meta name=\"twitter:data2\" content=\"2 minuty\" \/>\n<script type=\"application\/ld+json\" class=\"yoast-schema-graph\">{\"@context\":\"https:\/\/schema.org\",\"@graph\":[{\"@type\":\"Article\",\"@id\":\"https:\/\/zsp1chojna.pl\/?p=1019#article\",\"isPartOf\":{\"@id\":\"https:\/\/zsp1chojna.pl\/?p=1019\"},\"author\":{\"name\":\"kacper27\",\"@id\":\"https:\/\/zsp1chojna.pl\/#\/schema\/person\/e974e35b71ad4899de9d84ba9baed22f\"},\"headline\":\"Cz\u0142onkowie Dyskusyjnego Klubu Ksi\u0105\u017cki wzi\u0119li\u00a0udzia\u0142 w\u00a0Wieczornym Kramiku Literackim\",\"datePublished\":\"2023-03-21T15:29:49+00:00\",\"dateModified\":\"2023-08-17T14:40:04+00:00\",\"mainEntityOfPage\":{\"@id\":\"https:\/\/zsp1chojna.pl\/?p=1019\"},\"wordCount\":229,\"commentCount\":0,\"publisher\":{\"@id\":\"https:\/\/zsp1chojna.pl\/#organization\"},\"articleSection\":[\"Aktualno\u015bci 2022\/2023\"],\"inLanguage\":\"pl-PL\",\"potentialAction\":[{\"@type\":\"CommentAction\",\"name\":\"Comment\",\"target\":[\"https:\/\/zsp1chojna.pl\/?p=1019#respond\"]}]},{\"@type\":\"WebPage\",\"@id\":\"https:\/\/zsp1chojna.pl\/?p=1019\",\"url\":\"https:\/\/zsp1chojna.pl\/?p=1019\",\"name\":\"Cz\u0142onkowie Dyskusyjnego Klubu Ksi\u0105\u017cki wzi\u0119li\u00a0udzia\u0142 w\u00a0Wieczornym Kramiku Literackim - ZSP w Chojnie\",\"isPartOf\":{\"@id\":\"https:\/\/zsp1chojna.pl\/#website\"},\"datePublished\":\"2023-03-21T15:29:49+00:00\",\"dateModified\":\"2023-08-17T14:40:04+00:00\",\"breadcrumb\":{\"@id\":\"https:\/\/zsp1chojna.pl\/?p=1019#breadcrumb\"},\"inLanguage\":\"pl-PL\",\"potentialAction\":[{\"@type\":\"ReadAction\",\"target\":[\"https:\/\/zsp1chojna.pl\/?p=1019\"]}]},{\"@type\":\"BreadcrumbList\",\"@id\":\"https:\/\/zsp1chojna.pl\/?p=1019#breadcrumb\",\"itemListElement\":[{\"@type\":\"ListItem\",\"position\":1,\"name\":\"Home\",\"item\":\"https:\/\/zsp1chojna.pl\/\"},{\"@type\":\"ListItem\",\"position\":2,\"name\":\"Cz\u0142onkowie Dyskusyjnego Klubu Ksi\u0105\u017cki wzi\u0119li\u00a0udzia\u0142 w\u00a0Wieczornym Kramiku Literackim\"}]},{\"@type\":\"WebSite\",\"@id\":\"https:\/\/zsp1chojna.pl\/#website\",\"url\":\"https:\/\/zsp1chojna.pl\/\",\"name\":\"ZSP w Chojnie\",\"description\":\"\",\"publisher\":{\"@id\":\"https:\/\/zsp1chojna.pl\/#organization\"},\"potentialAction\":[{\"@type\":\"SearchAction\",\"target\":{\"@type\":\"EntryPoint\",\"urlTemplate\":\"https:\/\/zsp1chojna.pl\/?s={search_term_string}\"},\"query-input\":\"required name=search_term_string\"}],\"inLanguage\":\"pl-PL\"},{\"@type\":\"Organization\",\"@id\":\"https:\/\/zsp1chojna.pl\/#organization\",\"name\":\"ZSP w Chojnie\",\"url\":\"https:\/\/zsp1chojna.pl\/\",\"logo\":{\"@type\":\"ImageObject\",\"inLanguage\":\"pl-PL\",\"@id\":\"https:\/\/zsp1chojna.pl\/#\/schema\/logo\/image\/\",\"url\":\"https:\/\/zsp1chojna.pl\/wp-content\/uploads\/2023\/08\/cropped-cropped-cropped-Logo-biale-napis-na-3-wiersze_504-1.png\",\"contentUrl\":\"https:\/\/zsp1chojna.pl\/wp-content\/uploads\/2023\/08\/cropped-cropped-cropped-Logo-biale-napis-na-3-wiersze_504-1.png\",\"width\":504,\"height\":167,\"caption\":\"ZSP w Chojnie\"},\"image\":{\"@id\":\"https:\/\/zsp1chojna.pl\/#\/schema\/logo\/image\/\"}},{\"@type\":\"Person\",\"@id\":\"https:\/\/zsp1chojna.pl\/#\/schema\/person\/e974e35b71ad4899de9d84ba9baed22f\",\"name\":\"kacper27\",\"image\":{\"@type\":\"ImageObject\",\"inLanguage\":\"pl-PL\",\"@id\":\"https:\/\/zsp1chojna.pl\/#\/schema\/person\/image\/\",\"url\":\"https:\/\/secure.gravatar.com\/avatar\/233d005830da7db1760a03aba4b7a8303a369edf5f46a429dfe66f876a3f452c?s=96&d=mm&r=g\",\"contentUrl\":\"https:\/\/secure.gravatar.com\/avatar\/233d005830da7db1760a03aba4b7a8303a369edf5f46a429dfe66f876a3f452c?s=96&d=mm&r=g\",\"caption\":\"kacper27\"},\"url\":\"https:\/\/zsp1chojna.pl\/?author=2\"}]}<\/script>\n<!-- \/ Yoast SEO plugin. -->","yoast_head_json":{"title":"Cz\u0142onkowie Dyskusyjnego Klubu Ksi\u0105\u017cki wzi\u0119li\u00a0udzia\u0142 w\u00a0Wieczornym Kramiku Literackim - ZSP w Chojnie","robots":{"index":"index","follow":"follow","max-snippet":"max-snippet:-1","max-image-preview":"max-image-preview:large","max-video-preview":"max-video-preview:-1"},"canonical":"https:\/\/zsp1chojna.pl\/?p=1019","og_locale":"pl_PL","og_type":"article","og_title":"Cz\u0142onkowie Dyskusyjnego Klubu Ksi\u0105\u017cki wzi\u0119li\u00a0udzia\u0142 w\u00a0Wieczornym Kramiku Literackim - ZSP w Chojnie","og_description":"Niekt\u00f3rzy lubi\u0105 poezj\u0119 Niekt\u00f3rzyczyli nie&nbsp;wszyscy.Nawet nie&nbsp;wi\u0119kszo\u015b\u0107 wszystkich, ale&nbsp;mniejszo\u015b\u0107.Nie licz\u0105c szk\u00f3\u0142, gdzie si\u0119 musi,i samych poet\u00f3w,b\u0119dzie tych os\u00f3b chyba dwie na&nbsp;tysi\u0105c[\u2026]Wis\u0142awa Szymborska 21&nbsp;marca 2023&nbsp;r. z&nbsp;okazji \u015awiatowego Dnia Poezji, w&nbsp;murach Miejskiej Biblioteki [&hellip;]","og_url":"https:\/\/zsp1chojna.pl\/?p=1019","og_site_name":"ZSP w Chojnie","article_published_time":"2023-03-21T15:29:49+00:00","article_modified_time":"2023-08-17T14:40:04+00:00","og_image":[{"width":550,"height":251,"url":"https:\/\/zsp1chojna.pl\/wp-content\/uploads\/2023\/08\/kramik_literacki-2023-1.jpg","type":"image\/jpeg"}],"author":"kacper27","twitter_card":"summary_large_image","twitter_misc":{"Napisane przez":"kacper27","Szacowany czas czytania":"2 minuty"},"schema":{"@context":"https:\/\/schema.org","@graph":[{"@type":"Article","@id":"https:\/\/zsp1chojna.pl\/?p=1019#article","isPartOf":{"@id":"https:\/\/zsp1chojna.pl\/?p=1019"},"author":{"name":"kacper27","@id":"https:\/\/zsp1chojna.pl\/#\/schema\/person\/e974e35b71ad4899de9d84ba9baed22f"},"headline":"Cz\u0142onkowie Dyskusyjnego Klubu Ksi\u0105\u017cki wzi\u0119li\u00a0udzia\u0142 w\u00a0Wieczornym Kramiku Literackim","datePublished":"2023-03-21T15:29:49+00:00","dateModified":"2023-08-17T14:40:04+00:00","mainEntityOfPage":{"@id":"https:\/\/zsp1chojna.pl\/?p=1019"},"wordCount":229,"commentCount":0,"publisher":{"@id":"https:\/\/zsp1chojna.pl\/#organization"},"articleSection":["Aktualno\u015bci 2022\/2023"],"inLanguage":"pl-PL","potentialAction":[{"@type":"CommentAction","name":"Comment","target":["https:\/\/zsp1chojna.pl\/?p=1019#respond"]}]},{"@type":"WebPage","@id":"https:\/\/zsp1chojna.pl\/?p=1019","url":"https:\/\/zsp1chojna.pl\/?p=1019","name":"Cz\u0142onkowie Dyskusyjnego Klubu Ksi\u0105\u017cki wzi\u0119li\u00a0udzia\u0142 w\u00a0Wieczornym Kramiku Literackim - ZSP w Chojnie","isPartOf":{"@id":"https:\/\/zsp1chojna.pl\/#website"},"datePublished":"2023-03-21T15:29:49+00:00","dateModified":"2023-08-17T14:40:04+00:00","breadcrumb":{"@id":"https:\/\/zsp1chojna.pl\/?p=1019#breadcrumb"},"inLanguage":"pl-PL","potentialAction":[{"@type":"ReadAction","target":["https:\/\/zsp1chojna.pl\/?p=1019"]}]},{"@type":"BreadcrumbList","@id":"https:\/\/zsp1chojna.pl\/?p=1019#breadcrumb","itemListElement":[{"@type":"ListItem","position":1,"name":"Home","item":"https:\/\/zsp1chojna.pl\/"},{"@type":"ListItem","position":2,"name":"Cz\u0142onkowie Dyskusyjnego Klubu Ksi\u0105\u017cki wzi\u0119li\u00a0udzia\u0142 w\u00a0Wieczornym Kramiku Literackim"}]},{"@type":"WebSite","@id":"https:\/\/zsp1chojna.pl\/#website","url":"https:\/\/zsp1chojna.pl\/","name":"ZSP w Chojnie","description":"","publisher":{"@id":"https:\/\/zsp1chojna.pl\/#organization"},"potentialAction":[{"@type":"SearchAction","target":{"@type":"EntryPoint","urlTemplate":"https:\/\/zsp1chojna.pl\/?s={search_term_string}"},"query-input":"required name=search_term_string"}],"inLanguage":"pl-PL"},{"@type":"Organization","@id":"https:\/\/zsp1chojna.pl\/#organization","name":"ZSP w Chojnie","url":"https:\/\/zsp1chojna.pl\/","logo":{"@type":"ImageObject","inLanguage":"pl-PL","@id":"https:\/\/zsp1chojna.pl\/#\/schema\/logo\/image\/","url":"https:\/\/zsp1chojna.pl\/wp-content\/uploads\/2023\/08\/cropped-cropped-cropped-Logo-biale-napis-na-3-wiersze_504-1.png","contentUrl":"https:\/\/zsp1chojna.pl\/wp-content\/uploads\/2023\/08\/cropped-cropped-cropped-Logo-biale-napis-na-3-wiersze_504-1.png","width":504,"height":167,"caption":"ZSP w Chojnie"},"image":{"@id":"https:\/\/zsp1chojna.pl\/#\/schema\/logo\/image\/"}},{"@type":"Person","@id":"https:\/\/zsp1chojna.pl\/#\/schema\/person\/e974e35b71ad4899de9d84ba9baed22f","name":"kacper27","image":{"@type":"ImageObject","inLanguage":"pl-PL","@id":"https:\/\/zsp1chojna.pl\/#\/schema\/person\/image\/","url":"https:\/\/secure.gravatar.com\/avatar\/233d005830da7db1760a03aba4b7a8303a369edf5f46a429dfe66f876a3f452c?s=96&d=mm&r=g","contentUrl":"https:\/\/secure.gravatar.com\/avatar\/233d005830da7db1760a03aba4b7a8303a369edf5f46a429dfe66f876a3f452c?s=96&d=mm&r=g","caption":"kacper27"},"url":"https:\/\/zsp1chojna.pl\/?author=2"}]}},"jetpack_featured_media_url":"https:\/\/zsp1chojna.pl\/wp-content\/uploads\/2023\/08\/kramik_literacki-2023-1.jpg","_links":{"self":[{"href":"https:\/\/zsp1chojna.pl\/index.php?rest_route=\/wp\/v2\/posts\/1019","targetHints":{"allow":["GET"]}}],"collection":[{"href":"https:\/\/zsp1chojna.pl\/index.php?rest_route=\/wp\/v2\/posts"}],"about":[{"href":"https:\/\/zsp1chojna.pl\/index.php?rest_route=\/wp\/v2\/types\/post"}],"author":[{"embeddable":true,"href":"https:\/\/zsp1chojna.pl\/index.php?rest_route=\/wp\/v2\/users\/2"}],"replies":[{"embeddable":true,"href":"https:\/\/zsp1chojna.pl\/index.php?rest_route=%2Fwp%2Fv2%2Fcomments&post=1019"}],"version-history":[{"count":2,"href":"https:\/\/zsp1chojna.pl\/index.php?rest_route=\/wp\/v2\/posts\/1019\/revisions"}],"predecessor-version":[{"id":1024,"href":"https:\/\/zsp1chojna.pl\/index.php?rest_route=\/wp\/v2\/posts\/1019\/revisions\/1024"}],"wp:featuredmedia":[{"embeddable":true,"href":"https:\/\/zsp1chojna.pl\/index.php?rest_route=\/wp\/v2\/media\/1022"}],"wp:attachment":[{"href":"https:\/\/zsp1chojna.pl\/index.php?rest_route=%2Fwp%2Fv2%2Fmedia&parent=1019"}],"wp:term":[{"taxonomy":"category","embeddable":true,"href":"https:\/\/zsp1chojna.pl\/index.php?rest_route=%2Fwp%2Fv2%2Fcategories&post=1019"},{"taxonomy":"post_tag","embeddable":true,"href":"https:\/\/zsp1chojna.pl\/index.php?rest_route=%2Fwp%2Fv2%2Ftags&post=1019"}],"curies":[{"name":"wp","href":"https:\/\/api.w.org\/{rel}","templated":true}]}}