{"id":1006,"date":"2023-03-22T16:19:00","date_gmt":"2023-03-22T15:19:00","guid":{"rendered":"https:\/\/zsp1chojna.pl\/?p=1006"},"modified":"2023-10-29T19:02:46","modified_gmt":"2023-10-29T18:02:46","slug":"obchodzilismy-dzien-przedsiebiorczosci","status":"publish","type":"post","link":"https:\/\/zsp1chojna.pl\/?p=1006","title":{"rendered":"Obchodzili\u015bmy\u00a0Dzie\u0144 przedsi\u0119biorczo\u015bci"},"content":{"rendered":"\n<p class=\"has-text-align-justify\">22&nbsp;marca 2023&nbsp;r. w&nbsp;naszej szkole obchodzili\u015bmy \u201eDzie\u0144 przedsi\u0119biorczo\u015bci\u201d. W&nbsp;ca\u0142e przedsi\u0119wzi\u0119cie z&nbsp;entuzjazmem zaanga\u017cowa\u0142o si\u0119 wielu nauczycieli, zaproszonych go\u015bci oraz&nbsp;uczni\u00f3w. Dzie\u0144 rozpocz\u0105\u0142 si\u0119 spotkaniem z&nbsp;Pani\u0105 Magdalen\u0105 Procher\u0105, przedstawicielem lokalnych firm \u2013 POMOT i&nbsp;PROGRES, w&nbsp;kt\u00f3rym&nbsp;uczestniczy\u0142a klasa 2&nbsp;MM. Uczniowie zadawali wiele pyta\u0144 dotycz\u0105cych pracy w&nbsp;ww. przedsi\u0119biorstwach. Byli bardzo ciekawi jak&nbsp;wygl\u0105da praca w&nbsp;tych firmach oraz&nbsp;jakie trzeba spe\u0142ni\u0107 wymagania, aby tam pracowa\u0107. W&nbsp;tym dniu odby\u0142y si\u0119 r\u00f3wnie\u017c lekcje z&nbsp;programu \u201eKultura bezpiecze\u0144stwa\u201d, w&nbsp;kt\u00f3rym nasza szko\u0142a uczestniczy ju\u017c kilkana\u015bcie lat. Szkolny koordynator projektu, Pani Joanna Rogacewicz, przeprowadzi\u0142a w&nbsp;klasie 2&nbsp;TB lekcj\u0119 na&nbsp;temat kompetencji mi\u0119kkich, kt\u00f3re w&nbsp;obecnych czasach na&nbsp;rynku pracy s\u0105 bardzo wa\u017cne i&nbsp;niezb\u0119dne, aby odnie\u015b\u0107 sukces w&nbsp;\u017cyciu zawodowym. R\u00f3wnocze\u015bnie Pani Emilia Marcinkowska, klasie 1d LO, przybli\u017cy\u0142a tematy: \u201ePracownik m\u0142odociany\u201d oraz&nbsp;\u201e Praca wakacyjna dla m\u0142odzie\u017cy\u201d. Nast\u0119pnie klasa 2d LO, pod&nbsp;opiek\u0105 Pani Emilii Marcinkowskiej, odwiedzi\u0142a Powiatowy&nbsp; Urz\u0105d Pracy w&nbsp;Gryfinie filia w&nbsp;Chojnie. Pani Agnieszka Sikora, pracownik Urz\u0119du, przedstawi\u0142a uczniom sytuacj\u0119, jaka panuje obecnie na&nbsp;rynku pracy, jakie w&nbsp;naszym powiecie wyst\u0119puj\u0105 zawody deficytowe oraz&nbsp;kto g\u0142\u00f3wnie korzysta z&nbsp;us\u0142ug Urz\u0119du. Uczniowie dowiedzieli si\u0119, co proponuje Urz\u0105d osobom bezrobotnym: dofinansowania na&nbsp;za\u0142o\u017cenie w\u0142asnej dzia\u0142alno\u015bci gospodarczej, dofinansowanie na&nbsp;doposa\u017cenie stanowiska pracy, kursy grupowe i&nbsp;indywidualne, sta\u017ce i&nbsp;wiele innych rozwi\u0105za\u0144. Pani Agnieszka Sikora odwiedzi\u0142a r\u00f3wnie\u017c naszych uczni\u00f3w w&nbsp;szkole. Zaj\u0119cia zosta\u0142y przeprowadzone w&nbsp;klasie 1&nbsp;TB. Uczniowie us\u0142yszeli z&nbsp;jakich us\u0142ug po\u015brednictwa pracy mog\u0105 skorzysta\u0107 udaj\u0105c si\u0119 do&nbsp;Powiatowego Urz\u0119du Pracy. Podczas d\u0142ugiej przerwy odby\u0142 si\u0119 szkolny konkurs pt.&nbsp;\u201ePrzedsi\u0119biorczo\u015b\u0107 na&nbsp;co&nbsp;dzie\u0144\u201d. Polega\u0142 on na&nbsp;rozwi\u0105zaniu testu jednokrotnego wyboru na&nbsp;formularzu Google. Do&nbsp;konkursu przyst\u0105pi\u0142o 14&nbsp;uczni\u00f3w naszej szko\u0142y. I&nbsp;miejsce zaj\u0105\u0142 Aleksander Podyma z&nbsp;klasy 1&nbsp;TB, II miejsce \u2013 Jakub Skrzypek z&nbsp;klasy 4&nbsp;H\u017b i&nbsp;III miejsce \u2013 Dawid Orszulak z&nbsp;klasy 2&nbsp;MM.<\/p>\n\n\n<style>.kb-row-layout-id1006_835bb1-60 > .kt-row-column-wrap{align-content:start;}:where(.kb-row-layout-id1006_835bb1-60 > .kt-row-column-wrap) > .wp-block-kadence-column{justify-content:start;}.kb-row-layout-id1006_835bb1-60 > .kt-row-column-wrap{column-gap:var(--global-kb-gap-sm, 1rem);row-gap:var(--global-kb-gap-none, 0 );padding-top:0px;padding-bottom:0px;grid-template-columns:repeat(2, minmax(0, 1fr));}.kb-row-layout-id1006_835bb1-60 > .kt-row-layout-overlay{opacity:0.30;}@media all and (max-width: 1024px){.kb-row-layout-id1006_835bb1-60 > .kt-row-column-wrap{grid-template-columns:repeat(2, minmax(0, 1fr));}}@media all and (max-width: 767px){.kb-row-layout-id1006_835bb1-60 > .kt-row-column-wrap{grid-template-columns:minmax(0, 1fr);}}<\/style><div class=\"kb-row-layout-wrap kb-row-layout-id1006_835bb1-60 alignnone wp-block-kadence-rowlayout\"><div class=\"kt-row-column-wrap kt-has-2-columns kt-row-layout-equal kt-tab-layout-inherit kt-mobile-layout-row kt-row-valign-top\">\n<style>.kadence-column1006_a63fd5-91 > .kt-inside-inner-col,.kadence-column1006_a63fd5-91 > .kt-inside-inner-col:before{border-top-left-radius:0px;border-top-right-radius:0px;border-bottom-right-radius:0px;border-bottom-left-radius:0px;}.kadence-column1006_a63fd5-91 > .kt-inside-inner-col:before{opacity:0.3;}.kadence-column1006_a63fd5-91{position:relative;}<\/style>\n<div class=\"wp-block-kadence-column kadence-column1006_a63fd5-91\"><div class=\"kt-inside-inner-col\"><div class=\"wp-block-image\">\n<figure class=\"alignright size-full\"><img loading=\"lazy\" decoding=\"async\" width=\"550\" height=\"412\" data-attachment-id=\"1009\" data-permalink=\"https:\/\/zsp1chojna.pl\/?attachment_id=1009\" data-orig-file=\"https:\/\/zsp1chojna.pl\/wp-content\/uploads\/2023\/08\/dzien-przedsiebiorczosci_2023-2.jpg\" data-orig-size=\"550,412\" data-comments-opened=\"1\" data-image-meta=\"{&quot;aperture&quot;:&quot;0&quot;,&quot;credit&quot;:&quot;&quot;,&quot;camera&quot;:&quot;&quot;,&quot;caption&quot;:&quot;&quot;,&quot;created_timestamp&quot;:&quot;0&quot;,&quot;copyright&quot;:&quot;&quot;,&quot;focal_length&quot;:&quot;0&quot;,&quot;iso&quot;:&quot;0&quot;,&quot;shutter_speed&quot;:&quot;0&quot;,&quot;title&quot;:&quot;&quot;,&quot;orientation&quot;:&quot;0&quot;}\" data-image-title=\"dzien-przedsiebiorczosci_2023-2\" data-image-description=\"\" data-image-caption=\"\" data-medium-file=\"https:\/\/zsp1chojna.pl\/wp-content\/uploads\/2023\/08\/dzien-przedsiebiorczosci_2023-2-300x225.jpg\" data-large-file=\"https:\/\/zsp1chojna.pl\/wp-content\/uploads\/2023\/08\/dzien-przedsiebiorczosci_2023-2.jpg\" src=\"https:\/\/zsp1chojna.pl\/wp-content\/uploads\/2023\/08\/dzien-przedsiebiorczosci_2023-2.jpg\" alt=\"Konkurs Przedsi\u0119biorczo\u015b\u0107 na\u00a0co\u00a0dzie\u0144\" class=\"wp-image-1009\" srcset=\"https:\/\/zsp1chojna.pl\/wp-content\/uploads\/2023\/08\/dzien-przedsiebiorczosci_2023-2.jpg 550w, https:\/\/zsp1chojna.pl\/wp-content\/uploads\/2023\/08\/dzien-przedsiebiorczosci_2023-2-300x225.jpg 300w\" sizes=\"auto, (max-width: 550px) 100vw, 550px\" \/><\/figure>\n<\/div><\/div><\/div>\n\n\n<style>.kadence-column1006_1db228-d7 > .kt-inside-inner-col,.kadence-column1006_1db228-d7 > .kt-inside-inner-col:before{border-top-left-radius:0px;border-top-right-radius:0px;border-bottom-right-radius:0px;border-bottom-left-radius:0px;}.kadence-column1006_1db228-d7 > .kt-inside-inner-col:before{opacity:0.3;}.kadence-column1006_1db228-d7{position:relative;}<\/style>\n<div class=\"wp-block-kadence-column kadence-column1006_1db228-d7\"><div class=\"kt-inside-inner-col\"><div class=\"wp-block-image\">\n<figure class=\"alignleft size-full\"><img loading=\"lazy\" decoding=\"async\" width=\"550\" height=\"411\" data-attachment-id=\"1007\" data-permalink=\"https:\/\/zsp1chojna.pl\/?attachment_id=1007\" data-orig-file=\"https:\/\/zsp1chojna.pl\/wp-content\/uploads\/2023\/08\/dzien-przedsiebiorczosci_2023-1.jpg\" data-orig-size=\"550,411\" data-comments-opened=\"1\" data-image-meta=\"{&quot;aperture&quot;:&quot;0&quot;,&quot;credit&quot;:&quot;&quot;,&quot;camera&quot;:&quot;&quot;,&quot;caption&quot;:&quot;&quot;,&quot;created_timestamp&quot;:&quot;0&quot;,&quot;copyright&quot;:&quot;&quot;,&quot;focal_length&quot;:&quot;0&quot;,&quot;iso&quot;:&quot;0&quot;,&quot;shutter_speed&quot;:&quot;0&quot;,&quot;title&quot;:&quot;&quot;,&quot;orientation&quot;:&quot;0&quot;}\" data-image-title=\"dzien-przedsiebiorczosci_2023-1\" data-image-description=\"\" data-image-caption=\"\" data-medium-file=\"https:\/\/zsp1chojna.pl\/wp-content\/uploads\/2023\/08\/dzien-przedsiebiorczosci_2023-1-300x224.jpg\" data-large-file=\"https:\/\/zsp1chojna.pl\/wp-content\/uploads\/2023\/08\/dzien-przedsiebiorczosci_2023-1.jpg\" src=\"https:\/\/zsp1chojna.pl\/wp-content\/uploads\/2023\/08\/dzien-przedsiebiorczosci_2023-1.jpg\" alt=\"Konkurs Przedsi\u0119biorczo\u015b\u0107 na\u00a0co\u00a0dzie\u0144\" class=\"wp-image-1007\" srcset=\"https:\/\/zsp1chojna.pl\/wp-content\/uploads\/2023\/08\/dzien-przedsiebiorczosci_2023-1.jpg 550w, https:\/\/zsp1chojna.pl\/wp-content\/uploads\/2023\/08\/dzien-przedsiebiorczosci_2023-1-300x224.jpg 300w\" sizes=\"auto, (max-width: 550px) 100vw, 550px\" \/><\/figure>\n<\/div><\/div><\/div>\n\n<\/div><\/div>\n\n<div class=\"wp-block-image\">\n<figure class=\"aligncenter size-full\"><img loading=\"lazy\" decoding=\"async\" width=\"550\" height=\"412\" data-attachment-id=\"1008\" data-permalink=\"https:\/\/zsp1chojna.pl\/?attachment_id=1008\" data-orig-file=\"https:\/\/zsp1chojna.pl\/wp-content\/uploads\/2023\/08\/dzien-przedsiebiorczosci_2023-3.jpg\" data-orig-size=\"550,412\" data-comments-opened=\"1\" data-image-meta=\"{&quot;aperture&quot;:&quot;0&quot;,&quot;credit&quot;:&quot;&quot;,&quot;camera&quot;:&quot;&quot;,&quot;caption&quot;:&quot;&quot;,&quot;created_timestamp&quot;:&quot;0&quot;,&quot;copyright&quot;:&quot;&quot;,&quot;focal_length&quot;:&quot;0&quot;,&quot;iso&quot;:&quot;0&quot;,&quot;shutter_speed&quot;:&quot;0&quot;,&quot;title&quot;:&quot;&quot;,&quot;orientation&quot;:&quot;0&quot;}\" data-image-title=\"dzien-przedsiebiorczosci_2023-3\" data-image-description=\"\" data-image-caption=\"\" data-medium-file=\"https:\/\/zsp1chojna.pl\/wp-content\/uploads\/2023\/08\/dzien-przedsiebiorczosci_2023-3-300x225.jpg\" data-large-file=\"https:\/\/zsp1chojna.pl\/wp-content\/uploads\/2023\/08\/dzien-przedsiebiorczosci_2023-3.jpg\" src=\"https:\/\/zsp1chojna.pl\/wp-content\/uploads\/2023\/08\/dzien-przedsiebiorczosci_2023-3.jpg\" alt=\"Konkurs Przedsi\u0119biorczo\u015b\u0107 na\u00a0co\u00a0dzie\u0144\" class=\"wp-image-1008\" srcset=\"https:\/\/zsp1chojna.pl\/wp-content\/uploads\/2023\/08\/dzien-przedsiebiorczosci_2023-3.jpg 550w, https:\/\/zsp1chojna.pl\/wp-content\/uploads\/2023\/08\/dzien-przedsiebiorczosci_2023-3-300x225.jpg 300w\" sizes=\"auto, (max-width: 550px) 100vw, 550px\" \/><\/figure>\n<\/div>\n\n\n<p class=\"has-text-align-justify\">W&nbsp;tym dniu grupa uczni\u00f3w z&nbsp;klas maturalnych 4bd LO, 4ac LO, 4BIg, 4H\u017bg, pod&nbsp;opiek\u0105 pana Krzysztofa Po\u015bniaka, pani Sylwii \u0141ozi\u0144skiej i&nbsp;pani Karoliny Skibi\u0144skiej wzi\u0119\u0142a udzia\u0142 w&nbsp;Dniach Otwartych Zachodniopomorskiego Uniwersytetu Technologicznego w&nbsp;Szczecinie.<\/p>\n\n\n<div class=\"wp-block-image\">\n<figure class=\"aligncenter size-full\"><img loading=\"lazy\" decoding=\"async\" width=\"550\" height=\"402\" data-attachment-id=\"1001\" data-permalink=\"https:\/\/zsp1chojna.pl\/?attachment_id=1001\" data-orig-file=\"https:\/\/zsp1chojna.pl\/wp-content\/uploads\/2023\/08\/ZUT_dni_otwarte-1.jpg\" data-orig-size=\"550,402\" data-comments-opened=\"1\" data-image-meta=\"{&quot;aperture&quot;:&quot;1.7&quot;,&quot;credit&quot;:&quot;&quot;,&quot;camera&quot;:&quot;SM-A505FN&quot;,&quot;caption&quot;:&quot;&quot;,&quot;created_timestamp&quot;:&quot;1679480492&quot;,&quot;copyright&quot;:&quot;&quot;,&quot;focal_length&quot;:&quot;3.93&quot;,&quot;iso&quot;:&quot;160&quot;,&quot;shutter_speed&quot;:&quot;0.02&quot;,&quot;title&quot;:&quot;&quot;,&quot;orientation&quot;:&quot;1&quot;}\" data-image-title=\"ZUT_dni_otwarte-1\" data-image-description=\"\" data-image-caption=\"\" data-medium-file=\"https:\/\/zsp1chojna.pl\/wp-content\/uploads\/2023\/08\/ZUT_dni_otwarte-1-300x219.jpg\" data-large-file=\"https:\/\/zsp1chojna.pl\/wp-content\/uploads\/2023\/08\/ZUT_dni_otwarte-1.jpg\" src=\"https:\/\/zsp1chojna.pl\/wp-content\/uploads\/2023\/08\/ZUT_dni_otwarte-1.jpg\" alt=\"Uczniowie na wydziale ZUT\" class=\"wp-image-1001\" srcset=\"https:\/\/zsp1chojna.pl\/wp-content\/uploads\/2023\/08\/ZUT_dni_otwarte-1.jpg 550w, https:\/\/zsp1chojna.pl\/wp-content\/uploads\/2023\/08\/ZUT_dni_otwarte-1-300x219.jpg 300w\" sizes=\"auto, (max-width: 550px) 100vw, 550px\" \/><\/figure>\n<\/div>\n\n\n<p class=\"has-text-align-justify\">Wizyta na&nbsp;trzech wydzia\u0142ach: Biologii i&nbsp;Hodowli Zwierz\u0105t, Kszta\u0142towania \u015arodowiska i&nbsp;Rolnictwa oraz&nbsp;Centrum Dydaktyczno-Badawczego Nanotechnologii pozwoli\u0142a uczniom zobaczy\u0107, jak mog\u0142aby wygl\u0105da\u0107 ich przysz\u0142o\u015b\u0107 na&nbsp;jednej z&nbsp;najbardziej innowacyjnych uczelni.<\/p>\n\n\n\n<p><\/p>\n\n\n\n<p class=\"has-text-align-right\">mgr&nbsp;Emilia Marcinkowska<\/p>\n\n\n\n<p class=\"has-text-align-right\">mgr&nbsp;Krzysztof Po\u015bniak<\/p>\n","protected":false},"excerpt":{"rendered":"<p>22&nbsp;marca 2023&nbsp;r. w&nbsp;naszej szkole obchodzili\u015bmy \u201eDzie\u0144 przedsi\u0119biorczo\u015bci\u201d. W&nbsp;ca\u0142e przedsi\u0119wzi\u0119cie z&nbsp;entuzjazmem zaanga\u017cowa\u0142o si\u0119 wielu nauczycieli, zaproszonych go\u015bci oraz&nbsp;uczni\u00f3w. Dzie\u0144 rozpocz\u0105\u0142 si\u0119 spotkaniem z&nbsp;Pani\u0105 Magdalen\u0105 Procher\u0105, przedstawicielem lokalnych firm \u2013 POMOT i&nbsp;PROGRES, [&hellip;]<\/p>\n","protected":false},"author":2,"featured_media":1009,"comment_status":"open","ping_status":"open","sticky":false,"template":"","format":"standard","meta":{"footnotes":""},"categories":[8],"tags":[],"class_list":["post-1006","post","type-post","status-publish","format-standard","has-post-thumbnail","hentry","category-aktualnosci-2022-2023"],"wbAuthor":{"name":"kacper27","link":"https:\/\/zsp1chojna.pl\/?author=2"},"wbDate":"mar 22, 2023","wbCategories":{"space":"<a href=\"https:\/\/zsp1chojna.pl\/?cat=8\" rel=\"category\">Aktualno\u015bci 2022\/2023<\/a>","coma":"<a href=\"https:\/\/zsp1chojna.pl\/?cat=8\" rel=\"category\">Aktualno\u015bci 2022\/2023<\/a>"},"wbComment":0,"yoast_head":"<!-- This site is optimized with the Yoast SEO plugin v20.13 - https:\/\/yoast.com\/wordpress\/plugins\/seo\/ -->\n<title>Obchodzili\u015bmy\u00a0Dzie\u0144 przedsi\u0119biorczo\u015bci - ZSP w Chojnie<\/title>\n<meta name=\"robots\" content=\"index, follow, max-snippet:-1, max-image-preview:large, max-video-preview:-1\" \/>\n<link rel=\"canonical\" href=\"https:\/\/zsp1chojna.pl\/?p=1006\" \/>\n<meta property=\"og:locale\" content=\"pl_PL\" \/>\n<meta property=\"og:type\" content=\"article\" \/>\n<meta property=\"og:title\" content=\"Obchodzili\u015bmy\u00a0Dzie\u0144 przedsi\u0119biorczo\u015bci - ZSP w Chojnie\" \/>\n<meta property=\"og:description\" content=\"22&nbsp;marca 2023&nbsp;r. w&nbsp;naszej szkole obchodzili\u015bmy \u201eDzie\u0144 przedsi\u0119biorczo\u015bci\u201d. W&nbsp;ca\u0142e przedsi\u0119wzi\u0119cie z&nbsp;entuzjazmem zaanga\u017cowa\u0142o si\u0119 wielu nauczycieli, zaproszonych go\u015bci oraz&nbsp;uczni\u00f3w. Dzie\u0144 rozpocz\u0105\u0142 si\u0119 spotkaniem z&nbsp;Pani\u0105 Magdalen\u0105 Procher\u0105, przedstawicielem lokalnych firm \u2013 POMOT i&nbsp;PROGRES, [&hellip;]\" \/>\n<meta property=\"og:url\" content=\"https:\/\/zsp1chojna.pl\/?p=1006\" \/>\n<meta property=\"og:site_name\" content=\"ZSP w Chojnie\" \/>\n<meta property=\"article:published_time\" content=\"2023-03-22T15:19:00+00:00\" \/>\n<meta property=\"article:modified_time\" content=\"2023-10-29T18:02:46+00:00\" \/>\n<meta property=\"og:image\" content=\"https:\/\/zsp1chojna.pl\/wp-content\/uploads\/2023\/08\/dzien-przedsiebiorczosci_2023-2.jpg\" \/>\n\t<meta property=\"og:image:width\" content=\"550\" \/>\n\t<meta property=\"og:image:height\" content=\"412\" \/>\n\t<meta property=\"og:image:type\" content=\"image\/jpeg\" \/>\n<meta name=\"author\" content=\"kacper27\" \/>\n<meta name=\"twitter:card\" content=\"summary_large_image\" \/>\n<meta name=\"twitter:label1\" content=\"Napisane przez\" \/>\n\t<meta name=\"twitter:data1\" content=\"kacper27\" \/>\n\t<meta name=\"twitter:label2\" content=\"Szacowany czas czytania\" \/>\n\t<meta name=\"twitter:data2\" content=\"4 minuty\" \/>\n<script type=\"application\/ld+json\" class=\"yoast-schema-graph\">{\"@context\":\"https:\/\/schema.org\",\"@graph\":[{\"@type\":\"Article\",\"@id\":\"https:\/\/zsp1chojna.pl\/?p=1006#article\",\"isPartOf\":{\"@id\":\"https:\/\/zsp1chojna.pl\/?p=1006\"},\"author\":{\"name\":\"kacper27\",\"@id\":\"https:\/\/zsp1chojna.pl\/#\/schema\/person\/e974e35b71ad4899de9d84ba9baed22f\"},\"headline\":\"Obchodzili\u015bmy\u00a0Dzie\u0144 przedsi\u0119biorczo\u015bci\",\"datePublished\":\"2023-03-22T15:19:00+00:00\",\"dateModified\":\"2023-10-29T18:02:46+00:00\",\"mainEntityOfPage\":{\"@id\":\"https:\/\/zsp1chojna.pl\/?p=1006\"},\"wordCount\":522,\"commentCount\":0,\"publisher\":{\"@id\":\"https:\/\/zsp1chojna.pl\/#organization\"},\"articleSection\":[\"Aktualno\u015bci 2022\/2023\"],\"inLanguage\":\"pl-PL\",\"potentialAction\":[{\"@type\":\"CommentAction\",\"name\":\"Comment\",\"target\":[\"https:\/\/zsp1chojna.pl\/?p=1006#respond\"]}]},{\"@type\":\"WebPage\",\"@id\":\"https:\/\/zsp1chojna.pl\/?p=1006\",\"url\":\"https:\/\/zsp1chojna.pl\/?p=1006\",\"name\":\"Obchodzili\u015bmy\u00a0Dzie\u0144 przedsi\u0119biorczo\u015bci - ZSP w Chojnie\",\"isPartOf\":{\"@id\":\"https:\/\/zsp1chojna.pl\/#website\"},\"datePublished\":\"2023-03-22T15:19:00+00:00\",\"dateModified\":\"2023-10-29T18:02:46+00:00\",\"breadcrumb\":{\"@id\":\"https:\/\/zsp1chojna.pl\/?p=1006#breadcrumb\"},\"inLanguage\":\"pl-PL\",\"potentialAction\":[{\"@type\":\"ReadAction\",\"target\":[\"https:\/\/zsp1chojna.pl\/?p=1006\"]}]},{\"@type\":\"BreadcrumbList\",\"@id\":\"https:\/\/zsp1chojna.pl\/?p=1006#breadcrumb\",\"itemListElement\":[{\"@type\":\"ListItem\",\"position\":1,\"name\":\"Home\",\"item\":\"https:\/\/zsp1chojna.pl\/\"},{\"@type\":\"ListItem\",\"position\":2,\"name\":\"Obchodzili\u015bmy\u00a0Dzie\u0144 przedsi\u0119biorczo\u015bci\"}]},{\"@type\":\"WebSite\",\"@id\":\"https:\/\/zsp1chojna.pl\/#website\",\"url\":\"https:\/\/zsp1chojna.pl\/\",\"name\":\"ZSP w Chojnie\",\"description\":\"\",\"publisher\":{\"@id\":\"https:\/\/zsp1chojna.pl\/#organization\"},\"potentialAction\":[{\"@type\":\"SearchAction\",\"target\":{\"@type\":\"EntryPoint\",\"urlTemplate\":\"https:\/\/zsp1chojna.pl\/?s={search_term_string}\"},\"query-input\":\"required name=search_term_string\"}],\"inLanguage\":\"pl-PL\"},{\"@type\":\"Organization\",\"@id\":\"https:\/\/zsp1chojna.pl\/#organization\",\"name\":\"ZSP w Chojnie\",\"url\":\"https:\/\/zsp1chojna.pl\/\",\"logo\":{\"@type\":\"ImageObject\",\"inLanguage\":\"pl-PL\",\"@id\":\"https:\/\/zsp1chojna.pl\/#\/schema\/logo\/image\/\",\"url\":\"https:\/\/zsp1chojna.pl\/wp-content\/uploads\/2023\/08\/cropped-cropped-cropped-Logo-biale-napis-na-3-wiersze_504-1.png\",\"contentUrl\":\"https:\/\/zsp1chojna.pl\/wp-content\/uploads\/2023\/08\/cropped-cropped-cropped-Logo-biale-napis-na-3-wiersze_504-1.png\",\"width\":504,\"height\":167,\"caption\":\"ZSP w Chojnie\"},\"image\":{\"@id\":\"https:\/\/zsp1chojna.pl\/#\/schema\/logo\/image\/\"}},{\"@type\":\"Person\",\"@id\":\"https:\/\/zsp1chojna.pl\/#\/schema\/person\/e974e35b71ad4899de9d84ba9baed22f\",\"name\":\"kacper27\",\"image\":{\"@type\":\"ImageObject\",\"inLanguage\":\"pl-PL\",\"@id\":\"https:\/\/zsp1chojna.pl\/#\/schema\/person\/image\/\",\"url\":\"https:\/\/secure.gravatar.com\/avatar\/233d005830da7db1760a03aba4b7a8303a369edf5f46a429dfe66f876a3f452c?s=96&d=mm&r=g\",\"contentUrl\":\"https:\/\/secure.gravatar.com\/avatar\/233d005830da7db1760a03aba4b7a8303a369edf5f46a429dfe66f876a3f452c?s=96&d=mm&r=g\",\"caption\":\"kacper27\"},\"url\":\"https:\/\/zsp1chojna.pl\/?author=2\"}]}<\/script>\n<!-- \/ Yoast SEO plugin. -->","yoast_head_json":{"title":"Obchodzili\u015bmy\u00a0Dzie\u0144 przedsi\u0119biorczo\u015bci - ZSP w Chojnie","robots":{"index":"index","follow":"follow","max-snippet":"max-snippet:-1","max-image-preview":"max-image-preview:large","max-video-preview":"max-video-preview:-1"},"canonical":"https:\/\/zsp1chojna.pl\/?p=1006","og_locale":"pl_PL","og_type":"article","og_title":"Obchodzili\u015bmy\u00a0Dzie\u0144 przedsi\u0119biorczo\u015bci - ZSP w Chojnie","og_description":"22&nbsp;marca 2023&nbsp;r. w&nbsp;naszej szkole obchodzili\u015bmy \u201eDzie\u0144 przedsi\u0119biorczo\u015bci\u201d. W&nbsp;ca\u0142e przedsi\u0119wzi\u0119cie z&nbsp;entuzjazmem zaanga\u017cowa\u0142o si\u0119 wielu nauczycieli, zaproszonych go\u015bci oraz&nbsp;uczni\u00f3w. Dzie\u0144 rozpocz\u0105\u0142 si\u0119 spotkaniem z&nbsp;Pani\u0105 Magdalen\u0105 Procher\u0105, przedstawicielem lokalnych firm \u2013 POMOT i&nbsp;PROGRES, [&hellip;]","og_url":"https:\/\/zsp1chojna.pl\/?p=1006","og_site_name":"ZSP w Chojnie","article_published_time":"2023-03-22T15:19:00+00:00","article_modified_time":"2023-10-29T18:02:46+00:00","og_image":[{"width":550,"height":412,"url":"https:\/\/zsp1chojna.pl\/wp-content\/uploads\/2023\/08\/dzien-przedsiebiorczosci_2023-2.jpg","type":"image\/jpeg"}],"author":"kacper27","twitter_card":"summary_large_image","twitter_misc":{"Napisane przez":"kacper27","Szacowany czas czytania":"4 minuty"},"schema":{"@context":"https:\/\/schema.org","@graph":[{"@type":"Article","@id":"https:\/\/zsp1chojna.pl\/?p=1006#article","isPartOf":{"@id":"https:\/\/zsp1chojna.pl\/?p=1006"},"author":{"name":"kacper27","@id":"https:\/\/zsp1chojna.pl\/#\/schema\/person\/e974e35b71ad4899de9d84ba9baed22f"},"headline":"Obchodzili\u015bmy\u00a0Dzie\u0144 przedsi\u0119biorczo\u015bci","datePublished":"2023-03-22T15:19:00+00:00","dateModified":"2023-10-29T18:02:46+00:00","mainEntityOfPage":{"@id":"https:\/\/zsp1chojna.pl\/?p=1006"},"wordCount":522,"commentCount":0,"publisher":{"@id":"https:\/\/zsp1chojna.pl\/#organization"},"articleSection":["Aktualno\u015bci 2022\/2023"],"inLanguage":"pl-PL","potentialAction":[{"@type":"CommentAction","name":"Comment","target":["https:\/\/zsp1chojna.pl\/?p=1006#respond"]}]},{"@type":"WebPage","@id":"https:\/\/zsp1chojna.pl\/?p=1006","url":"https:\/\/zsp1chojna.pl\/?p=1006","name":"Obchodzili\u015bmy\u00a0Dzie\u0144 przedsi\u0119biorczo\u015bci - ZSP w Chojnie","isPartOf":{"@id":"https:\/\/zsp1chojna.pl\/#website"},"datePublished":"2023-03-22T15:19:00+00:00","dateModified":"2023-10-29T18:02:46+00:00","breadcrumb":{"@id":"https:\/\/zsp1chojna.pl\/?p=1006#breadcrumb"},"inLanguage":"pl-PL","potentialAction":[{"@type":"ReadAction","target":["https:\/\/zsp1chojna.pl\/?p=1006"]}]},{"@type":"BreadcrumbList","@id":"https:\/\/zsp1chojna.pl\/?p=1006#breadcrumb","itemListElement":[{"@type":"ListItem","position":1,"name":"Home","item":"https:\/\/zsp1chojna.pl\/"},{"@type":"ListItem","position":2,"name":"Obchodzili\u015bmy\u00a0Dzie\u0144 przedsi\u0119biorczo\u015bci"}]},{"@type":"WebSite","@id":"https:\/\/zsp1chojna.pl\/#website","url":"https:\/\/zsp1chojna.pl\/","name":"ZSP w Chojnie","description":"","publisher":{"@id":"https:\/\/zsp1chojna.pl\/#organization"},"potentialAction":[{"@type":"SearchAction","target":{"@type":"EntryPoint","urlTemplate":"https:\/\/zsp1chojna.pl\/?s={search_term_string}"},"query-input":"required name=search_term_string"}],"inLanguage":"pl-PL"},{"@type":"Organization","@id":"https:\/\/zsp1chojna.pl\/#organization","name":"ZSP w Chojnie","url":"https:\/\/zsp1chojna.pl\/","logo":{"@type":"ImageObject","inLanguage":"pl-PL","@id":"https:\/\/zsp1chojna.pl\/#\/schema\/logo\/image\/","url":"https:\/\/zsp1chojna.pl\/wp-content\/uploads\/2023\/08\/cropped-cropped-cropped-Logo-biale-napis-na-3-wiersze_504-1.png","contentUrl":"https:\/\/zsp1chojna.pl\/wp-content\/uploads\/2023\/08\/cropped-cropped-cropped-Logo-biale-napis-na-3-wiersze_504-1.png","width":504,"height":167,"caption":"ZSP w Chojnie"},"image":{"@id":"https:\/\/zsp1chojna.pl\/#\/schema\/logo\/image\/"}},{"@type":"Person","@id":"https:\/\/zsp1chojna.pl\/#\/schema\/person\/e974e35b71ad4899de9d84ba9baed22f","name":"kacper27","image":{"@type":"ImageObject","inLanguage":"pl-PL","@id":"https:\/\/zsp1chojna.pl\/#\/schema\/person\/image\/","url":"https:\/\/secure.gravatar.com\/avatar\/233d005830da7db1760a03aba4b7a8303a369edf5f46a429dfe66f876a3f452c?s=96&d=mm&r=g","contentUrl":"https:\/\/secure.gravatar.com\/avatar\/233d005830da7db1760a03aba4b7a8303a369edf5f46a429dfe66f876a3f452c?s=96&d=mm&r=g","caption":"kacper27"},"url":"https:\/\/zsp1chojna.pl\/?author=2"}]}},"jetpack_featured_media_url":"https:\/\/zsp1chojna.pl\/wp-content\/uploads\/2023\/08\/dzien-przedsiebiorczosci_2023-2.jpg","_links":{"self":[{"href":"https:\/\/zsp1chojna.pl\/index.php?rest_route=\/wp\/v2\/posts\/1006","targetHints":{"allow":["GET"]}}],"collection":[{"href":"https:\/\/zsp1chojna.pl\/index.php?rest_route=\/wp\/v2\/posts"}],"about":[{"href":"https:\/\/zsp1chojna.pl\/index.php?rest_route=\/wp\/v2\/types\/post"}],"author":[{"embeddable":true,"href":"https:\/\/zsp1chojna.pl\/index.php?rest_route=\/wp\/v2\/users\/2"}],"replies":[{"embeddable":true,"href":"https:\/\/zsp1chojna.pl\/index.php?rest_route=%2Fwp%2Fv2%2Fcomments&post=1006"}],"version-history":[{"count":2,"href":"https:\/\/zsp1chojna.pl\/index.php?rest_route=\/wp\/v2\/posts\/1006\/revisions"}],"predecessor-version":[{"id":6497,"href":"https:\/\/zsp1chojna.pl\/index.php?rest_route=\/wp\/v2\/posts\/1006\/revisions\/6497"}],"wp:featuredmedia":[{"embeddable":true,"href":"https:\/\/zsp1chojna.pl\/index.php?rest_route=\/wp\/v2\/media\/1009"}],"wp:attachment":[{"href":"https:\/\/zsp1chojna.pl\/index.php?rest_route=%2Fwp%2Fv2%2Fmedia&parent=1006"}],"wp:term":[{"taxonomy":"category","embeddable":true,"href":"https:\/\/zsp1chojna.pl\/index.php?rest_route=%2Fwp%2Fv2%2Fcategories&post=1006"},{"taxonomy":"post_tag","embeddable":true,"href":"https:\/\/zsp1chojna.pl\/index.php?rest_route=%2Fwp%2Fv2%2Ftags&post=1006"}],"curies":[{"name":"wp","href":"https:\/\/api.w.org\/{rel}","templated":true}]}}